{"id":842,"date":"2020-06-17T08:38:16","date_gmt":"2020-06-17T06:38:16","guid":{"rendered":"https:\/\/www.meenzer-on-tour.de\/blog\/?p=842"},"modified":"2020-06-17T14:53:53","modified_gmt":"2020-06-17T12:53:53","slug":"aufraeumen-im-eigenen-kopf","status":"publish","type":"post","link":"https:\/\/www.meenzer-on-tour.de\/blog\/aufraeumen-im-eigenen-kopf\/","title":{"rendered":"Aufr\u00e4umen im eigenen Kopf"},"content":{"rendered":"\n<p>Eigentlich ist rein biologisch gesehen alles ganz einfach. Wir sind irgendwann auf diesem Planeten geboren worden. Diese Gemeinsamkeit haben wir alle auf unserer Erde. Die zweite Gemeinsamkeit: Irgendwann gehen bei uns allen die Lichter wieder aus.<\/p>\n\n\n\n<p>Das war es allerdings mit den Gemeinsamkeiten auch schon. Das, was zwischen Geburt und Tod liegt, nennen wir bei Pflanzen, Tieren und Menschen Leben. Das Leben der Pflanzen und der Tiere klammere ich dieses Mal bewusst aus, obwohl es nat\u00fcrlich angebracht ist, diese Lebewesen zu respektieren, zu sch\u00fctzen und sich f\u00fcr sie einzusetzen \u2013 alleine schon deswegen, damit wir und unsere Nachkommen eine lebenswerte Welt vorfinden.<\/p>\n\n\n\n<p>Wir Menschen sind bei der Geburt alle gleich. Kein Kind kommt mit einer implementierten Kreditkarte ohne Limit oder einer eingeimpften Staatsb\u00fcrgerschaft auf die Welt. Wir alle erblicken mehr oder weniger auf dieselbe Art und Weise das Licht der Welt. In eben jenem Moment allerdings gelten bereits Konventionen, die nicht nat\u00fcrlich sind, sondern von Menschen festgelegt wurden.<\/p>\n\n\n\n<p>Welchen Sechser die meisten von uns im \u201eGeburtslotto\u201c hatten, ist uns sicher nicht immer bewusst. Als Deutsche Staatsb\u00fcrger haben wir seit unserer Geburt zahlreiche Privilegien, die uns in die Wiege gelegt wurden \u2013 ohne unser Zutun. Wir h\u00e4tten auch Staatsb\u00fcrger eines der anderen fast 200 L\u00e4nder dieser Welt werden k\u00f6nnen. In den meisten F\u00e4llen w\u00e4re damit der Start ins Leben wahrscheinlich schwieriger ausgefallen. Das f\u00e4llt mir aktuell wieder ein, da wir uns aufgrund der Pandemie in einer Ausnahmesituation befinden: Als Deutsche haben wir eine Bewegungsfreiheit ohne Gleichen. Wir k\u00f6nnen die meisten Ziele dieser Welt besuchen, ohne begr\u00fcnden zu m\u00fcssen, warum wir uns dorthin begeben m\u00f6chten. L\u00e4nder, Grenzen, Staatsb\u00fcrgerschaften sind nicht einfach so vom Himmel gefallen. Manche L\u00e4ndergrenzen wurden von Menschen mit dem Lineal gezogen. F\u00fcr die meisten Menschen auf unserer Welt ist das Passieren einer Grenze ein Ding der Unm\u00f6glichkeit. Die \u00e4lteren unter uns k\u00f6nnen sich noch an die innerdeutsche Grenze erinnern. Wollte man sich von Th\u00fcringen nach Bayern begeben, war das bis 1990 wom\u00f6glich ein Todesurteil. Das ist gerade mal 30 Jahre her \u2013 doch im Vergessen und Verdr\u00e4ngen liegt eine unserer Kernkompetenzen. M\u00f6chten Menschen ihren aktuellen Wohnsitz verlegen, z.B. von Aleppo nach Mainz, dann scheitert das nicht daran, dass ein Ozean dazwischenliegt, sondern daran, dass wir Menschen Grenzen gezogen haben, die das verhindern. Ich durfte diese 1995 in umgekehrter Richtung relativ einfach passieren. Als Deutscher konnte ich mit dem Zug problemlos nach \u00d6sterreich fahren. Ich bekam ein Visum f\u00fcr Ungarn, Rum\u00e4nien und Bulgarien ausgestellt. Die T\u00fcrkei lie\u00df mich mit dem deutschen Pass ohne zus\u00e4tzlichen Papierkram einreisen und auch f\u00fcr Syrien bekam ich, dem Bundesadler auf dem Pass sei Dank, das Visum problemlos ausgestellt. Ich galt als Tourist \u2013 jemand, der aktuell die umgekehrte Route mit einem syrischen Pass nimmt, gilt als Fl\u00fcchtling. Definiert haben das Menschen \u2013 nicht Mutter Natur. Selbstverst\u00e4ndlich wollte ich nur ein paar Tage in Syrien bleiben und umgekehrt m\u00f6chte jemand, der bei uns Schutz sucht, so lange bleiben, bis die Gefahr vor\u00fcber ist. Es geht bei dem Beispiel einfach darum zu zeigen, dass ein St\u00fcck Papier einen gro\u00dfen Unterschied macht \u2013 obwohl die Menschen biologisch gesehen nichts unterscheidet.<\/p>\n\n\n\n<figure class=\"wp-block-image size-large\"><img loading=\"lazy\" decoding=\"async\" width=\"1024\" height=\"780\" src=\"https:\/\/www.meenzer-on-tour.de\/blog\/wp-content\/uploads\/2020\/06\/0551c78e-8671-448b-a199-f2b5aa8a874b.jpeg\" alt=\"\" class=\"wp-image-846\" srcset=\"https:\/\/www.meenzer-on-tour.de\/blog\/wp-content\/uploads\/2020\/06\/0551c78e-8671-448b-a199-f2b5aa8a874b.jpeg 1024w, https:\/\/www.meenzer-on-tour.de\/blog\/wp-content\/uploads\/2020\/06\/0551c78e-8671-448b-a199-f2b5aa8a874b-300x229.jpeg 300w, https:\/\/www.meenzer-on-tour.de\/blog\/wp-content\/uploads\/2020\/06\/0551c78e-8671-448b-a199-f2b5aa8a874b-768x585.jpeg 768w\" sizes=\"auto, (max-width: 767px) 89vw, (max-width: 1000px) 54vw, (max-width: 1071px) 543px, 580px\" \/><figcaption>Voneinander lernen, wie hier in Sierra Leone, ist vielleicht das beste Mittel gegen Rassismus. <\/figcaption><\/figure>\n\n\n\n<p>Kommen wir in Deutschland auf die Welt, ist die Chance relativ hoch, die ersten Tage zu \u00fcberleben. Die Kindersterblichkeit ist weltweit von Land zu Land unterschiedlich. In Singapur, Island, Japan, Monaco und Slowenien liegt sie bei 2 Todesf\u00e4llen pro 1000 Lebendgeborene, bei uns in Deutschland bei 3 und im Tschad bei 72, im Niger bei 79, in der Zentralafrikanischen Republik bei 84, in Somalia bei 93 und in Afghanistan bei 109. Nat\u00fcrlich herrscht in den letztgenannten L\u00e4ndern ein anderes Klima. Das ist sicherlich noch nicht menschengemacht (wird es aber zunehmend, wenn uns Tiere und Pflanzen weiter egal sind). Die hohe Kindersterblichkeit liegt darin nicht begr\u00fcndet. Vielmehr ist sie darauf zur\u00fcckzuf\u00fchren, dass in all diesen L\u00e4ndern B\u00fcrgerkriege die letzten Jahrzehnte gepr\u00e4gt haben. Diese Kriege sind kein Gesetz der Natur, sondern wurden von Menschen vom Zaun gebrochen. Die Gr\u00fcnde liegen teilweise einhundert Jahre zur\u00fcck \u2013 z.B. in der willk\u00fcrlichen Grenzziehung nach dem ersten Weltkrieg. Sofern wir j\u00fcnger als 75 sind, ist die Chance relativ gro\u00df, dass wir noch nie einen Krieg miterleben mussten. Dass seit 1945 in Mitteleuropa Frieden herrscht, sehen wir oft als \u201enat\u00fcrlich\u201c an. Auf meiner Reise 1995 nach Syrien musste ich mich in Budapest entscheiden, ob ich \u00fcber Belgrad oder Bukarest nach Istanbul reisen wollte. Niemand konnte mir in meinem Mainzer Reiseb\u00fcro sagen, wie ich auf dem Landweg in die Metropole am Bosporus gelangen konnte. Daher besa\u00df ich auch ein Visum f\u00fcr Rest-Jugoslawien. Von einer Reise dorthin wurde mir aber damals vom Ausw\u00e4rtigen Amt mittels der mittlerweile bekannten Reisewarnung abgeraten \u2013 weil in dieser Region gerade Krieg herrschte \u2013 eine Tages- und Nachtzugfahrt von Mainz entfernt. Das ist gerade mal 25 Jahre her und geographisch gesehen ebenfalls nicht sehr weit weg von uns.<\/p>\n\n\n\n<p>Sprich \u2013 auf das Timing der Geburt kommt es an. Vor 1945 in Deutschland geboren worden zu sein, war nicht der oben genannte Sechser im Lotto. Und vor 1990 in der Deutschen Demokratischen Republik geboren worden zu sein, vielleicht auch nicht. Ich schreibe \u201evielleicht\u201c, weil ich es nicht miterlebt habe, das Leben in der DDR. Allerdings habe ich, seit ich denken konnte, mit dem Wort \u201eDDR\u201c etwas assoziiert. Ich habe im Fernsehen, im Radio, in der Zeitung \u00fcber dieses Land etwas erfahren. Gespr\u00e4che in der Familie \u00fcber die DDR gab es kaum, weil wir keine Verwandten \u201edr\u00fcben\u201c hatten. Durch all die Einfl\u00fcsse hat sich in meinem Kopf ein Bild der DDR gepr\u00e4gt. Es zeigt, dass ich nicht unvoreingenommen dieser DDR gegen\u00fcbertrat. Ich habe Staatsb\u00fcrger der DDR vor der Wende meines Wissens gar nicht getroffen. Trotzdem hatte ich mir ein Bild gemacht und in meinem Hirn etwas zu \u201eDDR\u201c und den Menschen, die dort lebten, \u201eabgelegt\u201c.<\/p>\n\n\n\n<figure class=\"wp-block-image size-large\"><img loading=\"lazy\" decoding=\"async\" width=\"653\" height=\"497\" src=\"https:\/\/www.meenzer-on-tour.de\/blog\/wp-content\/uploads\/2020\/06\/7d57511f-9b74-451e-b4b0-da28361d4e05.jpeg\" alt=\"\" class=\"wp-image-847\" srcset=\"https:\/\/www.meenzer-on-tour.de\/blog\/wp-content\/uploads\/2020\/06\/7d57511f-9b74-451e-b4b0-da28361d4e05.jpeg 653w, https:\/\/www.meenzer-on-tour.de\/blog\/wp-content\/uploads\/2020\/06\/7d57511f-9b74-451e-b4b0-da28361d4e05-300x228.jpeg 300w\" sizes=\"auto, (max-width: 653px) 100vw, 653px\" \/><figcaption>Die Festung in Dakar, Senegal ist ein Relikt des Sklavenhandels &#8211; von hier wurden Schwarze Menschen nach Amerika verschifft. Der Spruch auf der Stehle blickt hoffnungsvoll in die Zukunft.<\/figcaption><\/figure>\n\n\n\n<p>Neben der \u201erichtigen\u201c Staatsb\u00fcrgerschaft und dem \u201erichtigen\u201c Timing gibt es einen weiteren Faktor bei der Geburt, der den Start ins Leben massiv beeinflusst. Die bereits angesprochene imagin\u00e4re \u201eimplementierte Kreditkarte\u201c ohne Limit. Vor dem Gesetz sind wir Menschen in Deutschland alle gleich. Doch bei der Geburt entscheidet sich schon manchmal der gesamte Lebensweg. Qua Geburt sind wir bereits Erben. \u201eDie Bundesrepublik geh\u00f6rt immer noch zu den OECD-Staaten, in denen der Schulerfolg eines Kindes deutlich enger vom sozio\u00f6konomischen Hintergrund abh\u00e4ngt als in vielen anderen L\u00e4ndern, sagt Andreas Schleicher, OECD-Bildungsdirektor.\u201c (<a rel=\"noreferrer noopener\" href=\"https:\/\/www.spiegel.de\/lebenundlernen\/schule\/oecd-studie-zu-chancengleichheit-deutschland-holt-auf-a-1234411.html\" target=\"_blank\">Spiegel<\/a>, vom 23.10.18) . Will sagen dass der Schulerfolg bei uns sehr wohl davon abh\u00e4ngen kann, ob man in eine finanziell gut ausgestattete Familie, bei der die Eltern Akademiker sind, hineingeboren wird, oder ob man in einer Familie aufw\u00e4chst, die nicht so viel Kohle hat und in der die Eltern wom\u00f6glich kein Abitur gemacht haben. Es macht auch einen Unterschied, mit welchem Geschlecht wir auf die Welt kommen. Die Gleichstellung der Geschlechter ist ein hehres Ziel aber noch lange nicht erreicht.<\/p>\n\n\n\n<p>Mit den bisherigen Zeilen wollte ich ausdr\u00fccken, dass es alles andere als selbstverst\u00e4ndlich ist, dass wir so ein Leben f\u00fchren, wie wir es aktuell f\u00fchren \u2013 im Positiven wie im Negativen. Die Liste der oben genannten Beispiele ist sicher nicht abschlie\u00dfend. Jeder von uns hat Probleme und das Leben stellt uns jeden Tag vor neue Herausforderungen \u2013 das gilt f\u00fcr alle Menschen weltweit. Vielleicht haben die Beispiele gezeigt, dass es Wert ist, die eigene Situation neu zu betrachten. Durch den Ausbruch von Corona hat sich das Leben von uns allen ver\u00e4ndert. Wir mussten in unserem Alltag \u00c4nderungen notgedrungen vornehmen. Wir haben aber auch gelernt, uns und andere zu sch\u00fctzen. Wir haben als Gemeinschaft gezeigt, dass wir bereit sind zu lernen, dass wir \u00c4nderungen in unserem Verhalten vornehmen k\u00f6nnen.<\/p>\n\n\n\n<p>Wir k\u00f6nnen die Welt in ihrer Gesamtheit nicht \u201eretten\u201c. Wir k\u00f6nnen uns f\u00fcr die Schwachen der Gesellschaft engagieren, f\u00fcr die Gleichstellung der Geschlechter, f\u00fcr faire Arbeitsbedingungen, f\u00fcr das Klima und die Natur u.v.m. Das ist alles l\u00f6blich und ich habe gro\u00dfen Respekt vor den Menschen, die sich jeden Tag daf\u00fcr einsetzen, dass die Welt einen Tick \u201ebesser\u201c wird.<\/p>\n\n\n\n<p>Ich erwarte so ein Engagement von Menschen f\u00fcr andere nicht \u2013 gerade weil viele Menschen auch in Deutschland gro\u00dfe Probleme haben. Nat\u00fcrlich haben die eigenen Probleme Priorit\u00e4t. Ich bin allerdings der Meinung, dass wir jeden Menschen nach seinem Handeln und Denken beurteilen sollten \u2013 nicht nach Staatsb\u00fcrgerschaft, Alter, Geschlecht oder finanziellem Hintergrund. Aber das ist leider die graue Theorie. Schlie\u00dflich gibt es da noch etwas, was uns Menschen unterscheidet: Die Hautfarbe.<\/p>\n\n\n\n<p>Wenn man wie ich Rassismus nie erlebt hat, ist es fast unm\u00f6glich, nicht selbst das eine oder andere Mal in rassistische Denkmuster zu verfallen. Wer die bisherigen Zeilen gelesen hat, beweist Ausdauer. Diese Ausdauer kostet Zeit. Diese ist meiner Meinung auch notwendig, um \u201eRassismus [zu] entlernen\u201c, wie Aminata Tour\u00e9, Landtagsvizepr\u00e4sidentin in Schleswig-Holstein sagt. Wir sollten \u201eentlernen\u201c, vielleicht sogar unbewusst, rassistisch zu agieren. Wir sollten Zeit investieren, um Artikel von Menschen zu lesen, die selbst von Rassismus betroffen sind und anschaulich beschreiben, wie Rassismus unterschwellig in unserem Alltag vorkommt \u2013 oft ungewollt und nicht so platt, dass jede*r bemerkt, um was es sich da gerade handelt. Ferner ist die Bereitschaft notwendig, sich in andere Menschen hineinzuversetzen, und sich mit einem Thema auseinanderzusetzen, das einen selbst gar nicht unmittelbar betrifft.<\/p>\n\n\n\n<p>Ich habe die vorletzte Woche den Text von Alice Hasters im Deutschlandfunk gelesen \u201eWarum wei\u00dfe Menschen so gerne gleich sind\u201c. Sie zeigt zahlreiche Ans\u00e4tze auf, mit denen wir unser eigenes Denken und Handeln hinterfragen k\u00f6nnen. Zun\u00e4chst einmal geht es um die Definition von Rassismus. Sie zitiert den amerikanischen Rassismusforscher Ibram X. Kendi, der Rassismus als \u201eJegliche Vorstellung, die eine bestimmte ethnische Gruppe als einer anderen ethnischen Gruppe unterlegen oder \u00fcberlegen betrachtet.\u201c definiert.<\/p>\n\n\n\n<p>Diese Definition muss nach Hasters Meinung allerdings konkretisiert werden. Auf meinen Reisen durch Westafrika konnte ich an vielen Stellen koloniale Spuren des Rassismus an den K\u00fcsten des Senegals und Benins entdecken. Hier sind hunderttausende Schwarze Menschen verschifft worden, um in Amerika als Sklaven zu arbeiten. Organisiert wurde der Handel von Wei\u00dfen, die sich den Schwarzen Menschen schlicht \u00fcberlegen f\u00fchlten. Sie konstruierten \u201eRassen\u201c aufgrund der Hautfarbe. Daher ist die aktuelle Diskussion um das Entfernen des Wortes \u201eRasse\u201c aus dem Grundgesetz auch so wichtig \u2013 es gibt schlicht keine unterschiedlichen Rassen von Menschen. \u201eDas Konzept der Rasse ist das Ergebnis von Rassismus und nicht dessen Voraussetzung\u201c stellt die Deutsche Zoologische Gesellschaft in ihrer Jenaer Erkl\u00e4rung fest.<\/p>\n\n\n\n<figure class=\"wp-block-image size-large\"><img loading=\"lazy\" decoding=\"async\" width=\"1024\" height=\"780\" src=\"https:\/\/www.meenzer-on-tour.de\/blog\/wp-content\/uploads\/2020\/06\/98b5186c-2914-4030-af41-2dc1ec853b28.jpeg\" alt=\"\" class=\"wp-image-848\" srcset=\"https:\/\/www.meenzer-on-tour.de\/blog\/wp-content\/uploads\/2020\/06\/98b5186c-2914-4030-af41-2dc1ec853b28.jpeg 1024w, https:\/\/www.meenzer-on-tour.de\/blog\/wp-content\/uploads\/2020\/06\/98b5186c-2914-4030-af41-2dc1ec853b28-300x229.jpeg 300w, https:\/\/www.meenzer-on-tour.de\/blog\/wp-content\/uploads\/2020\/06\/98b5186c-2914-4030-af41-2dc1ec853b28-768x585.jpeg 768w\" sizes=\"auto, (max-width: 767px) 89vw, (max-width: 1000px) 54vw, (max-width: 1071px) 543px, 580px\" \/><figcaption>Eine &#8222;Norm&#8220; bei Menschen aufzustellen ist abwegig. Daher kann der wei\u00dfe Mensch auch keine Norm sein.<\/figcaption><\/figure>\n\n\n\n<p>\u00a0\u201eWei\u00dfe Menschen haben die Theorie etabliert, dass Charaktereigenschaften, kulturelle und soziale F\u00e4higkeiten mit biologischen Merkmalen zusammenh\u00e4ngen. Dieses System nennt sich White Supremacy \u2013 Wei\u00dfe Vorherrschaft.\u201c so Hasters. Dieses Denken wurde in den letzten Jahrhunderten etabliert. Sklavenhandel wurde mit der Zeit weltweit fast \u00fcberall verboten und auch der Kolonialismus ist seit nunmehr 50 Jahren mehr oder weniger pass\u00e9. Doch es kommt auf das Denken und Handeln von uns an. Papier ist geduldig. Wir sollten uns selbst fragen, ob wir auf einen uns unbekannten Schwarzen Menschen, der uns begegnet, genauso reagieren, wie auf einen Wei\u00dfen. Es muss unertr\u00e4glich sein, jeden Tag auf der Stra\u00dfe anders angeschaut zu werden, als andere Mitb\u00fcrger*innen. Hasters beschreibt diese so genannte \u201eMikroaggression\u201c als \u201eM\u00fcckenstiche\u201c. Wie die Reaktion auf Schwarze Menschen ausf\u00e4llt ist ihrer Meinung nach zun\u00e4chst unerheblich. \u201eRassismus ist nicht erst Rassismus, wenn er b\u00f6se gemeint ist\u201c. Dabei geht es auch um vermeintliche Komplimente, wenn Leute in ihre Haare fassen m\u00f6chten, weil diese \u201eanders\u201c sind. Das Aufstellen einer Norm (wei\u00dfer Mensch ohne Kraushaar) wirkt auf Schwarze Menschen ausgrenzend. 1999 war ich mit einer blondhaarigen Freundin in Westafrika unterwegs. Viele Kinder sind vor ihr weggerannt, weil sie einen Menschen mit blonden Haaren noch nie gesehen haben. Wir haben das damals als lustig empfunden, gerade auch weil die Erwachsenen gelacht haben und die Situation dazu einlud, ins Gespr\u00e4ch zu kommen. Aber wenn tagt\u00e4glich Menschen vor mir eine solche Reaktion zeigen, kann ich die von Hasters erw\u00e4hnten \u201eM\u00fcckenstiche\u201c nachempfinden.<\/p>\n\n\n\n<p>Wenn ich bisher gefragt wurde, warum ich so oft nach Afrika gefahren bin, habe ich meist geantwortet, der wundersch\u00f6nen Natur aber auch der Menschen wegen. Ich habe bei den Schwarzen Menschen verallgemeinert: Coolness, Lebensfreue, Gelassenheit \u2013 das waren manche der Attribute, die ich mit den Menschen in Afrika assoziiert habe. Nach Hasters ist das auch eine Art Rassismus, den ich da an den Tag gelegt habe \u2013 was ich mittlerweile nachvollziehen kann. Schlie\u00dflich wird nicht jeder Mensch Afrikas die genannten Attribute verk\u00f6rpern.<\/p>\n\n\n\n<p>Hasters geht auch auf die Argumentation ein, dass manche Menschen \u201ekeine Hautfarben sehen w\u00fcrden\u201c. Sie ist der Auffassung, dass diese Leute nicht in der Lage sind, Rassismus zu erkennen. Sp\u00e4testens da sind wir an dem Punkt angelangt, dass es notwendig ist, sich in andere Menschen hineinzuversetzen. Daher ist meiner Meinung neben Empathie auch Vertrauen notwendig. Vertrauen gegen\u00fcber Menschen, die sich rassistisch angegangen f\u00fchlen. Das machen diese Menschen nicht, um Aufmerksamkeit f\u00fcr sich zu erhaschen, sondern um auf eine Situation aufmerksam zu machen, die bei n\u00e4herer Betrachtungsweise naheliegt. Diese Menschen haben ein Recht darauf, dass dieses Problem angegangen wird.<\/p>\n\n\n\n<figure class=\"wp-block-image size-large\"><img loading=\"lazy\" decoding=\"async\" width=\"663\" height=\"505\" src=\"https:\/\/www.meenzer-on-tour.de\/blog\/wp-content\/uploads\/2020\/06\/4fb0db00-d3bc-4c3f-9193-518596898c43.jpeg\" alt=\"\" class=\"wp-image-849\" srcset=\"https:\/\/www.meenzer-on-tour.de\/blog\/wp-content\/uploads\/2020\/06\/4fb0db00-d3bc-4c3f-9193-518596898c43.jpeg 663w, https:\/\/www.meenzer-on-tour.de\/blog\/wp-content\/uploads\/2020\/06\/4fb0db00-d3bc-4c3f-9193-518596898c43-300x229.jpeg 300w\" sizes=\"auto, (max-width: 663px) 100vw, 663px\" \/><figcaption>Attribute Menschengruppen generell zu verpassen kann auch Rassismus sein &#8211; jeder Mensch reagiert anders auf diese Verkehrssituation in Cotonou, Benin. Coolness, Gelassenheit etc. empfindet hier sicher jeder von uns anders. <\/figcaption><\/figure>\n\n\n\n<p>Ein weiterer Punkt, den ich mir selbst in der Debatte anlasten muss, ist das N-Wort (wahlweise auch das Z-Wort in Bezug auf Sinti und Roma), das immer noch in der Kinderliteratur Verwendung findet. Selbst nie mit Rassismus konfrontiert habe ich mir \u00fcber dieses nie wirklich Gedanken gemacht, bis ich von guten Freund*innen vor ein paar Jahren darauf hingewiesen wurde. Hasters reagiert auf das N-Wort ziemlich souver\u00e4n, da sie sich in Menschen wie mich hineinversetzt, die sich damit bisher nicht auseinandergesetzt haben. \u201eEs ist das eine, Rassismus zu reproduzieren, weil man ihn nicht erkennt. Es ist etwas anderes, Rassismus zu reproduzieren, weil man die Perspektiven anderer Menschen nicht anerkennt.\u201c. Sobald man dies allerdings erkennt und sich dennoch nicht gegen die Streichung des N-Wortes einsetzt, handelt man rassistisch. Auch dieser Aspekt hat mir zu denken gegeben.<\/p>\n\n\n\n<p>Wir Menschen neigen oft dazu, Sachen aufzuwiegen. Ich gehe gar auf \u201eWhataboutism\u201c ein, sondern bleibe beim Rassismus. Man k\u00f6nnte schlie\u00dflich der Meinung sein, als wei\u00dfer Mensch in Afrika ebenfalls von Rassismus betroffen zu sein, wenn ich dort zum Beispiel mehr f\u00fcr den Bus bezahlen musste als die Einheimischen. Hasters erkennt hier eher die Privilegien, die ich als Wei\u00dfer habe, der dort als reich und h\u00f6hergestellt gilt. Sie erkennt an, dass diese Erfahrungen nicht unbedingt positiv sind \u2013 es wird mir als wei\u00dfem Menschen aber tats\u00e4chlich nicht unterstellt, dass ich kriminell oder sonstwie bedrohlich sei. Das genannte Beispiel mit dem Bus kann \u00e4rgerlich sein, hat aber tats\u00e4chlich nichts mit Rassismus zu tun. Es ist eher die Folge des Rassismus, da durch die Ausbeutung der ehemaligen Kolonien durch die Wei\u00dfen, die \u201eNorm\u201c entstand, dass Wei\u00dfe reich und Schwarze Menschen arm sind.<\/p>\n\n\n\n<p>Ein Privileg von Wei\u00dfen ist es Rassismus zu ignorieren. Hasters schreibt \u201eDie Anerkennung meiner Perspektive ist kein Selbstverst\u00e4ndnis, sie ist ein Kampf.\u201c. Und dass Schweigen nichts bringt, wissen wir alle. Wenn rassistische S\u00e4tze fallen, dann sollten wir das auch \u00e4u\u00dfern. Fangen wir damit im Bekanntenkreis an: in der Familie, auf der Arbeit, in der Kneipe und hoffentlich bald auch wieder im Stadion.<\/p>\n\n\n\n<p>Es sei denn, es ist uns egal, wie wir Menschen miteinander umgehen. Dann h\u00e4tte es aber auch nichts gebracht, diesen langen Text zu lesen. Einfach einmal sein eigenes Denken und Handeln zu hinterfragen kostet kein Geld. Und zu versuchen, andere Menschen ausschlie\u00dflich nach deren Denken und Handeln zu beurteilen auch nicht. Dieses Aufr\u00e4umen im Kopf tut letzten Endes auch mir pers\u00f6nlich gut. In den letzten Jahrzehnten konnte ich mir auch ein Bild von Menschen aus der ehemaligen DDR machen, da ich gl\u00fccklicherweise nach der Wende viele kennengelernt habe. Das pauschale Bild der DDR, das ich in meinem Kopf hatte, habe ich damit auch ersetzen k\u00f6nnen \u2013 durch einzelne Menschen, die ich nach ihrem Denken und Handeln beurteile. \u00a0<\/p>\n\n\n\n<p>Quellen:<\/p>\n\n\n\n<p>Rassismus &#8211; Gr\u00fcnen-Politikerin Tour\u00e9: &#8222;Wir m\u00fcssen Rassismus entlernen&#8220; &#8211; Gesellschaft &#8211; <a rel=\"noreferrer noopener\" href=\"https:\/\/www.sueddeutsche.de\/leben\/rassismus-gruenen-politikerin-toure-wir-muessen-rassismus-entlernen-dpa.urn-newsml-dpa-com-20090101-200603-99-283652\" target=\"_blank\">SZ.de<\/a><\/p>\n\n\n\n<p>Identit\u00e4ten (7\/7) &#8211; Warum wei\u00dfe Menschen so gerne gleich sind &#8211; <a rel=\"noreferrer noopener\" href=\"http:\/\/Identit\u00e4ten (7\/7) - Warum wei\u00dfe Menschen so gerne gleich sind\" target=\"_blank\">Deutschlandfunk<\/a><\/p>\n\n\n\n<p><a href=\"https:\/\/www.dzg-ev.de\/aktuelles\/dzg2019-jenaer-erklaerung\/\" target=\"_blank\" rel=\"noreferrer noopener\">DZG2019<\/a> &#8211; Jenaer Erkl\u00e4rung &#8211; Deutsche Zoologische Gesellschaft e.V.<\/p>\n\n\n\n<ul class=\"wp-block-social-links is-layout-flex wp-block-social-links-is-layout-flex\">\n\n<li class=\"wp-social-link wp-social-link-facebook  wp-block-social-link\"><a href=\"https:\/\/www.facebook.com\/MeenzerOnTour\" class=\"wp-block-social-link-anchor\"><svg width=\"24\" height=\"24\" viewBox=\"0 0 24 24\" version=\"1.1\" xmlns=\"http:\/\/www.w3.org\/2000\/svg\" aria-hidden=\"true\" focusable=\"false\"><path d=\"M12 2C6.5 2 2 6.5 2 12c0 5 3.7 9.1 8.4 9.9v-7H7.9V12h2.5V9.8c0-2.5 1.5-3.9 3.8-3.9 1.1 0 2.2.2 2.2.2v2.5h-1.3c-1.2 0-1.6.8-1.6 1.6V12h2.8l-.4 2.9h-2.3v7C18.3 21.1 22 17 22 12c0-5.5-4.5-10-10-10z\"><\/path><\/svg><span class=\"wp-block-social-link-label screen-reader-text\">Facebook<\/span><\/a><\/li>\n\n<li class=\"wp-social-link wp-social-link-twitter  wp-block-social-link\"><a href=\"https:\/\/twitter.com\/meenzer_on_tour\" class=\"wp-block-social-link-anchor\"><svg width=\"24\" height=\"24\" viewBox=\"0 0 24 24\" version=\"1.1\" xmlns=\"http:\/\/www.w3.org\/2000\/svg\" aria-hidden=\"true\" focusable=\"false\"><path d=\"M22.23,5.924c-0.736,0.326-1.527,0.547-2.357,0.646c0.847-0.508,1.498-1.312,1.804-2.27 c-0.793,0.47-1.671,0.812-2.606,0.996C18.324,4.498,17.257,4,16.077,4c-2.266,0-4.103,1.837-4.103,4.103 c0,0.322,0.036,0.635,0.106,0.935C8.67,8.867,5.647,7.234,3.623,4.751C3.27,5.357,3.067,6.062,3.067,6.814 c0,1.424,0.724,2.679,1.825,3.415c-0.673-0.021-1.305-0.206-1.859-0.513c0,0.017,0,0.034,0,0.052c0,1.988,1.414,3.647,3.292,4.023 c-0.344,0.094-0.707,0.144-1.081,0.144c-0.264,0-0.521-0.026-0.772-0.074c0.522,1.63,2.038,2.816,3.833,2.85 c-1.404,1.1-3.174,1.756-5.096,1.756c-0.331,0-0.658-0.019-0.979-0.057c1.816,1.164,3.973,1.843,6.29,1.843 c7.547,0,11.675-6.252,11.675-11.675c0-0.178-0.004-0.355-0.012-0.531C20.985,7.47,21.68,6.747,22.23,5.924z\"><\/path><\/svg><span class=\"wp-block-social-link-label screen-reader-text\">Twitter<\/span><\/a><\/li>\n\n<li class=\"wp-social-link wp-social-link-instagram  wp-block-social-link\"><a href=\"https:\/\/www.instagram.com\/meenzer_on_tour\/\" class=\"wp-block-social-link-anchor\"><svg width=\"24\" height=\"24\" viewBox=\"0 0 24 24\" version=\"1.1\" xmlns=\"http:\/\/www.w3.org\/2000\/svg\" aria-hidden=\"true\" focusable=\"false\"><path d=\"M12,4.622c2.403,0,2.688,0.009,3.637,0.052c0.877,0.04,1.354,0.187,1.671,0.31c0.42,0.163,0.72,0.358,1.035,0.673 c0.315,0.315,0.51,0.615,0.673,1.035c0.123,0.317,0.27,0.794,0.31,1.671c0.043,0.949,0.052,1.234,0.052,3.637 s-0.009,2.688-0.052,3.637c-0.04,0.877-0.187,1.354-0.31,1.671c-0.163,0.42-0.358,0.72-0.673,1.035 c-0.315,0.315-0.615,0.51-1.035,0.673c-0.317,0.123-0.794,0.27-1.671,0.31c-0.949,0.043-1.233,0.052-3.637,0.052 s-2.688-0.009-3.637-0.052c-0.877-0.04-1.354-0.187-1.671-0.31c-0.42-0.163-0.72-0.358-1.035-0.673 c-0.315-0.315-0.51-0.615-0.673-1.035c-0.123-0.317-0.27-0.794-0.31-1.671C4.631,14.688,4.622,14.403,4.622,12 s0.009-2.688,0.052-3.637c0.04-0.877,0.187-1.354,0.31-1.671c0.163-0.42,0.358-0.72,0.673-1.035 c0.315-0.315,0.615-0.51,1.035-0.673c0.317-0.123,0.794-0.27,1.671-0.31C9.312,4.631,9.597,4.622,12,4.622 M12,3 C9.556,3,9.249,3.01,8.289,3.054C7.331,3.098,6.677,3.25,6.105,3.472C5.513,3.702,5.011,4.01,4.511,4.511 c-0.5,0.5-0.808,1.002-1.038,1.594C3.25,6.677,3.098,7.331,3.054,8.289C3.01,9.249,3,9.556,3,12c0,2.444,0.01,2.751,0.054,3.711 c0.044,0.958,0.196,1.612,0.418,2.185c0.23,0.592,0.538,1.094,1.038,1.594c0.5,0.5,1.002,0.808,1.594,1.038 c0.572,0.222,1.227,0.375,2.185,0.418C9.249,20.99,9.556,21,12,21s2.751-0.01,3.711-0.054c0.958-0.044,1.612-0.196,2.185-0.418 c0.592-0.23,1.094-0.538,1.594-1.038c0.5-0.5,0.808-1.002,1.038-1.594c0.222-0.572,0.375-1.227,0.418-2.185 C20.99,14.751,21,14.444,21,12s-0.01-2.751-0.054-3.711c-0.044-0.958-0.196-1.612-0.418-2.185c-0.23-0.592-0.538-1.094-1.038-1.594 c-0.5-0.5-1.002-0.808-1.594-1.038c-0.572-0.222-1.227-0.375-2.185-0.418C14.751,3.01,14.444,3,12,3L12,3z M12,7.378 c-2.552,0-4.622,2.069-4.622,4.622S9.448,16.622,12,16.622s4.622-2.069,4.622-4.622S14.552,7.378,12,7.378z M12,15 c-1.657,0-3-1.343-3-3s1.343-3,3-3s3,1.343,3,3S13.657,15,12,15z M16.804,6.116c-0.596,0-1.08,0.484-1.08,1.08 s0.484,1.08,1.08,1.08c0.596,0,1.08-0.484,1.08-1.08S17.401,6.116,16.804,6.116z\"><\/path><\/svg><span class=\"wp-block-social-link-label screen-reader-text\">Instagram<\/span><\/a><\/li>\n\n\n\n<\/ul>\n\n\n\n<p><\/p>\n","protected":false},"excerpt":{"rendered":"<p>Eigentlich ist rein biologisch gesehen alles ganz einfach. Wir sind irgendwann auf diesem Planeten geboren worden. Diese Gemeinsamkeit haben wir alle auf unserer Erde. Die zweite Gemeinsamkeit: Irgendwann gehen bei uns allen die Lichter wieder aus. Das war es allerdings mit den Gemeinsamkeiten auch schon. Das, was zwischen Geburt und Tod liegt, nennen wir bei &hellip; <\/p>\n<p class=\"link-more\"><a href=\"https:\/\/www.meenzer-on-tour.de\/blog\/aufraeumen-im-eigenen-kopf\/\" class=\"more-link\"><span class=\"screen-reader-text\">\u201eAufr\u00e4umen im eigenen Kopf\u201c <\/span>weiterlesen<\/a><\/p>\n","protected":false},"author":1,"featured_media":0,"comment_status":"closed","ping_status":"open","sticky":false,"template":"","format":"standard","meta":{"footnotes":""},"categories":[192,87],"tags":[139,251,195,89,250],"class_list":["post-842","post","type-post","status-publish","format-standard","hentry","category-meinung-reisen","category-reisen","tag-afrika","tag-benin","tag-meinung","tag-reisen","tag-senegal"],"yoast_head":"<!-- This site is optimized with the Yoast SEO plugin v27.4 - https:\/\/yoast.com\/product\/yoast-seo-wordpress\/ -->\n<title>Aufr\u00e4umen im eigenen Kopf - Meenzer on Tour Blog<\/title>\n<meta name=\"robots\" content=\"index, follow, max-snippet:-1, max-image-preview:large, max-video-preview:-1\" \/>\n<link rel=\"canonical\" href=\"https:\/\/www.meenzer-on-tour.de\/blog\/aufraeumen-im-eigenen-kopf\/\" \/>\n<meta property=\"og:locale\" content=\"de_DE\" \/>\n<meta property=\"og:type\" content=\"article\" \/>\n<meta property=\"og:title\" content=\"Aufr\u00e4umen im eigenen Kopf - Meenzer on Tour Blog\" \/>\n<meta property=\"og:description\" content=\"Eigentlich ist rein biologisch gesehen alles ganz einfach. Wir sind irgendwann auf diesem Planeten geboren worden. Diese Gemeinsamkeit haben wir alle auf unserer Erde. Die zweite Gemeinsamkeit: Irgendwann gehen bei uns allen die Lichter wieder aus. Das war es allerdings mit den Gemeinsamkeiten auch schon. Das, was zwischen Geburt und Tod liegt, nennen wir bei &hellip; \u201eAufr\u00e4umen im eigenen Kopf\u201c weiterlesen\" \/>\n<meta property=\"og:url\" content=\"https:\/\/www.meenzer-on-tour.de\/blog\/aufraeumen-im-eigenen-kopf\/\" \/>\n<meta property=\"og:site_name\" content=\"Meenzer on Tour Blog\" \/>\n<meta property=\"article:published_time\" content=\"2020-06-17T06:38:16+00:00\" \/>\n<meta property=\"article:modified_time\" content=\"2020-06-17T12:53:53+00:00\" \/>\n<meta property=\"og:image\" content=\"https:\/\/www.meenzer-on-tour.de\/blog\/wp-content\/uploads\/2020\/06\/0551c78e-8671-448b-a199-f2b5aa8a874b.jpeg\" \/>\n<meta name=\"author\" content=\"Christoph\" \/>\n<meta name=\"twitter:card\" content=\"summary_large_image\" \/>\n<meta name=\"twitter:label1\" content=\"Verfasst von\" \/>\n\t<meta name=\"twitter:data1\" content=\"Christoph\" \/>\n\t<meta name=\"twitter:label2\" content=\"Gesch\u00e4tzte Lesezeit\" \/>\n\t<meta name=\"twitter:data2\" content=\"14\u00a0Minuten\" \/>\n<script type=\"application\/ld+json\" class=\"yoast-schema-graph\">{\"@context\":\"https:\\\/\\\/schema.org\",\"@graph\":[{\"@type\":\"Article\",\"@id\":\"https:\\\/\\\/www.meenzer-on-tour.de\\\/blog\\\/aufraeumen-im-eigenen-kopf\\\/#article\",\"isPartOf\":{\"@id\":\"https:\\\/\\\/www.meenzer-on-tour.de\\\/blog\\\/aufraeumen-im-eigenen-kopf\\\/\"},\"author\":{\"name\":\"Christoph\",\"@id\":\"https:\\\/\\\/www.meenzer-on-tour.de\\\/blog\\\/#\\\/schema\\\/person\\\/e8a97e9efa1062d69a2cbb01f96b919f\"},\"headline\":\"Aufr\u00e4umen im eigenen Kopf\",\"datePublished\":\"2020-06-17T06:38:16+00:00\",\"dateModified\":\"2020-06-17T12:53:53+00:00\",\"mainEntityOfPage\":{\"@id\":\"https:\\\/\\\/www.meenzer-on-tour.de\\\/blog\\\/aufraeumen-im-eigenen-kopf\\\/\"},\"wordCount\":2813,\"publisher\":{\"@id\":\"https:\\\/\\\/www.meenzer-on-tour.de\\\/blog\\\/#\\\/schema\\\/person\\\/e8a97e9efa1062d69a2cbb01f96b919f\"},\"image\":{\"@id\":\"https:\\\/\\\/www.meenzer-on-tour.de\\\/blog\\\/aufraeumen-im-eigenen-kopf\\\/#primaryimage\"},\"thumbnailUrl\":\"https:\\\/\\\/www.meenzer-on-tour.de\\\/blog\\\/wp-content\\\/uploads\\\/2020\\\/06\\\/0551c78e-8671-448b-a199-f2b5aa8a874b.jpeg\",\"keywords\":[\"Afrika\",\"Benin\",\"Meinung\",\"Reisen\",\"Senegal\"],\"articleSection\":[\"Meinung\",\"Reisen\"],\"inLanguage\":\"de\"},{\"@type\":\"WebPage\",\"@id\":\"https:\\\/\\\/www.meenzer-on-tour.de\\\/blog\\\/aufraeumen-im-eigenen-kopf\\\/\",\"url\":\"https:\\\/\\\/www.meenzer-on-tour.de\\\/blog\\\/aufraeumen-im-eigenen-kopf\\\/\",\"name\":\"Aufr\u00e4umen im eigenen Kopf - Meenzer on Tour Blog\",\"isPartOf\":{\"@id\":\"https:\\\/\\\/www.meenzer-on-tour.de\\\/blog\\\/#website\"},\"primaryImageOfPage\":{\"@id\":\"https:\\\/\\\/www.meenzer-on-tour.de\\\/blog\\\/aufraeumen-im-eigenen-kopf\\\/#primaryimage\"},\"image\":{\"@id\":\"https:\\\/\\\/www.meenzer-on-tour.de\\\/blog\\\/aufraeumen-im-eigenen-kopf\\\/#primaryimage\"},\"thumbnailUrl\":\"https:\\\/\\\/www.meenzer-on-tour.de\\\/blog\\\/wp-content\\\/uploads\\\/2020\\\/06\\\/0551c78e-8671-448b-a199-f2b5aa8a874b.jpeg\",\"datePublished\":\"2020-06-17T06:38:16+00:00\",\"dateModified\":\"2020-06-17T12:53:53+00:00\",\"breadcrumb\":{\"@id\":\"https:\\\/\\\/www.meenzer-on-tour.de\\\/blog\\\/aufraeumen-im-eigenen-kopf\\\/#breadcrumb\"},\"inLanguage\":\"de\",\"potentialAction\":[{\"@type\":\"ReadAction\",\"target\":[\"https:\\\/\\\/www.meenzer-on-tour.de\\\/blog\\\/aufraeumen-im-eigenen-kopf\\\/\"]}]},{\"@type\":\"ImageObject\",\"inLanguage\":\"de\",\"@id\":\"https:\\\/\\\/www.meenzer-on-tour.de\\\/blog\\\/aufraeumen-im-eigenen-kopf\\\/#primaryimage\",\"url\":\"https:\\\/\\\/www.meenzer-on-tour.de\\\/blog\\\/wp-content\\\/uploads\\\/2020\\\/06\\\/0551c78e-8671-448b-a199-f2b5aa8a874b.jpeg\",\"contentUrl\":\"https:\\\/\\\/www.meenzer-on-tour.de\\\/blog\\\/wp-content\\\/uploads\\\/2020\\\/06\\\/0551c78e-8671-448b-a199-f2b5aa8a874b.jpeg\",\"width\":1024,\"height\":780},{\"@type\":\"BreadcrumbList\",\"@id\":\"https:\\\/\\\/www.meenzer-on-tour.de\\\/blog\\\/aufraeumen-im-eigenen-kopf\\\/#breadcrumb\",\"itemListElement\":[{\"@type\":\"ListItem\",\"position\":1,\"name\":\"Startseite\",\"item\":\"https:\\\/\\\/www.meenzer-on-tour.de\\\/blog\\\/\"},{\"@type\":\"ListItem\",\"position\":2,\"name\":\"Aufr\u00e4umen im eigenen Kopf\"}]},{\"@type\":\"WebSite\",\"@id\":\"https:\\\/\\\/www.meenzer-on-tour.de\\\/blog\\\/#website\",\"url\":\"https:\\\/\\\/www.meenzer-on-tour.de\\\/blog\\\/\",\"name\":\"Meenzer on Tour Blog\",\"description\":\"Reisen - Fankultur - B&uuml;cher - Mainz\",\"publisher\":{\"@id\":\"https:\\\/\\\/www.meenzer-on-tour.de\\\/blog\\\/#\\\/schema\\\/person\\\/e8a97e9efa1062d69a2cbb01f96b919f\"},\"potentialAction\":[{\"@type\":\"SearchAction\",\"target\":{\"@type\":\"EntryPoint\",\"urlTemplate\":\"https:\\\/\\\/www.meenzer-on-tour.de\\\/blog\\\/?s={search_term_string}\"},\"query-input\":{\"@type\":\"PropertyValueSpecification\",\"valueRequired\":true,\"valueName\":\"search_term_string\"}}],\"inLanguage\":\"de\"},{\"@type\":[\"Person\",\"Organization\"],\"@id\":\"https:\\\/\\\/www.meenzer-on-tour.de\\\/blog\\\/#\\\/schema\\\/person\\\/e8a97e9efa1062d69a2cbb01f96b919f\",\"name\":\"Christoph\",\"image\":{\"@type\":\"ImageObject\",\"inLanguage\":\"de\",\"@id\":\"https:\\\/\\\/www.meenzer-on-tour.de\\\/blog\\\/wp-content\\\/uploads\\\/2021\\\/08\\\/A107190A-FC35-48EA-8B44-CF4EB9117345.jpeg\",\"url\":\"https:\\\/\\\/www.meenzer-on-tour.de\\\/blog\\\/wp-content\\\/uploads\\\/2021\\\/08\\\/A107190A-FC35-48EA-8B44-CF4EB9117345.jpeg\",\"contentUrl\":\"https:\\\/\\\/www.meenzer-on-tour.de\\\/blog\\\/wp-content\\\/uploads\\\/2021\\\/08\\\/A107190A-FC35-48EA-8B44-CF4EB9117345.jpeg\",\"width\":2000,\"height\":1200,\"caption\":\"Christoph\"},\"logo\":{\"@id\":\"https:\\\/\\\/www.meenzer-on-tour.de\\\/blog\\\/wp-content\\\/uploads\\\/2021\\\/08\\\/A107190A-FC35-48EA-8B44-CF4EB9117345.jpeg\"},\"url\":\"https:\\\/\\\/www.meenzer-on-tour.de\\\/blog\\\/author\\\/admin\\\/\"}]}<\/script>\n<!-- \/ Yoast SEO plugin. -->","yoast_head_json":{"title":"Aufr\u00e4umen im eigenen Kopf - Meenzer on Tour Blog","robots":{"index":"index","follow":"follow","max-snippet":"max-snippet:-1","max-image-preview":"max-image-preview:large","max-video-preview":"max-video-preview:-1"},"canonical":"https:\/\/www.meenzer-on-tour.de\/blog\/aufraeumen-im-eigenen-kopf\/","og_locale":"de_DE","og_type":"article","og_title":"Aufr\u00e4umen im eigenen Kopf - Meenzer on Tour Blog","og_description":"Eigentlich ist rein biologisch gesehen alles ganz einfach. Wir sind irgendwann auf diesem Planeten geboren worden. Diese Gemeinsamkeit haben wir alle auf unserer Erde. Die zweite Gemeinsamkeit: Irgendwann gehen bei uns allen die Lichter wieder aus. Das war es allerdings mit den Gemeinsamkeiten auch schon. Das, was zwischen Geburt und Tod liegt, nennen wir bei &hellip; \u201eAufr\u00e4umen im eigenen Kopf\u201c weiterlesen","og_url":"https:\/\/www.meenzer-on-tour.de\/blog\/aufraeumen-im-eigenen-kopf\/","og_site_name":"Meenzer on Tour Blog","article_published_time":"2020-06-17T06:38:16+00:00","article_modified_time":"2020-06-17T12:53:53+00:00","og_image":[{"url":"https:\/\/www.meenzer-on-tour.de\/blog\/wp-content\/uploads\/2020\/06\/0551c78e-8671-448b-a199-f2b5aa8a874b.jpeg","type":"","width":"","height":""}],"author":"Christoph","twitter_card":"summary_large_image","twitter_misc":{"Verfasst von":"Christoph","Gesch\u00e4tzte Lesezeit":"14\u00a0Minuten"},"schema":{"@context":"https:\/\/schema.org","@graph":[{"@type":"Article","@id":"https:\/\/www.meenzer-on-tour.de\/blog\/aufraeumen-im-eigenen-kopf\/#article","isPartOf":{"@id":"https:\/\/www.meenzer-on-tour.de\/blog\/aufraeumen-im-eigenen-kopf\/"},"author":{"name":"Christoph","@id":"https:\/\/www.meenzer-on-tour.de\/blog\/#\/schema\/person\/e8a97e9efa1062d69a2cbb01f96b919f"},"headline":"Aufr\u00e4umen im eigenen Kopf","datePublished":"2020-06-17T06:38:16+00:00","dateModified":"2020-06-17T12:53:53+00:00","mainEntityOfPage":{"@id":"https:\/\/www.meenzer-on-tour.de\/blog\/aufraeumen-im-eigenen-kopf\/"},"wordCount":2813,"publisher":{"@id":"https:\/\/www.meenzer-on-tour.de\/blog\/#\/schema\/person\/e8a97e9efa1062d69a2cbb01f96b919f"},"image":{"@id":"https:\/\/www.meenzer-on-tour.de\/blog\/aufraeumen-im-eigenen-kopf\/#primaryimage"},"thumbnailUrl":"https:\/\/www.meenzer-on-tour.de\/blog\/wp-content\/uploads\/2020\/06\/0551c78e-8671-448b-a199-f2b5aa8a874b.jpeg","keywords":["Afrika","Benin","Meinung","Reisen","Senegal"],"articleSection":["Meinung","Reisen"],"inLanguage":"de"},{"@type":"WebPage","@id":"https:\/\/www.meenzer-on-tour.de\/blog\/aufraeumen-im-eigenen-kopf\/","url":"https:\/\/www.meenzer-on-tour.de\/blog\/aufraeumen-im-eigenen-kopf\/","name":"Aufr\u00e4umen im eigenen Kopf - Meenzer on Tour Blog","isPartOf":{"@id":"https:\/\/www.meenzer-on-tour.de\/blog\/#website"},"primaryImageOfPage":{"@id":"https:\/\/www.meenzer-on-tour.de\/blog\/aufraeumen-im-eigenen-kopf\/#primaryimage"},"image":{"@id":"https:\/\/www.meenzer-on-tour.de\/blog\/aufraeumen-im-eigenen-kopf\/#primaryimage"},"thumbnailUrl":"https:\/\/www.meenzer-on-tour.de\/blog\/wp-content\/uploads\/2020\/06\/0551c78e-8671-448b-a199-f2b5aa8a874b.jpeg","datePublished":"2020-06-17T06:38:16+00:00","dateModified":"2020-06-17T12:53:53+00:00","breadcrumb":{"@id":"https:\/\/www.meenzer-on-tour.de\/blog\/aufraeumen-im-eigenen-kopf\/#breadcrumb"},"inLanguage":"de","potentialAction":[{"@type":"ReadAction","target":["https:\/\/www.meenzer-on-tour.de\/blog\/aufraeumen-im-eigenen-kopf\/"]}]},{"@type":"ImageObject","inLanguage":"de","@id":"https:\/\/www.meenzer-on-tour.de\/blog\/aufraeumen-im-eigenen-kopf\/#primaryimage","url":"https:\/\/www.meenzer-on-tour.de\/blog\/wp-content\/uploads\/2020\/06\/0551c78e-8671-448b-a199-f2b5aa8a874b.jpeg","contentUrl":"https:\/\/www.meenzer-on-tour.de\/blog\/wp-content\/uploads\/2020\/06\/0551c78e-8671-448b-a199-f2b5aa8a874b.jpeg","width":1024,"height":780},{"@type":"BreadcrumbList","@id":"https:\/\/www.meenzer-on-tour.de\/blog\/aufraeumen-im-eigenen-kopf\/#breadcrumb","itemListElement":[{"@type":"ListItem","position":1,"name":"Startseite","item":"https:\/\/www.meenzer-on-tour.de\/blog\/"},{"@type":"ListItem","position":2,"name":"Aufr\u00e4umen im eigenen Kopf"}]},{"@type":"WebSite","@id":"https:\/\/www.meenzer-on-tour.de\/blog\/#website","url":"https:\/\/www.meenzer-on-tour.de\/blog\/","name":"Meenzer on Tour Blog","description":"Reisen - Fankultur - B&uuml;cher - Mainz","publisher":{"@id":"https:\/\/www.meenzer-on-tour.de\/blog\/#\/schema\/person\/e8a97e9efa1062d69a2cbb01f96b919f"},"potentialAction":[{"@type":"SearchAction","target":{"@type":"EntryPoint","urlTemplate":"https:\/\/www.meenzer-on-tour.de\/blog\/?s={search_term_string}"},"query-input":{"@type":"PropertyValueSpecification","valueRequired":true,"valueName":"search_term_string"}}],"inLanguage":"de"},{"@type":["Person","Organization"],"@id":"https:\/\/www.meenzer-on-tour.de\/blog\/#\/schema\/person\/e8a97e9efa1062d69a2cbb01f96b919f","name":"Christoph","image":{"@type":"ImageObject","inLanguage":"de","@id":"https:\/\/www.meenzer-on-tour.de\/blog\/wp-content\/uploads\/2021\/08\/A107190A-FC35-48EA-8B44-CF4EB9117345.jpeg","url":"https:\/\/www.meenzer-on-tour.de\/blog\/wp-content\/uploads\/2021\/08\/A107190A-FC35-48EA-8B44-CF4EB9117345.jpeg","contentUrl":"https:\/\/www.meenzer-on-tour.de\/blog\/wp-content\/uploads\/2021\/08\/A107190A-FC35-48EA-8B44-CF4EB9117345.jpeg","width":2000,"height":1200,"caption":"Christoph"},"logo":{"@id":"https:\/\/www.meenzer-on-tour.de\/blog\/wp-content\/uploads\/2021\/08\/A107190A-FC35-48EA-8B44-CF4EB9117345.jpeg"},"url":"https:\/\/www.meenzer-on-tour.de\/blog\/author\/admin\/"}]}},"_links":{"self":[{"href":"https:\/\/www.meenzer-on-tour.de\/blog\/wp-json\/wp\/v2\/posts\/842","targetHints":{"allow":["GET"]}}],"collection":[{"href":"https:\/\/www.meenzer-on-tour.de\/blog\/wp-json\/wp\/v2\/posts"}],"about":[{"href":"https:\/\/www.meenzer-on-tour.de\/blog\/wp-json\/wp\/v2\/types\/post"}],"author":[{"embeddable":true,"href":"https:\/\/www.meenzer-on-tour.de\/blog\/wp-json\/wp\/v2\/users\/1"}],"replies":[{"embeddable":true,"href":"https:\/\/www.meenzer-on-tour.de\/blog\/wp-json\/wp\/v2\/comments?post=842"}],"version-history":[{"count":17,"href":"https:\/\/www.meenzer-on-tour.de\/blog\/wp-json\/wp\/v2\/posts\/842\/revisions"}],"predecessor-version":[{"id":864,"href":"https:\/\/www.meenzer-on-tour.de\/blog\/wp-json\/wp\/v2\/posts\/842\/revisions\/864"}],"wp:attachment":[{"href":"https:\/\/www.meenzer-on-tour.de\/blog\/wp-json\/wp\/v2\/media?parent=842"}],"wp:term":[{"taxonomy":"category","embeddable":true,"href":"https:\/\/www.meenzer-on-tour.de\/blog\/wp-json\/wp\/v2\/categories?post=842"},{"taxonomy":"post_tag","embeddable":true,"href":"https:\/\/www.meenzer-on-tour.de\/blog\/wp-json\/wp\/v2\/tags?post=842"}],"curies":[{"name":"wp","href":"https:\/\/api.w.org\/{rel}","templated":true}]}}