{"id":812,"date":"2020-05-21T09:03:06","date_gmt":"2020-05-21T07:03:06","guid":{"rendered":"https:\/\/www.meenzer-on-tour.de\/blog\/?p=812"},"modified":"2020-05-21T11:03:43","modified_gmt":"2020-05-21T09:03:43","slug":"fair-waschen-ja-bitte","status":"publish","type":"post","link":"https:\/\/www.meenzer-on-tour.de\/blog\/fair-waschen-ja-bitte\/","title":{"rendered":"Faires H\u00e4ndewaschen, ja bitte!"},"content":{"rendered":"\n<p>Teil 3 \u2013 Nachhaltige Handhygiene und mehr<\/p>\n\n\n\n<p><em>\u201eDie beste Bildung findet ein gescheiter Mensch auf Reisen\u201c stellte kein geringerer als Johann Wolfgang von Goethe statt. Dieser Satz ist in den letzten Jahren etwas in den Hintergrund ger\u00fcckt. Schlie\u00dflich wurden Reisen in der Debatte um den Klimaschutz relativ oft auf Ausfl\u00fcge mit dem Billigflieger nach Malle reduziert. Dass wir beim Reisen unser Bewusstsein mit unseren Sinnen erweitern, Vorurteile abbauen und die Einheimischen vor Ort mit unserem Geld unterst\u00fctzen und damit letztlich Fluchtursachen bek\u00e4mpfen, ist in der Klimadebatte komplett untergegangen. Nun ist die Klimadebatte selbst fast vom Bildschirm verschwunden. Mittlerweile dreht sich nun vieles um Verhaltensweisen, die f\u00fcr Reisende bereits vor der aktuellen Krise selbstverst\u00e4ndlich waren: Es geht um das Tragen von Masken, das \u201eHamstern\u201c von Klorollen, das gr\u00fcndliche H\u00e4ndewaschen und die regelm\u00e4\u00dfige Auffrischung von Impfungen. Gleichzeitig wird in dieser besonderen Zeit an Solidarit\u00e4t, Disziplin und Respekt appelliert, sprich an ein faires Verhalten den Mitmenschen gegen\u00fcber. Rund um die vier genannten Punkte ergeben sich meiner Meinung nach M\u00f6glichkeiten, faires Agieren mit sinnvollen Ver\u00e4nderungen des eigenen Verhaltens im Alltag zu kombinieren. Und vielleicht eignen sich manche Verhaltensweisen auch f\u00fcr den Alltag nach der Krise.<\/em><\/p>\n\n\n\n<p>In den ersten beiden Teilen dieser Serie widmete ich mich dem Umgang mit <a rel=\"noreferrer noopener\" href=\"https:\/\/www.meenzer-on-tour.de\/blog\/fairmummung-ja-bitte\/\" target=\"_blank\">Masken<\/a> und <a rel=\"noreferrer noopener\" href=\"https:\/\/www.meenzer-on-tour.de\/blog\/faire-geschaefte-erledigen-ja-bitte\/\" target=\"_blank\">Toilettenpapier<\/a>. Erstere sind in vielen Weltgegenden bereits vor Covid-19 Standard gewesen. Letzteres gibt es in vielen Regionen unserer Erde gar nicht zu kaufen. Das bedeutet nat\u00fcrlich nicht, dass es in anderen Kulturen unhygienisch zugeht \u2013 nur hygienisch auf eine andere Art und Weise. Durch die Verwendung von fair produzierten Masken und anderen Stoffprodukten aus Bio-Baumwolle bzw. die Nutzung von Toilettenpapier auf Recycling- oder Bambus-Basis l\u00e4sst sich w\u00e4hrende und nach der Krise fair konsumieren.<\/p>\n\n\n\n<figure class=\"wp-block-image size-large\"><img loading=\"lazy\" decoding=\"async\" width=\"1024\" height=\"682\" src=\"https:\/\/www.meenzer-on-tour.de\/blog\/wp-content\/uploads\/2020\/05\/IMG_34151-1024x682.jpg\" alt=\"\" class=\"wp-image-823\" srcset=\"https:\/\/www.meenzer-on-tour.de\/blog\/wp-content\/uploads\/2020\/05\/IMG_34151-1024x682.jpg 1024w, https:\/\/www.meenzer-on-tour.de\/blog\/wp-content\/uploads\/2020\/05\/IMG_34151-300x200.jpg 300w, https:\/\/www.meenzer-on-tour.de\/blog\/wp-content\/uploads\/2020\/05\/IMG_34151-768x511.jpg 768w, https:\/\/www.meenzer-on-tour.de\/blog\/wp-content\/uploads\/2020\/05\/IMG_34151-1536x1022.jpg 1536w, https:\/\/www.meenzer-on-tour.de\/blog\/wp-content\/uploads\/2020\/05\/IMG_34151.jpg 1920w\" sizes=\"auto, (max-width: 767px) 89vw, (max-width: 1000px) 54vw, (max-width: 1071px) 543px, 580px\" \/><figcaption>H\u00e4ndewaschen liegt mittlerweile voll im Trend &#8211; als Nebeneffekt k\u00f6nnen wir uns mit anderen Menschen sogar solidarisieren und sie w\u00e4hrend Covid-19 besonders unterst\u00fctzen.<\/figcaption><\/figure>\n\n\n\n<p>Teilweise ging es au\u00dferhalb Deutschlands bis zum Ausbruch von Covid-19 sogar ein St\u00fcck weit hygienischer zu. Daf\u00fcr m\u00fcssen wir nur ein paar Kilometer \u00fcber die hoffentlich bald wieder ge\u00f6ffnete deutsch-franz\u00f6sische Grenze fahren. Bestellten wir dort oder auch in Baku (Aserbaidschan) w\u00e4hrend des Aufenthalts f\u00fcr das EuropaLeague-Ausw\u00e4rtsspiel bei Q\u00e4b\u00e4l\u00e4 ein Eis in der Waffel, wurde es in einer kleinen Papiert\u00fcte um die Eiswaffel gereicht. Wer sich an die letzten Sommer bei uns erinnert, wei\u00df, dass in den meisten F\u00e4llen die Eiskugeln in der Eiswaffel landeten und die Eisverk\u00e4ufer*innen uns die Waffel mit den blo\u00dfen H\u00e4nden \u00fcberreichte. Danach wurde mit ihnen abkassiert und die dreckigen M\u00fcnzen in Empfang genommen, ehe wieder mit den blo\u00dfen H\u00e4nden die n\u00e4chste Waffel bef\u00fcllt wurde. Oder nehmen wir den Gang bei uns zur B\u00e4ckerei. Auch dort wurde bis dato oft das Br\u00f6tchen oder Teilchen mit den blo\u00dfen H\u00e4nden angefasst und in die T\u00fcte gesteckt. Auch hier geht es im Ausland bereits seit Jahren oft hygienischer vor, indem Backwaren mit Handschuhen angegriffen werden und eine andere Person abkassierte oder die Handschuhe auf einem sauberen Platz abgelegt wurden, ehe es an das Abkassieren ging. Mittlerweile gibt es auch bei uns unter anderem f\u00fcr Eisdielen und B\u00e4ckereien strengere Hygieneauflagen und die genannten ganz simplen Standards, die ich von meinen Reisen her kannte, sind bei uns endlich auch Usus.<\/p>\n\n\n\n<figure class=\"wp-block-image size-large\"><img loading=\"lazy\" decoding=\"async\" width=\"1024\" height=\"819\" src=\"https:\/\/www.meenzer-on-tour.de\/blog\/wp-content\/uploads\/2020\/05\/CHGP49991-1024x819.jpeg\" alt=\"\" class=\"wp-image-814\" srcset=\"https:\/\/www.meenzer-on-tour.de\/blog\/wp-content\/uploads\/2020\/05\/CHGP49991-1024x819.jpeg 1024w, https:\/\/www.meenzer-on-tour.de\/blog\/wp-content\/uploads\/2020\/05\/CHGP49991-300x240.jpeg 300w, https:\/\/www.meenzer-on-tour.de\/blog\/wp-content\/uploads\/2020\/05\/CHGP49991-768x614.jpeg 768w, https:\/\/www.meenzer-on-tour.de\/blog\/wp-content\/uploads\/2020\/05\/CHGP49991-1536x1229.jpeg 1536w, https:\/\/www.meenzer-on-tour.de\/blog\/wp-content\/uploads\/2020\/05\/CHGP49991-2048x1638.jpeg 2048w\" sizes=\"auto, (max-width: 767px) 89vw, (max-width: 1000px) 54vw, (max-width: 1071px) 543px, 580px\" \/><figcaption>Eist\u00fcten werden nun auch in Mainz in einer Papiert\u00fcte serviert. Schlie\u00dflich k\u00f6nnen die Eisverk\u00e4ufer*innen sich nicht nach jeder verkauften T\u00fcte die H\u00e4nde waschen.<\/figcaption><\/figure>\n\n\n\n<p>In vielen L\u00e4ndern der Welt sind Messer, Gabel und St\u00e4bchen nat\u00fcrlich nicht vollkommen unbekannt, liegen aber eigentlich nicht im Trend, um die leckeren Speisen zu verzehren. Besteck ist dort einfach kein Teil der Esskultur. In S\u00fcdindien beispielsweise werden viele Currys mit Reis auf einem Bananenblatt ziemlich umweltfreundlich serviert: kein Einweggeschirr, kein Einwegbesteck, keine Servietten. Da das Essen mit der rechten Hand zum Mund gef\u00fchrt wird, ist es vollkommen normal, dass man sich sp\u00e4testens nach dem Bestellen im Restaurant die H\u00e4nde gr\u00fcndlich mit Seife w\u00e4scht. Denn die Hemmschwelle mit dreckigen Fingern zu Essen liegt nat\u00fcrlich wesentlich niedriger, wenn man kein Besteck zur Hand hat als mit dreckigen Fingern Messer und Gabel zu nutzen. In vielen L\u00e4ndern der Welt wird auch Fladenbrot zum Essen gereicht, zum Beispiel in den arabischen L\u00e4ndern. Auch dort brechen die Menschen vor dem Essen vom Tisch auf, um sich die H\u00e4nde vor dem Essen nochmal gr\u00fcndlich zu reinigen. Auch nach dem Essen ist es vollkommen normal sich die H\u00e4nde wieder mit Seife zu waschen. Schlie\u00dflich m\u00f6chte man nat\u00fcrlich nicht, dass man auch Stunden sp\u00e4ter am Geruch der H\u00e4nde erkennen kann, was es zu Mittag oder zum Abendessen gab. Daher gibt es Wasserh\u00e4hne mit Seife meistens sogar im Speiseraum selbst und nicht nur im Bad. <\/p>\n\n\n\n<figure class=\"wp-block-image size-large\"><img loading=\"lazy\" decoding=\"async\" width=\"750\" height=\"600\" src=\"https:\/\/www.meenzer-on-tour.de\/blog\/wp-content\/uploads\/2020\/05\/ADVZ47651.png\" alt=\"\" class=\"wp-image-815\" srcset=\"https:\/\/www.meenzer-on-tour.de\/blog\/wp-content\/uploads\/2020\/05\/ADVZ47651.png 750w, https:\/\/www.meenzer-on-tour.de\/blog\/wp-content\/uploads\/2020\/05\/ADVZ47651-300x240.png 300w\" sizes=\"auto, (max-width: 706px) 89vw, (max-width: 767px) 82vw, 740px\" \/><figcaption>Essen ohne Besteck ist in S\u00fcdindien normal. Daher w\u00e4scht man sich hier schon immer gr\u00fcndlich vorher und nachher die H\u00e4nde.<\/figcaption><\/figure>\n\n\n\n<p>Dass wir uns alle mittlerweile \u00f6fter die H\u00e4nde waschen und B\u00e4ckereien und Eisdielen jetzt auch beim Verkauf noch etwas mehr auf Hygiene achten ist prima. Doch leider korreliert Covid-19 nicht nur mit verbesserter Hygiene, sondern auch mit viel mehr M\u00fcll. Ich war beispielsweise diese Woche beim Fris\u00f6r. Wurde bisher mein Oberk\u00f6rper mit einem Stofftuch abgedeckt, kam jetzt eine Einweg-Plastikfolie zum Einsatz. Theoretisch k\u00f6nnte man das Stofftuch nach dem Gebrauch auch einfach in die Waschmaschine stecken, es bei 60 Grad waschen, und\/oder b\u00fcgeln und es bedenkenlos wiederverwenden. Und nat\u00fcrlich wollte ich in der Zeit, als die Restaurants geschlossen waren, auch die Mainzer Lokale unterst\u00fctzen und habe \u201eTo-Go\u201c bestellt. Leider wurden viele Speisen in Einwegplastik geliefert \u2013 was sich nat\u00fcrlich auch nicht immer vermeiden l\u00e4sst, wenn S\u00f6\u00dfchen mitgeliefert werden. Aber st\u00e4ndig Pizza im Pappkarton zu bestellen, war mir ehrlich gesagt des Guten zu viel. Aber beim H\u00e4ndewaschen ist es ziemlich einfach auf Plastik zu verzichten.<\/p>\n\n\n\n<p>Um die H\u00e4nde gr\u00fcndlich zu reinigen ist Seife ein Muss, da durch die Inhaltsstoffe Bakterien und Viren abget\u00f6tet werden. Die ersten die eine Art Seife herstellten waren die Sumerer im heutigen Irak vor 4500 Jahren. Aber auch die Germanen kamen schon auf den Trichter, sich mit Seife zu reinigen. Erfinder der festen Seife, so wie wir sie heute kennen, waren die Araber im 7. Jahrhundert n. Chr. Die bis dahin verwendete Pottasche wurde durch gebrannten Kalk ersetzt, um der Seife ihre Festigkeit zu verleihen. Auch in Europa wurde die Seife der Renner, genauso wie Badeh\u00e4user.<\/p>\n\n\n\n<figure class=\"wp-block-image size-large\"><img loading=\"lazy\" decoding=\"async\" width=\"1024\" height=\"819\" src=\"https:\/\/www.meenzer-on-tour.de\/blog\/wp-content\/uploads\/2020\/05\/IKLZ65691-1024x819.jpeg\" alt=\"\" class=\"wp-image-816\" srcset=\"https:\/\/www.meenzer-on-tour.de\/blog\/wp-content\/uploads\/2020\/05\/IKLZ65691-1024x819.jpeg 1024w, https:\/\/www.meenzer-on-tour.de\/blog\/wp-content\/uploads\/2020\/05\/IKLZ65691-300x240.jpeg 300w, https:\/\/www.meenzer-on-tour.de\/blog\/wp-content\/uploads\/2020\/05\/IKLZ65691-768x614.jpeg 768w, https:\/\/www.meenzer-on-tour.de\/blog\/wp-content\/uploads\/2020\/05\/IKLZ65691-1536x1229.jpeg 1536w, https:\/\/www.meenzer-on-tour.de\/blog\/wp-content\/uploads\/2020\/05\/IKLZ65691-2048x1638.jpeg 2048w\" sizes=\"auto, (max-width: 767px) 89vw, (max-width: 1000px) 54vw, (max-width: 1071px) 543px, 580px\" \/><figcaption>Feste Seife ist billiger und besser f\u00fcr die Umwelt. Beim Kauf einer share-Seife wird  gleichzeitig eine Seife an eine Organisation gespendet. \u00dcber den QR-Code erf\u00e4hrst Du wohin&#8230;<\/figcaption><\/figure>\n\n\n\n<p>Es war eine Epidemie, die dem Seifenkonsum den zwischenzeitlichen Garaus machte. Da man damals nicht wusste, dass die dreckigen Gossen der N\u00e4hrboden f\u00fcr Pest und Cholera waren, nahmen die Menschen an, das Wasser sei daran schuld. Daher bevorzugte man f\u00fcr viele Jahrzehnte die Trockenw\u00e4sche mit Puder. Das Ergebnis: die Pest raffte zirka 25 Prozent der damaligen Bev\u00f6lkerung Europas dahin. Das Wissen um die Hygiene lie\u00df die Seife ab dem fr\u00fchen 19. Jahrhundert wieder zu alten H\u00f6henfl\u00fcgen ansetzen. Leider wird das klassische Seifenst\u00fcck mehr und mehr durch Fl\u00fcssigseife ersetzt. Diese wird eigentlich immer in Plastikbeh\u00e4ltnissen verkauft, wohingegen das Seifenst\u00fcck bis heute in einer Pappverpackung daherkommt. Die Waschleistung ist bei beiden Produkten identisch. Allerdings ist die Fl\u00fcssigseife deutlich teurer. Es gibt also eigentlich keinen ersichtlichen Grund, die Umwelt mit Fl\u00fcssigseifenverpackungen aus Plastik zu belasten. Auch Nachf\u00fcllpackungen aus recycelter Plastik sind da nur Greenwashing. Mittlerweile gibt es sogar festes Duschgel und Shampoo aus Naturkosmetik \u2013 z.B. auch in den gro\u00dfen Drogeriemarktketten. <\/p>\n\n\n\n<p>Wer sich noch einen Tick nachhaltiger die H\u00e4nde waschen m\u00f6chte, dem seien zum Beispiel die \u201eshare\u201c Produkte empfohlen, die es bereits in einer Supermarkt- und Drogeriemarktkette gibt. Zwar bietet \u201eshare\u201c ebenfalls Fl\u00fcssigseife an, aber eben auch die klassischen Seifenst\u00fccke. \u201eShare\u201c hei\u00dft auf Deutsch teilen. Das ist das Prinzip bei allen \u201eshare\u201c Produkten. Wir kaufen zum Beispiel ein St\u00fcck Seife. Dadurch spendet \u201eshare\u201c ein St\u00fcck Seife an Hilfsbed\u00fcrftige. \u201eshare\u201c definiert dies als so genannten \u201esozialen Konsum\u201c. Die Zutaten stammen aus nachhaltigen Quellen und auf jeder Packung k\u00f6nnen wir mit Hilfe eines QR-Codes nachvollziehen, wohin unser geteiltes Produkt geht. Es werden Initiativen in Deutschland und weltweit unterst\u00fctzt. Gerade Seife ist in vielen Teilen der Welt keine Selbstverst\u00e4ndlichkeit und f\u00fcr manche sogar ein Luxusgut. Daher hat zum Beispiel \u201e<a rel=\"noreferrer noopener\" href=\"https:\/\/hhfn-nepal.de\/\" target=\"_blank\">Helfende H\u00e4nde f\u00fcr Nepal Mainz e.V.<\/a>\u201c bei den gepackten Notpaketen f\u00fcr Bed\u00fcrftige in Nepal auch immer Seifen beigef\u00fcgt. Zwei dieser Pakete konnten wir durch den Erl\u00f6s mit den <a rel=\"noreferrer noopener\" href=\"https:\/\/www.meenzer-on-tour.de\/shop\/turnbeutel\/\" target=\"_blank\">Turnbeuteln<\/a>, den <a rel=\"noreferrer noopener\" href=\"https:\/\/www.meenzer-on-tour.de\/shop\/soulbottles\/\" target=\"_blank\">Soulbottles <\/a>und meinen <a rel=\"noreferrer noopener\" href=\"https:\/\/www.meenzer-on-tour.de\/buecher\/\" target=\"_blank\">B\u00fcchern<\/a> im Direktverkauf im April 2020 finanzieren.<\/p>\n\n\n\n<figure class=\"wp-block-image size-large\"><img loading=\"lazy\" decoding=\"async\" width=\"750\" height=\"600\" src=\"https:\/\/www.meenzer-on-tour.de\/blog\/wp-content\/uploads\/2020\/05\/BLFV41621.png\" alt=\"\" class=\"wp-image-817\" srcset=\"https:\/\/www.meenzer-on-tour.de\/blog\/wp-content\/uploads\/2020\/05\/BLFV41621.png 750w, https:\/\/www.meenzer-on-tour.de\/blog\/wp-content\/uploads\/2020\/05\/BLFV41621-300x240.png 300w\" sizes=\"auto, (max-width: 706px) 89vw, (max-width: 767px) 82vw, 740px\" \/><figcaption>Der Kauf der o.g. Seife unterst\u00fctzt Kinder in Uganda bei der Handhygiene. <\/figcaption><\/figure>\n\n\n\n<p>Es bieten sich uns also tats\u00e4chlich M\u00f6glichkeiten, hygienisch einwandfrei durchs Leben zu ziehen und dabei sogar noch grenzenlose Solidarit\u00e4t beim Einkauf im Supermarkt walten zu lassen und auf eine faire Art und Weise unsere H\u00e4nde zu waschen.<\/p>\n\n\n\n<p>Quellen:<\/p>\n\n\n\n<p>\u201eDie Geschichte der Seife\u201c: https:\/\/www.ndr.de\/geschichte\/Die-Geschichte-der-Seife,seife196.html<\/p>\n\n\n\n<p>\u201eTeilen f\u00fcr eine bessere Welt\u201c: https:\/\/www.share.eu\/<\/p>\n\n\n\n<p>Werbung: unbeauftragt, selbst bezahlt<\/p>\n\n\n\n<p>Bilder: Meenzer-on-Tour, Pixabay<\/p>\n\n\n\n<p>Teil 1: <a href=\"https:\/\/www.meenzer-on-tour.de\/blog\/fairmummung-ja-bitte\/\" target=\"_blank\" rel=\"noreferrer noopener\">Fairmummung, ja bitte!<\/a><\/p>\n\n\n\n<p>Teil 2: <a rel=\"noreferrer noopener\" href=\"https:\/\/www.meenzer-on-tour.de\/blog\/faire-geschaefte-erledigen-ja-bitte\/\" target=\"_blank\">Faire Gesch\u00e4fte erledigen, ja bitte!<\/a><\/p>\n\n\n\n<ul class=\"wp-block-social-links is-layout-flex wp-block-social-links-is-layout-flex\">\n\n<li class=\"wp-social-link wp-social-link-facebook  wp-block-social-link\"><a href=\"https:\/\/www.facebook.com\/MeenzerOnTour\/\" class=\"wp-block-social-link-anchor\"><svg width=\"24\" height=\"24\" viewBox=\"0 0 24 24\" version=\"1.1\" xmlns=\"http:\/\/www.w3.org\/2000\/svg\" aria-hidden=\"true\" focusable=\"false\"><path d=\"M12 2C6.5 2 2 6.5 2 12c0 5 3.7 9.1 8.4 9.9v-7H7.9V12h2.5V9.8c0-2.5 1.5-3.9 3.8-3.9 1.1 0 2.2.2 2.2.2v2.5h-1.3c-1.2 0-1.6.8-1.6 1.6V12h2.8l-.4 2.9h-2.3v7C18.3 21.1 22 17 22 12c0-5.5-4.5-10-10-10z\"><\/path><\/svg><span class=\"wp-block-social-link-label screen-reader-text\">Facebook<\/span><\/a><\/li>\n\n<li class=\"wp-social-link wp-social-link-twitter  wp-block-social-link\"><a href=\"https:\/\/twitter.com\/meenzer_on_tour\" class=\"wp-block-social-link-anchor\"><svg width=\"24\" height=\"24\" viewBox=\"0 0 24 24\" version=\"1.1\" xmlns=\"http:\/\/www.w3.org\/2000\/svg\" aria-hidden=\"true\" focusable=\"false\"><path d=\"M22.23,5.924c-0.736,0.326-1.527,0.547-2.357,0.646c0.847-0.508,1.498-1.312,1.804-2.27 c-0.793,0.47-1.671,0.812-2.606,0.996C18.324,4.498,17.257,4,16.077,4c-2.266,0-4.103,1.837-4.103,4.103 c0,0.322,0.036,0.635,0.106,0.935C8.67,8.867,5.647,7.234,3.623,4.751C3.27,5.357,3.067,6.062,3.067,6.814 c0,1.424,0.724,2.679,1.825,3.415c-0.673-0.021-1.305-0.206-1.859-0.513c0,0.017,0,0.034,0,0.052c0,1.988,1.414,3.647,3.292,4.023 c-0.344,0.094-0.707,0.144-1.081,0.144c-0.264,0-0.521-0.026-0.772-0.074c0.522,1.63,2.038,2.816,3.833,2.85 c-1.404,1.1-3.174,1.756-5.096,1.756c-0.331,0-0.658-0.019-0.979-0.057c1.816,1.164,3.973,1.843,6.29,1.843 c7.547,0,11.675-6.252,11.675-11.675c0-0.178-0.004-0.355-0.012-0.531C20.985,7.47,21.68,6.747,22.23,5.924z\"><\/path><\/svg><span class=\"wp-block-social-link-label screen-reader-text\">Twitter<\/span><\/a><\/li>\n\n<li class=\"wp-social-link wp-social-link-instagram  wp-block-social-link\"><a href=\"https:\/\/www.instagram.com\/meenzer_on_tour\/\" class=\"wp-block-social-link-anchor\"><svg width=\"24\" height=\"24\" viewBox=\"0 0 24 24\" version=\"1.1\" xmlns=\"http:\/\/www.w3.org\/2000\/svg\" aria-hidden=\"true\" focusable=\"false\"><path d=\"M12,4.622c2.403,0,2.688,0.009,3.637,0.052c0.877,0.04,1.354,0.187,1.671,0.31c0.42,0.163,0.72,0.358,1.035,0.673 c0.315,0.315,0.51,0.615,0.673,1.035c0.123,0.317,0.27,0.794,0.31,1.671c0.043,0.949,0.052,1.234,0.052,3.637 s-0.009,2.688-0.052,3.637c-0.04,0.877-0.187,1.354-0.31,1.671c-0.163,0.42-0.358,0.72-0.673,1.035 c-0.315,0.315-0.615,0.51-1.035,0.673c-0.317,0.123-0.794,0.27-1.671,0.31c-0.949,0.043-1.233,0.052-3.637,0.052 s-2.688-0.009-3.637-0.052c-0.877-0.04-1.354-0.187-1.671-0.31c-0.42-0.163-0.72-0.358-1.035-0.673 c-0.315-0.315-0.51-0.615-0.673-1.035c-0.123-0.317-0.27-0.794-0.31-1.671C4.631,14.688,4.622,14.403,4.622,12 s0.009-2.688,0.052-3.637c0.04-0.877,0.187-1.354,0.31-1.671c0.163-0.42,0.358-0.72,0.673-1.035 c0.315-0.315,0.615-0.51,1.035-0.673c0.317-0.123,0.794-0.27,1.671-0.31C9.312,4.631,9.597,4.622,12,4.622 M12,3 C9.556,3,9.249,3.01,8.289,3.054C7.331,3.098,6.677,3.25,6.105,3.472C5.513,3.702,5.011,4.01,4.511,4.511 c-0.5,0.5-0.808,1.002-1.038,1.594C3.25,6.677,3.098,7.331,3.054,8.289C3.01,9.249,3,9.556,3,12c0,2.444,0.01,2.751,0.054,3.711 c0.044,0.958,0.196,1.612,0.418,2.185c0.23,0.592,0.538,1.094,1.038,1.594c0.5,0.5,1.002,0.808,1.594,1.038 c0.572,0.222,1.227,0.375,2.185,0.418C9.249,20.99,9.556,21,12,21s2.751-0.01,3.711-0.054c0.958-0.044,1.612-0.196,2.185-0.418 c0.592-0.23,1.094-0.538,1.594-1.038c0.5-0.5,0.808-1.002,1.038-1.594c0.222-0.572,0.375-1.227,0.418-2.185 C20.99,14.751,21,14.444,21,12s-0.01-2.751-0.054-3.711c-0.044-0.958-0.196-1.612-0.418-2.185c-0.23-0.592-0.538-1.094-1.038-1.594 c-0.5-0.5-1.002-0.808-1.594-1.038c-0.572-0.222-1.227-0.375-2.185-0.418C14.751,3.01,14.444,3,12,3L12,3z M12,7.378 c-2.552,0-4.622,2.069-4.622,4.622S9.448,16.622,12,16.622s4.622-2.069,4.622-4.622S14.552,7.378,12,7.378z M12,15 c-1.657,0-3-1.343-3-3s1.343-3,3-3s3,1.343,3,3S13.657,15,12,15z M16.804,6.116c-0.596,0-1.08,0.484-1.08,1.08 s0.484,1.08,1.08,1.08c0.596,0,1.08-0.484,1.08-1.08S17.401,6.116,16.804,6.116z\"><\/path><\/svg><span class=\"wp-block-social-link-label screen-reader-text\">Instagram<\/span><\/a><\/li>\n\n\n\n<\/ul>\n\n\n\n<p><\/p>\n","protected":false},"excerpt":{"rendered":"<p>Teil 3 \u2013 Nachhaltige Handhygiene und mehr \u201eDie beste Bildung findet ein gescheiter Mensch auf Reisen\u201c stellte kein geringerer als Johann Wolfgang von Goethe statt. Dieser Satz ist in den letzten Jahren etwas in den Hintergrund ger\u00fcckt. Schlie\u00dflich wurden Reisen in der Debatte um den Klimaschutz relativ oft auf Ausfl\u00fcge mit dem Billigflieger nach Malle &hellip; <\/p>\n<p class=\"link-more\"><a href=\"https:\/\/www.meenzer-on-tour.de\/blog\/fair-waschen-ja-bitte\/\" class=\"more-link\"><span class=\"screen-reader-text\">\u201eFaires H\u00e4ndewaschen, ja bitte!\u201c <\/span>weiterlesen<\/a><\/p>\n","protected":false},"author":1,"featured_media":0,"comment_status":"open","ping_status":"open","sticky":false,"template":"","format":"standard","meta":{"footnotes":""},"categories":[192,87],"tags":[232,226,209,171,159,246,201,195,245,89,247],"class_list":["post-812","post","type-post","status-publish","format-standard","hentry","category-meinung-reisen","category-reisen","tag-corona","tag-fair-fashion","tag-fairtrade","tag-frankreich","tag-indien","tag-iran","tag-libanon","tag-meinung","tag-oman","tag-reisen","tag-tuerkei"],"yoast_head":"<!-- This site is optimized with the Yoast SEO plugin v27.5 - https:\/\/yoast.com\/product\/yoast-seo-wordpress\/ -->\n<title>Faires H\u00e4ndewaschen, ja bitte! - Meenzer on Tour Blog<\/title>\n<meta name=\"robots\" content=\"index, follow, max-snippet:-1, max-image-preview:large, max-video-preview:-1\" \/>\n<link rel=\"canonical\" href=\"https:\/\/www.meenzer-on-tour.de\/blog\/fair-waschen-ja-bitte\/\" \/>\n<meta property=\"og:locale\" content=\"de_DE\" \/>\n<meta property=\"og:type\" content=\"article\" \/>\n<meta property=\"og:title\" content=\"Faires H\u00e4ndewaschen, ja bitte! - Meenzer on Tour Blog\" \/>\n<meta property=\"og:description\" content=\"Teil 3 \u2013 Nachhaltige Handhygiene und mehr \u201eDie beste Bildung findet ein gescheiter Mensch auf Reisen\u201c stellte kein geringerer als Johann Wolfgang von Goethe statt. Dieser Satz ist in den letzten Jahren etwas in den Hintergrund ger\u00fcckt. Schlie\u00dflich wurden Reisen in der Debatte um den Klimaschutz relativ oft auf Ausfl\u00fcge mit dem Billigflieger nach Malle &hellip; \u201eFaires H\u00e4ndewaschen, ja bitte!\u201c weiterlesen\" \/>\n<meta property=\"og:url\" content=\"https:\/\/www.meenzer-on-tour.de\/blog\/fair-waschen-ja-bitte\/\" \/>\n<meta property=\"og:site_name\" content=\"Meenzer on Tour Blog\" \/>\n<meta property=\"article:published_time\" content=\"2020-05-21T07:03:06+00:00\" \/>\n<meta property=\"article:modified_time\" content=\"2020-05-21T09:03:43+00:00\" \/>\n<meta property=\"og:image\" content=\"https:\/\/www.meenzer-on-tour.de\/blog\/wp-content\/uploads\/2020\/05\/IMG_34151-1024x682.jpg\" \/>\n<meta name=\"author\" content=\"Christoph\" \/>\n<meta name=\"twitter:card\" content=\"summary_large_image\" \/>\n<meta name=\"twitter:label1\" content=\"Verfasst von\" \/>\n\t<meta name=\"twitter:data1\" content=\"Christoph\" \/>\n\t<meta name=\"twitter:label2\" content=\"Gesch\u00e4tzte Lesezeit\" \/>\n\t<meta name=\"twitter:data2\" content=\"8\u00a0Minuten\" \/>\n<script type=\"application\/ld+json\" class=\"yoast-schema-graph\">{\"@context\":\"https:\\\/\\\/schema.org\",\"@graph\":[{\"@type\":\"Article\",\"@id\":\"https:\\\/\\\/www.meenzer-on-tour.de\\\/blog\\\/fair-waschen-ja-bitte\\\/#article\",\"isPartOf\":{\"@id\":\"https:\\\/\\\/www.meenzer-on-tour.de\\\/blog\\\/fair-waschen-ja-bitte\\\/\"},\"author\":{\"name\":\"Christoph\",\"@id\":\"https:\\\/\\\/www.meenzer-on-tour.de\\\/blog\\\/#\\\/schema\\\/person\\\/e8a97e9efa1062d69a2cbb01f96b919f\"},\"headline\":\"Faires H\u00e4ndewaschen, ja bitte!\",\"datePublished\":\"2020-05-21T07:03:06+00:00\",\"dateModified\":\"2020-05-21T09:03:43+00:00\",\"mainEntityOfPage\":{\"@id\":\"https:\\\/\\\/www.meenzer-on-tour.de\\\/blog\\\/fair-waschen-ja-bitte\\\/\"},\"wordCount\":1600,\"commentCount\":0,\"publisher\":{\"@id\":\"https:\\\/\\\/www.meenzer-on-tour.de\\\/blog\\\/#\\\/schema\\\/person\\\/e8a97e9efa1062d69a2cbb01f96b919f\"},\"image\":{\"@id\":\"https:\\\/\\\/www.meenzer-on-tour.de\\\/blog\\\/fair-waschen-ja-bitte\\\/#primaryimage\"},\"thumbnailUrl\":\"https:\\\/\\\/www.meenzer-on-tour.de\\\/blog\\\/wp-content\\\/uploads\\\/2020\\\/05\\\/IMG_34151-1024x682.jpg\",\"keywords\":[\"Corona\",\"Fair Fashion\",\"Fairtrade\",\"Frankreich\",\"Indien\",\"Iran\",\"Libanon\",\"Meinung\",\"Oman\",\"Reisen\",\"T\u00fcrkei\"],\"articleSection\":[\"Meinung\",\"Reisen\"],\"inLanguage\":\"de\",\"potentialAction\":[{\"@type\":\"CommentAction\",\"name\":\"Comment\",\"target\":[\"https:\\\/\\\/www.meenzer-on-tour.de\\\/blog\\\/fair-waschen-ja-bitte\\\/#respond\"]}]},{\"@type\":\"WebPage\",\"@id\":\"https:\\\/\\\/www.meenzer-on-tour.de\\\/blog\\\/fair-waschen-ja-bitte\\\/\",\"url\":\"https:\\\/\\\/www.meenzer-on-tour.de\\\/blog\\\/fair-waschen-ja-bitte\\\/\",\"name\":\"Faires H\u00e4ndewaschen, ja bitte! - Meenzer on Tour Blog\",\"isPartOf\":{\"@id\":\"https:\\\/\\\/www.meenzer-on-tour.de\\\/blog\\\/#website\"},\"primaryImageOfPage\":{\"@id\":\"https:\\\/\\\/www.meenzer-on-tour.de\\\/blog\\\/fair-waschen-ja-bitte\\\/#primaryimage\"},\"image\":{\"@id\":\"https:\\\/\\\/www.meenzer-on-tour.de\\\/blog\\\/fair-waschen-ja-bitte\\\/#primaryimage\"},\"thumbnailUrl\":\"https:\\\/\\\/www.meenzer-on-tour.de\\\/blog\\\/wp-content\\\/uploads\\\/2020\\\/05\\\/IMG_34151-1024x682.jpg\",\"datePublished\":\"2020-05-21T07:03:06+00:00\",\"dateModified\":\"2020-05-21T09:03:43+00:00\",\"breadcrumb\":{\"@id\":\"https:\\\/\\\/www.meenzer-on-tour.de\\\/blog\\\/fair-waschen-ja-bitte\\\/#breadcrumb\"},\"inLanguage\":\"de\",\"potentialAction\":[{\"@type\":\"ReadAction\",\"target\":[\"https:\\\/\\\/www.meenzer-on-tour.de\\\/blog\\\/fair-waschen-ja-bitte\\\/\"]}]},{\"@type\":\"ImageObject\",\"inLanguage\":\"de\",\"@id\":\"https:\\\/\\\/www.meenzer-on-tour.de\\\/blog\\\/fair-waschen-ja-bitte\\\/#primaryimage\",\"url\":\"https:\\\/\\\/www.meenzer-on-tour.de\\\/blog\\\/wp-content\\\/uploads\\\/2020\\\/05\\\/IMG_34151.jpg\",\"contentUrl\":\"https:\\\/\\\/www.meenzer-on-tour.de\\\/blog\\\/wp-content\\\/uploads\\\/2020\\\/05\\\/IMG_34151.jpg\",\"width\":1920,\"height\":1278},{\"@type\":\"BreadcrumbList\",\"@id\":\"https:\\\/\\\/www.meenzer-on-tour.de\\\/blog\\\/fair-waschen-ja-bitte\\\/#breadcrumb\",\"itemListElement\":[{\"@type\":\"ListItem\",\"position\":1,\"name\":\"Startseite\",\"item\":\"https:\\\/\\\/www.meenzer-on-tour.de\\\/blog\\\/\"},{\"@type\":\"ListItem\",\"position\":2,\"name\":\"Faires H\u00e4ndewaschen, ja bitte!\"}]},{\"@type\":\"WebSite\",\"@id\":\"https:\\\/\\\/www.meenzer-on-tour.de\\\/blog\\\/#website\",\"url\":\"https:\\\/\\\/www.meenzer-on-tour.de\\\/blog\\\/\",\"name\":\"Meenzer on Tour Blog\",\"description\":\"Reisen - Fankultur - B&uuml;cher - Mainz\",\"publisher\":{\"@id\":\"https:\\\/\\\/www.meenzer-on-tour.de\\\/blog\\\/#\\\/schema\\\/person\\\/e8a97e9efa1062d69a2cbb01f96b919f\"},\"potentialAction\":[{\"@type\":\"SearchAction\",\"target\":{\"@type\":\"EntryPoint\",\"urlTemplate\":\"https:\\\/\\\/www.meenzer-on-tour.de\\\/blog\\\/?s={search_term_string}\"},\"query-input\":{\"@type\":\"PropertyValueSpecification\",\"valueRequired\":true,\"valueName\":\"search_term_string\"}}],\"inLanguage\":\"de\"},{\"@type\":[\"Person\",\"Organization\"],\"@id\":\"https:\\\/\\\/www.meenzer-on-tour.de\\\/blog\\\/#\\\/schema\\\/person\\\/e8a97e9efa1062d69a2cbb01f96b919f\",\"name\":\"Christoph\",\"image\":{\"@type\":\"ImageObject\",\"inLanguage\":\"de\",\"@id\":\"https:\\\/\\\/www.meenzer-on-tour.de\\\/blog\\\/wp-content\\\/uploads\\\/2021\\\/08\\\/A107190A-FC35-48EA-8B44-CF4EB9117345.jpeg\",\"url\":\"https:\\\/\\\/www.meenzer-on-tour.de\\\/blog\\\/wp-content\\\/uploads\\\/2021\\\/08\\\/A107190A-FC35-48EA-8B44-CF4EB9117345.jpeg\",\"contentUrl\":\"https:\\\/\\\/www.meenzer-on-tour.de\\\/blog\\\/wp-content\\\/uploads\\\/2021\\\/08\\\/A107190A-FC35-48EA-8B44-CF4EB9117345.jpeg\",\"width\":2000,\"height\":1200,\"caption\":\"Christoph\"},\"logo\":{\"@id\":\"https:\\\/\\\/www.meenzer-on-tour.de\\\/blog\\\/wp-content\\\/uploads\\\/2021\\\/08\\\/A107190A-FC35-48EA-8B44-CF4EB9117345.jpeg\"},\"url\":\"https:\\\/\\\/www.meenzer-on-tour.de\\\/blog\\\/author\\\/admin\\\/\"}]}<\/script>\n<!-- \/ Yoast SEO plugin. -->","yoast_head_json":{"title":"Faires H\u00e4ndewaschen, ja bitte! - Meenzer on Tour Blog","robots":{"index":"index","follow":"follow","max-snippet":"max-snippet:-1","max-image-preview":"max-image-preview:large","max-video-preview":"max-video-preview:-1"},"canonical":"https:\/\/www.meenzer-on-tour.de\/blog\/fair-waschen-ja-bitte\/","og_locale":"de_DE","og_type":"article","og_title":"Faires H\u00e4ndewaschen, ja bitte! - Meenzer on Tour Blog","og_description":"Teil 3 \u2013 Nachhaltige Handhygiene und mehr \u201eDie beste Bildung findet ein gescheiter Mensch auf Reisen\u201c stellte kein geringerer als Johann Wolfgang von Goethe statt. Dieser Satz ist in den letzten Jahren etwas in den Hintergrund ger\u00fcckt. Schlie\u00dflich wurden Reisen in der Debatte um den Klimaschutz relativ oft auf Ausfl\u00fcge mit dem Billigflieger nach Malle &hellip; \u201eFaires H\u00e4ndewaschen, ja bitte!\u201c weiterlesen","og_url":"https:\/\/www.meenzer-on-tour.de\/blog\/fair-waschen-ja-bitte\/","og_site_name":"Meenzer on Tour Blog","article_published_time":"2020-05-21T07:03:06+00:00","article_modified_time":"2020-05-21T09:03:43+00:00","og_image":[{"url":"https:\/\/www.meenzer-on-tour.de\/blog\/wp-content\/uploads\/2020\/05\/IMG_34151-1024x682.jpg","type":"","width":"","height":""}],"author":"Christoph","twitter_card":"summary_large_image","twitter_misc":{"Verfasst von":"Christoph","Gesch\u00e4tzte Lesezeit":"8\u00a0Minuten"},"schema":{"@context":"https:\/\/schema.org","@graph":[{"@type":"Article","@id":"https:\/\/www.meenzer-on-tour.de\/blog\/fair-waschen-ja-bitte\/#article","isPartOf":{"@id":"https:\/\/www.meenzer-on-tour.de\/blog\/fair-waschen-ja-bitte\/"},"author":{"name":"Christoph","@id":"https:\/\/www.meenzer-on-tour.de\/blog\/#\/schema\/person\/e8a97e9efa1062d69a2cbb01f96b919f"},"headline":"Faires H\u00e4ndewaschen, ja bitte!","datePublished":"2020-05-21T07:03:06+00:00","dateModified":"2020-05-21T09:03:43+00:00","mainEntityOfPage":{"@id":"https:\/\/www.meenzer-on-tour.de\/blog\/fair-waschen-ja-bitte\/"},"wordCount":1600,"commentCount":0,"publisher":{"@id":"https:\/\/www.meenzer-on-tour.de\/blog\/#\/schema\/person\/e8a97e9efa1062d69a2cbb01f96b919f"},"image":{"@id":"https:\/\/www.meenzer-on-tour.de\/blog\/fair-waschen-ja-bitte\/#primaryimage"},"thumbnailUrl":"https:\/\/www.meenzer-on-tour.de\/blog\/wp-content\/uploads\/2020\/05\/IMG_34151-1024x682.jpg","keywords":["Corona","Fair Fashion","Fairtrade","Frankreich","Indien","Iran","Libanon","Meinung","Oman","Reisen","T\u00fcrkei"],"articleSection":["Meinung","Reisen"],"inLanguage":"de","potentialAction":[{"@type":"CommentAction","name":"Comment","target":["https:\/\/www.meenzer-on-tour.de\/blog\/fair-waschen-ja-bitte\/#respond"]}]},{"@type":"WebPage","@id":"https:\/\/www.meenzer-on-tour.de\/blog\/fair-waschen-ja-bitte\/","url":"https:\/\/www.meenzer-on-tour.de\/blog\/fair-waschen-ja-bitte\/","name":"Faires H\u00e4ndewaschen, ja bitte! - Meenzer on Tour Blog","isPartOf":{"@id":"https:\/\/www.meenzer-on-tour.de\/blog\/#website"},"primaryImageOfPage":{"@id":"https:\/\/www.meenzer-on-tour.de\/blog\/fair-waschen-ja-bitte\/#primaryimage"},"image":{"@id":"https:\/\/www.meenzer-on-tour.de\/blog\/fair-waschen-ja-bitte\/#primaryimage"},"thumbnailUrl":"https:\/\/www.meenzer-on-tour.de\/blog\/wp-content\/uploads\/2020\/05\/IMG_34151-1024x682.jpg","datePublished":"2020-05-21T07:03:06+00:00","dateModified":"2020-05-21T09:03:43+00:00","breadcrumb":{"@id":"https:\/\/www.meenzer-on-tour.de\/blog\/fair-waschen-ja-bitte\/#breadcrumb"},"inLanguage":"de","potentialAction":[{"@type":"ReadAction","target":["https:\/\/www.meenzer-on-tour.de\/blog\/fair-waschen-ja-bitte\/"]}]},{"@type":"ImageObject","inLanguage":"de","@id":"https:\/\/www.meenzer-on-tour.de\/blog\/fair-waschen-ja-bitte\/#primaryimage","url":"https:\/\/www.meenzer-on-tour.de\/blog\/wp-content\/uploads\/2020\/05\/IMG_34151.jpg","contentUrl":"https:\/\/www.meenzer-on-tour.de\/blog\/wp-content\/uploads\/2020\/05\/IMG_34151.jpg","width":1920,"height":1278},{"@type":"BreadcrumbList","@id":"https:\/\/www.meenzer-on-tour.de\/blog\/fair-waschen-ja-bitte\/#breadcrumb","itemListElement":[{"@type":"ListItem","position":1,"name":"Startseite","item":"https:\/\/www.meenzer-on-tour.de\/blog\/"},{"@type":"ListItem","position":2,"name":"Faires H\u00e4ndewaschen, ja bitte!"}]},{"@type":"WebSite","@id":"https:\/\/www.meenzer-on-tour.de\/blog\/#website","url":"https:\/\/www.meenzer-on-tour.de\/blog\/","name":"Meenzer on Tour Blog","description":"Reisen - Fankultur - B&uuml;cher - Mainz","publisher":{"@id":"https:\/\/www.meenzer-on-tour.de\/blog\/#\/schema\/person\/e8a97e9efa1062d69a2cbb01f96b919f"},"potentialAction":[{"@type":"SearchAction","target":{"@type":"EntryPoint","urlTemplate":"https:\/\/www.meenzer-on-tour.de\/blog\/?s={search_term_string}"},"query-input":{"@type":"PropertyValueSpecification","valueRequired":true,"valueName":"search_term_string"}}],"inLanguage":"de"},{"@type":["Person","Organization"],"@id":"https:\/\/www.meenzer-on-tour.de\/blog\/#\/schema\/person\/e8a97e9efa1062d69a2cbb01f96b919f","name":"Christoph","image":{"@type":"ImageObject","inLanguage":"de","@id":"https:\/\/www.meenzer-on-tour.de\/blog\/wp-content\/uploads\/2021\/08\/A107190A-FC35-48EA-8B44-CF4EB9117345.jpeg","url":"https:\/\/www.meenzer-on-tour.de\/blog\/wp-content\/uploads\/2021\/08\/A107190A-FC35-48EA-8B44-CF4EB9117345.jpeg","contentUrl":"https:\/\/www.meenzer-on-tour.de\/blog\/wp-content\/uploads\/2021\/08\/A107190A-FC35-48EA-8B44-CF4EB9117345.jpeg","width":2000,"height":1200,"caption":"Christoph"},"logo":{"@id":"https:\/\/www.meenzer-on-tour.de\/blog\/wp-content\/uploads\/2021\/08\/A107190A-FC35-48EA-8B44-CF4EB9117345.jpeg"},"url":"https:\/\/www.meenzer-on-tour.de\/blog\/author\/admin\/"}]}},"_links":{"self":[{"href":"https:\/\/www.meenzer-on-tour.de\/blog\/wp-json\/wp\/v2\/posts\/812","targetHints":{"allow":["GET"]}}],"collection":[{"href":"https:\/\/www.meenzer-on-tour.de\/blog\/wp-json\/wp\/v2\/posts"}],"about":[{"href":"https:\/\/www.meenzer-on-tour.de\/blog\/wp-json\/wp\/v2\/types\/post"}],"author":[{"embeddable":true,"href":"https:\/\/www.meenzer-on-tour.de\/blog\/wp-json\/wp\/v2\/users\/1"}],"replies":[{"embeddable":true,"href":"https:\/\/www.meenzer-on-tour.de\/blog\/wp-json\/wp\/v2\/comments?post=812"}],"version-history":[{"count":7,"href":"https:\/\/www.meenzer-on-tour.de\/blog\/wp-json\/wp\/v2\/posts\/812\/revisions"}],"predecessor-version":[{"id":825,"href":"https:\/\/www.meenzer-on-tour.de\/blog\/wp-json\/wp\/v2\/posts\/812\/revisions\/825"}],"wp:attachment":[{"href":"https:\/\/www.meenzer-on-tour.de\/blog\/wp-json\/wp\/v2\/media?parent=812"}],"wp:term":[{"taxonomy":"category","embeddable":true,"href":"https:\/\/www.meenzer-on-tour.de\/blog\/wp-json\/wp\/v2\/categories?post=812"},{"taxonomy":"post_tag","embeddable":true,"href":"https:\/\/www.meenzer-on-tour.de\/blog\/wp-json\/wp\/v2\/tags?post=812"}],"curies":[{"name":"wp","href":"https:\/\/api.w.org\/{rel}","templated":true}]}}