{"id":804,"date":"2020-05-19T08:34:44","date_gmt":"2020-05-19T06:34:44","guid":{"rendered":"https:\/\/www.meenzer-on-tour.de\/blog\/?p=804"},"modified":"2020-05-21T08:43:21","modified_gmt":"2020-05-21T06:43:21","slug":"willkommen-in-der-neuen-egalitaet","status":"publish","type":"post","link":"https:\/\/www.meenzer-on-tour.de\/blog\/willkommen-in-der-neuen-egalitaet\/","title":{"rendered":"Willkommen in der neuen \u201eEgalit\u00e4t\u201c"},"content":{"rendered":"\n<p>Wie bist Du eigentlich auf den Gedanken gekommen, irgendwann einmal ins Stadion zu gehen?<\/p>\n\n\n\n<p>Es liegt in der Natur der Sache, dass wir uns bisher meist erst f\u00fcr Fu\u00dfball interessiert und uns dann zum ersten Mal ins Stadion begeben haben. Nat\u00fcrlich gab es in der \u201ealten Normalit\u00e4t\u201c auch den umgekehrten Fall, sprich, dass Menschen, die mit Fu\u00dfball so rein gar nichts am Hut hatten, von Freund*innen mitgeschleppt wurden und im Stadion die Liebe zum Spiel entdeckten. Aber dieses Szenario ist auf absehbare Zeit erstmal nur noch graue Theorie.<\/p>\n\n\n\n<p>W\u00e4re die Liga erst 2021 oder 2022 aber gleichzeitig mit Zuschauern im Stadion neu gestartet, h\u00e4tte es sich um eine Art \u201eWinterschlaf\u201c f\u00fcr alle Beteiligten gehalten. So aber f\u00fchren die Geisterspiele bei mir zu einer Art \u201eBack to the roots\u201c. Schlie\u00dflich schaute ich die letzten 20 Jahre Vereinsfu\u00dfball praktisch ausnahmslos im Stadion. Die Pay-TV-Debatten zu Premiere, Arena TV, Sky und Co. liefen an mir komplett vorbei. Ich genoss es turnusgem\u00e4\u00df, alle zwei Wochen die Dauerkarte einzupacken oder durch die Republik zu d\u00fcsen, den Alltag komplett zu vergessen und das Ausw\u00e4rtsspiel ergebnisunabh\u00e4ngig zu genie\u00dfen \u2013 weil wir alle einen an der Waffel ham.<\/p>\n\n\n\n<figure class=\"wp-block-image size-large\"><img loading=\"lazy\" decoding=\"async\" width=\"1024\" height=\"768\" src=\"https:\/\/www.meenzer-on-tour.de\/blog\/wp-content\/uploads\/2020\/05\/MALW13491-1024x768.jpeg\" alt=\"\" class=\"wp-image-805\" srcset=\"https:\/\/www.meenzer-on-tour.de\/blog\/wp-content\/uploads\/2020\/05\/MALW13491-1024x768.jpeg 1024w, https:\/\/www.meenzer-on-tour.de\/blog\/wp-content\/uploads\/2020\/05\/MALW13491-300x225.jpeg 300w, https:\/\/www.meenzer-on-tour.de\/blog\/wp-content\/uploads\/2020\/05\/MALW13491-768x576.jpeg 768w, https:\/\/www.meenzer-on-tour.de\/blog\/wp-content\/uploads\/2020\/05\/MALW13491-1536x1152.jpeg 1536w, https:\/\/www.meenzer-on-tour.de\/blog\/wp-content\/uploads\/2020\/05\/MALW13491-2048x1536.jpeg 2048w\" sizes=\"auto, (max-width: 767px) 89vw, (max-width: 1000px) 54vw, (max-width: 1071px) 543px, 580px\" \/><figcaption>Irgendwan sind wir alle zum ersten Mal &#8217;nuff gegangen.<\/figcaption><\/figure>\n\n\n\n<p>Dass ich kein gro\u00dfer Fan der Geisterspiele bin, habe ich ja bereits Anfang April <a href=\"https:\/\/www.meenzer-on-tour.de\/blog\/brauchen-wir-es-noch\/\" target=\"_blank\" rel=\"noreferrer noopener\">thematisiert<\/a>. Das F\u00fcr und Wieder wurde landauf landab wochenlang durchdiskutiert. Eine wirkliche Erweiterung der Erkenntnisse blieb f\u00fcr mich dennoch aus. Hoffentlich aber nicht f\u00fcr die Allgemeinheit, die ja den aktiven Fans oftmals unterstellt hatte, sich vor den Stadien zusammenrotten zu wollen. Jetzt ist der erste Geisterspieltag gelaufen und die Fanszenen haben wie w\u00e4hrend der ganzen Krise verantwortungsvoll gehandelt. Dass Mainz 05 ein gutes Ausw\u00e4rtsspiel in K\u00f6ln bestritt, wo wir in der ersten Liga noch nie gewonnen haben, l\u00e4sst mich in der Analyse nat\u00fcrlich noch subjektiver urteilen. Aber eigentlich kenne ich dieses Gef\u00fchl, dass einerseits Spieltag ist und ich andererseits nicht dabei bin, seit jeher von meinen Reisen, die ich nie wirklich an den Saisonfahrplan angepasst habe. &nbsp;&nbsp;<\/p>\n\n\n\n<p>Doch so ganz kam mir das am Wochenende dann doch nicht so vor, wie meine freiwillige wochenweise Abstinenz der letzten Jahre. Ich musste mich in meinen Gedanken zeitlich noch weiter nach hinten begeben und kam schlie\u00dflich in den 1990er Jahren an. Fankultur mit Ges\u00e4ngen, Fahnen und Choreos, wie wir sie seit rund 20 Jahren kennen, gab es damals noch nicht. Mein erstes Zweitligaspiel sah ich 1997 zu Pfingsten am Bruchweg \u2013 danach ging\u2019s am gleichen Tag zum ersten Mal auf\u2019s Open Ohr \u2013 dass beides dieses Jahr nicht (mehr) stattfinden kann \u2013 Ironie des Schicksals. Vorher kam es mir gar nicht in den Sinn, ins Stadion zu gehen. Dennoch war ich damals schon Mainz 05-Fan. Ich habe jeden Artikel der AZ oder der Rheinzeitung \u2013 je nachdem, welches Abo meine Eltern gerade hatten \u2013 verschlungen. An 05-Spiele im Fernsehen oder im Radio kann ich mich gar nicht erinnern. Ich identifizierte mich trotzdem mit dem besten Fu\u00dfballverein der Stadt und war unendlich happy, dass wir damals schon so lange in der zweiten Liga spielten. Zuvor sind wir schlie\u00dflich relativ oft knapp am Aufstieg aus der Oberliga S\u00fcdwest in die zweite Liga vorbeigeschrammt. Meist waren Eintracht Trier oder Salmrohr einfach einen Tick besser gewesen. Schlie\u00dflich waren es meine Kumpels, die mich zum ersten Liga-Spiel mitnahmen, um danach auf der Zitadelle den Pfingstsonntag ausklingen zu lassen.<\/p>\n\n\n\n<figure class=\"wp-block-image size-large\"><img loading=\"lazy\" decoding=\"async\" width=\"1024\" height=\"683\" src=\"https:\/\/www.meenzer-on-tour.de\/blog\/wp-content\/uploads\/2020\/05\/RCOW12641-1024x683.jpeg\" alt=\"\" class=\"wp-image-806\" srcset=\"https:\/\/www.meenzer-on-tour.de\/blog\/wp-content\/uploads\/2020\/05\/RCOW12641-1024x683.jpeg 1024w, https:\/\/www.meenzer-on-tour.de\/blog\/wp-content\/uploads\/2020\/05\/RCOW12641-300x200.jpeg 300w, https:\/\/www.meenzer-on-tour.de\/blog\/wp-content\/uploads\/2020\/05\/RCOW12641-768x512.jpeg 768w, https:\/\/www.meenzer-on-tour.de\/blog\/wp-content\/uploads\/2020\/05\/RCOW12641-1536x1024.jpeg 1536w, https:\/\/www.meenzer-on-tour.de\/blog\/wp-content\/uploads\/2020\/05\/RCOW12641-2048x1365.jpeg 2048w\" sizes=\"auto, (max-width: 767px) 89vw, (max-width: 1000px) 54vw, (max-width: 1071px) 543px, 580px\" \/><figcaption>Stehpl\u00e4tze und Fahnenmeer &#8211; hoffentlich kein geschichtstr\u00e4chtiges Bild der Vergangenheit<\/figcaption><\/figure>\n\n\n\n<p>Jetzt f\u00fchle ich mich tats\u00e4chlich wieder in diese Zeit vor meinem ersten Ligaspielbesuch versetzt. Sky-Kunde werde ich in diesem Leben wohl nicht mehr. Liveticker finde ich ebenfalls schrecklich. Ich hatte am Sonntagnachmittag trotzdem mal kurz den Zwischenstand gecheckt \u2013 das gab es vor 20 oder 25 Jahren dann doch noch nicht. Dass es 2:1 f\u00fcr K\u00f6ln stand fand ich direkt mal mega sch\u2026 Und da merkte ich, dass ich zwar Geisterspiele genauso fand, wie den Zwischenstand, ich aber trotzdem mit Nullf\u00fcnf mitfieberte. Um halb sechs herum checkte ich das Endergebnis und freute mich sehr, dass wir nicht wie fast jedes Jahr in K\u00f6ln verloren haben. Und ich entschied mich, auch im SWR die Zusammenfassung im Fernsehen zu verfolgen.<\/p>\n\n\n\n<p>Wahrscheinlich werde ich die restlichen Spieltage so \u00e4hnlich verbringen. Ich f\u00fchlte mich emotional zwar angesprochen, weil die Jungs in Rot und Wei\u00df spielten. Nat\u00fcrlich bin ich auch froh, wenn mein Verein diese Zeit wirtschaftlich \u00fcberlebt und im besten Fall nicht absteigt. Ich f\u00fcrchte aber auch, dass, je l\u00e4nger diese Abstinenz anh\u00e4lt, sich viele \u00fcberlegen, ob sie noch ins Stadion gehen. Denn dieser \u201emoderne Fu\u00dfball\u201c ging ja vielen von uns schon seit geraumer Zeit auf den Keks. Aber wir spielten das Spiel lange genug mit. Nun merken wir, dass es f\u00fcr das Produkt Fu\u00dfball unerheblich ist, ob wir nuff gehen oder nicht. Nat\u00fcrlich haben manche Spieler in einem Nebensatz in ihren Interviews erw\u00e4hnt, dass die Zuschauer fehlten. Aber wirklich tiefes Bedauern habe ich nicht versp\u00fcrt. Es ist mittlerweile eine ziemliche Egal-Mentalit\u00e4t entstanden. Es ist im Grunde genommen egal, ob mit oder ohne Zuschauer gespielt wird \u2013 selbst aus finanziellen Kriterien, was nat\u00fcrlich nur f\u00fcr die Bundesliga gilt. Bilder aus den Fanbl\u00f6cken f\u00fcrs Fernsehen waren eh meist nur Beiwerk, um ein paar Sekunden zwischen Einlauf und Anpfiff zu f\u00fcllen. Und Stadionatmosph\u00e4re kann ja, wie mittlerweile alle wissen, \u00fcber eine zweite Tonspur als Option eingestellt werden. Neue Choreos brauchen die Vereine auch nicht wirklich. Das, was die organisierten Fans an visuellem Material in den letzten Jahren geliefert haben, reicht f\u00fcr das sich mit fremden Federn schm\u00fccken auf Collagen, Briefk\u00f6pfen oder Einspielern in den n\u00e4chsten Jahren mehr als aus. Es ist auch schon fast egal, wer da spielt: Ob es ein Konstrukt ist, eine Kommanditgesellschaft auf Aktien, eine Werkself oder ein eingetragener Verein. Und es ist auch egal, wann gespielt wird. Bayern um 18 Uhr am Sonntagabend in K\u00f6penick? Egal \u2013 es muss ja au\u00dfer der Mannschaft eh keiner mehr abends um halb neun noch von Berlin nach M\u00fcnchen fahren. Die \u201ebeliebten\u201c Montagsspiele sind letzten Endes auch egal. &nbsp;Letztlich ist es sogar egal, ob \u00fcberhaupt hingeschaut wird \u2013 Hauptsache der Fernseher ist eingeschaltet und die Quote stimmt. So ist es mir 2005 beim Spiel HSV vs. Hertha in Kambodscha ergangen \u2013 es liefen drei Spiele (einmal Bundesliga und zweimal Premier League) auf drei Fernsehern gleichzeitig und niemand au\u00dfer mir nahm sonderlich Notiz vom Spielgeschehen \u2013 es wurde einfach die ganze Zeit gewettet und gezockt \u2013 das Spiel an sich war den Leuten komplett egal. Der asiatische Markt guckt halt anders. Aber das kann den Verantwortlichen f\u00fcrs Auslandsgesch\u00e4ft der Bundesliga auch egal sein. Hauptsache die Kohle flie\u00dft. &nbsp;<\/p>\n\n\n\n<figure class=\"wp-block-image size-large\"><img loading=\"lazy\" decoding=\"async\" width=\"1024\" height=\"683\" src=\"https:\/\/www.meenzer-on-tour.de\/blog\/wp-content\/uploads\/2020\/05\/RUSH25941-1024x683.jpeg\" alt=\"\" class=\"wp-image-807\" srcset=\"https:\/\/www.meenzer-on-tour.de\/blog\/wp-content\/uploads\/2020\/05\/RUSH25941-1024x683.jpeg 1024w, https:\/\/www.meenzer-on-tour.de\/blog\/wp-content\/uploads\/2020\/05\/RUSH25941-300x200.jpeg 300w, https:\/\/www.meenzer-on-tour.de\/blog\/wp-content\/uploads\/2020\/05\/RUSH25941-768x512.jpeg 768w, https:\/\/www.meenzer-on-tour.de\/blog\/wp-content\/uploads\/2020\/05\/RUSH25941-1536x1024.jpeg 1536w, https:\/\/www.meenzer-on-tour.de\/blog\/wp-content\/uploads\/2020\/05\/RUSH25941-2048x1365.jpeg 2048w\" sizes=\"auto, (max-width: 767px) 89vw, (max-width: 1000px) 54vw, (max-width: 1071px) 543px, 580px\" \/><figcaption>Stadionatmosph\u00e4re kann sogar in einer Turnhalle aufkommen, aber nicht im heimischen Wohnzimmer &#8211; ob mit oder ohne Tonspur.<\/figcaption><\/figure>\n\n\n\n<p>Nat\u00fcrlich ist das oben beschriebene Szenario \u00fcberspitzt dargestellt. Ich hoffe, dass durch das Durchziehen der Geisterspiele wir langfristig, was Fanbelange angeht, wieder in die \u201ealte Normalit\u00e4t\u201c gelangen. Gleichzeitig ist allerorten zu h\u00f6ren, dass sich der Profifu\u00dfball ver\u00e4ndern soll. Dass diese Ver\u00e4nderungen im Sinne der Fans sind, hoffen wir zwar inst\u00e4ndig, alleine mir fehlt dazu der Glaube. Dabei m\u00f6chte ich niemanden etwas unterstellen, doch ich f\u00fcrchte tats\u00e4chlich um die Stehpl\u00e4tze, da anzunehmen ist, dass die Ansteckungsgefahr dort h\u00f6her ist, als auf Sitzpl\u00e4tzen mit Maskenpflicht. Und ich f\u00fcrchte um die 50 plus 1 Regel: Viele Vereine sind mittlerweile wohl in finanzielle Schieflage geraten und dieses Szenario ist Wasser auf die M\u00fchlen der Bef\u00fcrworter der Abschaffung von 50 plus 1. Ansonsten gehe ich davon aus, dass sich im Profifu\u00dfball nichts \u00e4ndern wird. Wenn aber Stehpl\u00e4tze tats\u00e4chlich abgeschafft und Investoren T\u00fcr und Tor ge\u00f6ffnet werden, dann bin ich mir auch gar nicht mehr sicher, ob ich mich \u00fcberhaupt noch mit meinem \u201eVerein\u201c identifizieren kann. Er ist mir dann vielleicht auch egal. Eine neue \u201eEgalit\u00e4t\u201c w\u00e4re eigentlich das Ziel gewesen, das viele Fans schon vor Corona vor Augen hatten: eine Gleichheit der Chancen f\u00fcr alle Vereine, beim Titelkampf, beim Ringen um die Europapokalpl\u00e4tze und beim Vermeiden des Abstiegs durch eine faire Verteilung der Fernsehgelder. Doch leider f\u00fcrchte ich, dass diese neue Gleichheit im Profifu\u00dfball nach dem Ende der Krise nicht eintreten wird. Ich lasse mich da aber gerne eines Besseren belehren. Schlie\u00dflich stirbt die Hoffnung bekanntlich zuletzt \u2013 und mir ist der Bundesligafu\u00dfball (noch) nicht egal.<\/p>\n\n\n\n<ul class=\"wp-block-social-links is-layout-flex wp-block-social-links-is-layout-flex\">\n\n<li class=\"wp-social-link wp-social-link-facebook  wp-block-social-link\"><a href=\"https:\/\/www.facebook.com\/MeenzerOnTour\/\" class=\"wp-block-social-link-anchor\"><svg width=\"24\" height=\"24\" viewBox=\"0 0 24 24\" version=\"1.1\" xmlns=\"http:\/\/www.w3.org\/2000\/svg\" aria-hidden=\"true\" focusable=\"false\"><path d=\"M12 2C6.5 2 2 6.5 2 12c0 5 3.7 9.1 8.4 9.9v-7H7.9V12h2.5V9.8c0-2.5 1.5-3.9 3.8-3.9 1.1 0 2.2.2 2.2.2v2.5h-1.3c-1.2 0-1.6.8-1.6 1.6V12h2.8l-.4 2.9h-2.3v7C18.3 21.1 22 17 22 12c0-5.5-4.5-10-10-10z\"><\/path><\/svg><span class=\"wp-block-social-link-label screen-reader-text\">Facebook<\/span><\/a><\/li>\n\n<li class=\"wp-social-link wp-social-link-twitter  wp-block-social-link\"><a href=\"https:\/\/twitter.com\/meenzer_on_tour?lang=de\" class=\"wp-block-social-link-anchor\"><svg width=\"24\" height=\"24\" viewBox=\"0 0 24 24\" version=\"1.1\" xmlns=\"http:\/\/www.w3.org\/2000\/svg\" aria-hidden=\"true\" focusable=\"false\"><path d=\"M22.23,5.924c-0.736,0.326-1.527,0.547-2.357,0.646c0.847-0.508,1.498-1.312,1.804-2.27 c-0.793,0.47-1.671,0.812-2.606,0.996C18.324,4.498,17.257,4,16.077,4c-2.266,0-4.103,1.837-4.103,4.103 c0,0.322,0.036,0.635,0.106,0.935C8.67,8.867,5.647,7.234,3.623,4.751C3.27,5.357,3.067,6.062,3.067,6.814 c0,1.424,0.724,2.679,1.825,3.415c-0.673-0.021-1.305-0.206-1.859-0.513c0,0.017,0,0.034,0,0.052c0,1.988,1.414,3.647,3.292,4.023 c-0.344,0.094-0.707,0.144-1.081,0.144c-0.264,0-0.521-0.026-0.772-0.074c0.522,1.63,2.038,2.816,3.833,2.85 c-1.404,1.1-3.174,1.756-5.096,1.756c-0.331,0-0.658-0.019-0.979-0.057c1.816,1.164,3.973,1.843,6.29,1.843 c7.547,0,11.675-6.252,11.675-11.675c0-0.178-0.004-0.355-0.012-0.531C20.985,7.47,21.68,6.747,22.23,5.924z\"><\/path><\/svg><span class=\"wp-block-social-link-label screen-reader-text\">Twitter<\/span><\/a><\/li>\n\n<li class=\"wp-social-link wp-social-link-instagram  wp-block-social-link\"><a href=\"https:\/\/www.instagram.com\/meenzer_on_tour\/?hl=de\" class=\"wp-block-social-link-anchor\"><svg width=\"24\" height=\"24\" viewBox=\"0 0 24 24\" version=\"1.1\" xmlns=\"http:\/\/www.w3.org\/2000\/svg\" aria-hidden=\"true\" focusable=\"false\"><path d=\"M12,4.622c2.403,0,2.688,0.009,3.637,0.052c0.877,0.04,1.354,0.187,1.671,0.31c0.42,0.163,0.72,0.358,1.035,0.673 c0.315,0.315,0.51,0.615,0.673,1.035c0.123,0.317,0.27,0.794,0.31,1.671c0.043,0.949,0.052,1.234,0.052,3.637 s-0.009,2.688-0.052,3.637c-0.04,0.877-0.187,1.354-0.31,1.671c-0.163,0.42-0.358,0.72-0.673,1.035 c-0.315,0.315-0.615,0.51-1.035,0.673c-0.317,0.123-0.794,0.27-1.671,0.31c-0.949,0.043-1.233,0.052-3.637,0.052 s-2.688-0.009-3.637-0.052c-0.877-0.04-1.354-0.187-1.671-0.31c-0.42-0.163-0.72-0.358-1.035-0.673 c-0.315-0.315-0.51-0.615-0.673-1.035c-0.123-0.317-0.27-0.794-0.31-1.671C4.631,14.688,4.622,14.403,4.622,12 s0.009-2.688,0.052-3.637c0.04-0.877,0.187-1.354,0.31-1.671c0.163-0.42,0.358-0.72,0.673-1.035 c0.315-0.315,0.615-0.51,1.035-0.673c0.317-0.123,0.794-0.27,1.671-0.31C9.312,4.631,9.597,4.622,12,4.622 M12,3 C9.556,3,9.249,3.01,8.289,3.054C7.331,3.098,6.677,3.25,6.105,3.472C5.513,3.702,5.011,4.01,4.511,4.511 c-0.5,0.5-0.808,1.002-1.038,1.594C3.25,6.677,3.098,7.331,3.054,8.289C3.01,9.249,3,9.556,3,12c0,2.444,0.01,2.751,0.054,3.711 c0.044,0.958,0.196,1.612,0.418,2.185c0.23,0.592,0.538,1.094,1.038,1.594c0.5,0.5,1.002,0.808,1.594,1.038 c0.572,0.222,1.227,0.375,2.185,0.418C9.249,20.99,9.556,21,12,21s2.751-0.01,3.711-0.054c0.958-0.044,1.612-0.196,2.185-0.418 c0.592-0.23,1.094-0.538,1.594-1.038c0.5-0.5,0.808-1.002,1.038-1.594c0.222-0.572,0.375-1.227,0.418-2.185 C20.99,14.751,21,14.444,21,12s-0.01-2.751-0.054-3.711c-0.044-0.958-0.196-1.612-0.418-2.185c-0.23-0.592-0.538-1.094-1.038-1.594 c-0.5-0.5-1.002-0.808-1.594-1.038c-0.572-0.222-1.227-0.375-2.185-0.418C14.751,3.01,14.444,3,12,3L12,3z M12,7.378 c-2.552,0-4.622,2.069-4.622,4.622S9.448,16.622,12,16.622s4.622-2.069,4.622-4.622S14.552,7.378,12,7.378z M12,15 c-1.657,0-3-1.343-3-3s1.343-3,3-3s3,1.343,3,3S13.657,15,12,15z M16.804,6.116c-0.596,0-1.08,0.484-1.08,1.08 s0.484,1.08,1.08,1.08c0.596,0,1.08-0.484,1.08-1.08S17.401,6.116,16.804,6.116z\"><\/path><\/svg><span class=\"wp-block-social-link-label screen-reader-text\">Instagram<\/span><\/a><\/li>\n\n\n\n<\/ul>\n\n\n\n<p><\/p>\n","protected":false},"excerpt":{"rendered":"<p>Wie bist Du eigentlich auf den Gedanken gekommen, irgendwann einmal ins Stadion zu gehen? Es liegt in der Natur der Sache, dass wir uns bisher meist erst f\u00fcr Fu\u00dfball interessiert und uns dann zum ersten Mal ins Stadion begeben haben. Nat\u00fcrlich gab es in der \u201ealten Normalit\u00e4t\u201c auch den umgekehrten Fall, sprich, dass Menschen, die &hellip; <\/p>\n<p class=\"link-more\"><a href=\"https:\/\/www.meenzer-on-tour.de\/blog\/willkommen-in-der-neuen-egalitaet\/\" class=\"more-link\"><span class=\"screen-reader-text\">\u201eWillkommen in der neuen \u201eEgalit\u00e4t\u201c\u201c <\/span>weiterlesen<\/a><\/p>\n","protected":false},"author":1,"featured_media":0,"comment_status":"open","ping_status":"open","sticky":false,"template":"","format":"standard","meta":{"footnotes":""},"categories":[4,5],"tags":[232,6,244,11,195,221],"class_list":["post-804","post","type-post","status-publish","format-standard","hentry","category-fussball","category-meinung","tag-corona","tag-fussball","tag-geisterspiele","tag-mainz-05","tag-meinung","tag-saison-2019-2020"],"yoast_head":"<!-- This site is optimized with the Yoast SEO plugin v27.5 - https:\/\/yoast.com\/product\/yoast-seo-wordpress\/ -->\n<title>Willkommen in der neuen \u201eEgalit\u00e4t\u201c - Meenzer on Tour Blog<\/title>\n<meta name=\"robots\" content=\"index, follow, max-snippet:-1, max-image-preview:large, max-video-preview:-1\" \/>\n<link rel=\"canonical\" href=\"https:\/\/www.meenzer-on-tour.de\/blog\/willkommen-in-der-neuen-egalitaet\/\" \/>\n<meta property=\"og:locale\" content=\"de_DE\" \/>\n<meta property=\"og:type\" content=\"article\" \/>\n<meta property=\"og:title\" content=\"Willkommen in der neuen \u201eEgalit\u00e4t\u201c - Meenzer on Tour Blog\" \/>\n<meta property=\"og:description\" content=\"Wie bist Du eigentlich auf den Gedanken gekommen, irgendwann einmal ins Stadion zu gehen? Es liegt in der Natur der Sache, dass wir uns bisher meist erst f\u00fcr Fu\u00dfball interessiert und uns dann zum ersten Mal ins Stadion begeben haben. Nat\u00fcrlich gab es in der \u201ealten Normalit\u00e4t\u201c auch den umgekehrten Fall, sprich, dass Menschen, die &hellip; \u201eWillkommen in der neuen \u201eEgalit\u00e4t\u201c\u201c weiterlesen\" \/>\n<meta property=\"og:url\" content=\"https:\/\/www.meenzer-on-tour.de\/blog\/willkommen-in-der-neuen-egalitaet\/\" \/>\n<meta property=\"og:site_name\" content=\"Meenzer on Tour Blog\" \/>\n<meta property=\"article:published_time\" content=\"2020-05-19T06:34:44+00:00\" \/>\n<meta property=\"article:modified_time\" content=\"2020-05-21T06:43:21+00:00\" \/>\n<meta property=\"og:image\" content=\"https:\/\/www.meenzer-on-tour.de\/blog\/wp-content\/uploads\/2020\/05\/MALW13491-1024x768.jpeg\" \/>\n<meta name=\"author\" content=\"Christoph\" \/>\n<meta name=\"twitter:card\" content=\"summary_large_image\" \/>\n<meta name=\"twitter:label1\" content=\"Verfasst von\" \/>\n\t<meta name=\"twitter:data1\" content=\"Christoph\" \/>\n\t<meta name=\"twitter:label2\" content=\"Gesch\u00e4tzte Lesezeit\" \/>\n\t<meta name=\"twitter:data2\" content=\"7\u00a0Minuten\" \/>\n<script type=\"application\/ld+json\" class=\"yoast-schema-graph\">{\"@context\":\"https:\\\/\\\/schema.org\",\"@graph\":[{\"@type\":\"Article\",\"@id\":\"https:\\\/\\\/www.meenzer-on-tour.de\\\/blog\\\/willkommen-in-der-neuen-egalitaet\\\/#article\",\"isPartOf\":{\"@id\":\"https:\\\/\\\/www.meenzer-on-tour.de\\\/blog\\\/willkommen-in-der-neuen-egalitaet\\\/\"},\"author\":{\"name\":\"Christoph\",\"@id\":\"https:\\\/\\\/www.meenzer-on-tour.de\\\/blog\\\/#\\\/schema\\\/person\\\/e8a97e9efa1062d69a2cbb01f96b919f\"},\"headline\":\"Willkommen in der neuen \u201eEgalit\u00e4t\u201c\",\"datePublished\":\"2020-05-19T06:34:44+00:00\",\"dateModified\":\"2020-05-21T06:43:21+00:00\",\"mainEntityOfPage\":{\"@id\":\"https:\\\/\\\/www.meenzer-on-tour.de\\\/blog\\\/willkommen-in-der-neuen-egalitaet\\\/\"},\"wordCount\":1433,\"commentCount\":0,\"publisher\":{\"@id\":\"https:\\\/\\\/www.meenzer-on-tour.de\\\/blog\\\/#\\\/schema\\\/person\\\/e8a97e9efa1062d69a2cbb01f96b919f\"},\"image\":{\"@id\":\"https:\\\/\\\/www.meenzer-on-tour.de\\\/blog\\\/willkommen-in-der-neuen-egalitaet\\\/#primaryimage\"},\"thumbnailUrl\":\"https:\\\/\\\/www.meenzer-on-tour.de\\\/blog\\\/wp-content\\\/uploads\\\/2020\\\/05\\\/MALW13491-1024x768.jpeg\",\"keywords\":[\"Corona\",\"Fu\u00dfball\",\"Geisterspiele\",\"Mainz 05\",\"Meinung\",\"Saison 2019\\\/2020\"],\"articleSection\":[\"Fu\u00dfball\",\"Meinung\"],\"inLanguage\":\"de\",\"potentialAction\":[{\"@type\":\"CommentAction\",\"name\":\"Comment\",\"target\":[\"https:\\\/\\\/www.meenzer-on-tour.de\\\/blog\\\/willkommen-in-der-neuen-egalitaet\\\/#respond\"]}]},{\"@type\":\"WebPage\",\"@id\":\"https:\\\/\\\/www.meenzer-on-tour.de\\\/blog\\\/willkommen-in-der-neuen-egalitaet\\\/\",\"url\":\"https:\\\/\\\/www.meenzer-on-tour.de\\\/blog\\\/willkommen-in-der-neuen-egalitaet\\\/\",\"name\":\"Willkommen in der neuen \u201eEgalit\u00e4t\u201c - Meenzer on Tour Blog\",\"isPartOf\":{\"@id\":\"https:\\\/\\\/www.meenzer-on-tour.de\\\/blog\\\/#website\"},\"primaryImageOfPage\":{\"@id\":\"https:\\\/\\\/www.meenzer-on-tour.de\\\/blog\\\/willkommen-in-der-neuen-egalitaet\\\/#primaryimage\"},\"image\":{\"@id\":\"https:\\\/\\\/www.meenzer-on-tour.de\\\/blog\\\/willkommen-in-der-neuen-egalitaet\\\/#primaryimage\"},\"thumbnailUrl\":\"https:\\\/\\\/www.meenzer-on-tour.de\\\/blog\\\/wp-content\\\/uploads\\\/2020\\\/05\\\/MALW13491-1024x768.jpeg\",\"datePublished\":\"2020-05-19T06:34:44+00:00\",\"dateModified\":\"2020-05-21T06:43:21+00:00\",\"breadcrumb\":{\"@id\":\"https:\\\/\\\/www.meenzer-on-tour.de\\\/blog\\\/willkommen-in-der-neuen-egalitaet\\\/#breadcrumb\"},\"inLanguage\":\"de\",\"potentialAction\":[{\"@type\":\"ReadAction\",\"target\":[\"https:\\\/\\\/www.meenzer-on-tour.de\\\/blog\\\/willkommen-in-der-neuen-egalitaet\\\/\"]}]},{\"@type\":\"ImageObject\",\"inLanguage\":\"de\",\"@id\":\"https:\\\/\\\/www.meenzer-on-tour.de\\\/blog\\\/willkommen-in-der-neuen-egalitaet\\\/#primaryimage\",\"url\":\"https:\\\/\\\/www.meenzer-on-tour.de\\\/blog\\\/wp-content\\\/uploads\\\/2020\\\/05\\\/MALW13491-1024x768.jpeg\",\"contentUrl\":\"https:\\\/\\\/www.meenzer-on-tour.de\\\/blog\\\/wp-content\\\/uploads\\\/2020\\\/05\\\/MALW13491-1024x768.jpeg\"},{\"@type\":\"BreadcrumbList\",\"@id\":\"https:\\\/\\\/www.meenzer-on-tour.de\\\/blog\\\/willkommen-in-der-neuen-egalitaet\\\/#breadcrumb\",\"itemListElement\":[{\"@type\":\"ListItem\",\"position\":1,\"name\":\"Startseite\",\"item\":\"https:\\\/\\\/www.meenzer-on-tour.de\\\/blog\\\/\"},{\"@type\":\"ListItem\",\"position\":2,\"name\":\"Willkommen in der neuen \u201eEgalit\u00e4t\u201c\"}]},{\"@type\":\"WebSite\",\"@id\":\"https:\\\/\\\/www.meenzer-on-tour.de\\\/blog\\\/#website\",\"url\":\"https:\\\/\\\/www.meenzer-on-tour.de\\\/blog\\\/\",\"name\":\"Meenzer on Tour Blog\",\"description\":\"Reisen - Fankultur - B&uuml;cher - Mainz\",\"publisher\":{\"@id\":\"https:\\\/\\\/www.meenzer-on-tour.de\\\/blog\\\/#\\\/schema\\\/person\\\/e8a97e9efa1062d69a2cbb01f96b919f\"},\"potentialAction\":[{\"@type\":\"SearchAction\",\"target\":{\"@type\":\"EntryPoint\",\"urlTemplate\":\"https:\\\/\\\/www.meenzer-on-tour.de\\\/blog\\\/?s={search_term_string}\"},\"query-input\":{\"@type\":\"PropertyValueSpecification\",\"valueRequired\":true,\"valueName\":\"search_term_string\"}}],\"inLanguage\":\"de\"},{\"@type\":[\"Person\",\"Organization\"],\"@id\":\"https:\\\/\\\/www.meenzer-on-tour.de\\\/blog\\\/#\\\/schema\\\/person\\\/e8a97e9efa1062d69a2cbb01f96b919f\",\"name\":\"Christoph\",\"image\":{\"@type\":\"ImageObject\",\"inLanguage\":\"de\",\"@id\":\"https:\\\/\\\/www.meenzer-on-tour.de\\\/blog\\\/wp-content\\\/uploads\\\/2021\\\/08\\\/A107190A-FC35-48EA-8B44-CF4EB9117345.jpeg\",\"url\":\"https:\\\/\\\/www.meenzer-on-tour.de\\\/blog\\\/wp-content\\\/uploads\\\/2021\\\/08\\\/A107190A-FC35-48EA-8B44-CF4EB9117345.jpeg\",\"contentUrl\":\"https:\\\/\\\/www.meenzer-on-tour.de\\\/blog\\\/wp-content\\\/uploads\\\/2021\\\/08\\\/A107190A-FC35-48EA-8B44-CF4EB9117345.jpeg\",\"width\":2000,\"height\":1200,\"caption\":\"Christoph\"},\"logo\":{\"@id\":\"https:\\\/\\\/www.meenzer-on-tour.de\\\/blog\\\/wp-content\\\/uploads\\\/2021\\\/08\\\/A107190A-FC35-48EA-8B44-CF4EB9117345.jpeg\"},\"url\":\"https:\\\/\\\/www.meenzer-on-tour.de\\\/blog\\\/author\\\/admin\\\/\"}]}<\/script>\n<!-- \/ Yoast SEO plugin. -->","yoast_head_json":{"title":"Willkommen in der neuen \u201eEgalit\u00e4t\u201c - Meenzer on Tour Blog","robots":{"index":"index","follow":"follow","max-snippet":"max-snippet:-1","max-image-preview":"max-image-preview:large","max-video-preview":"max-video-preview:-1"},"canonical":"https:\/\/www.meenzer-on-tour.de\/blog\/willkommen-in-der-neuen-egalitaet\/","og_locale":"de_DE","og_type":"article","og_title":"Willkommen in der neuen \u201eEgalit\u00e4t\u201c - Meenzer on Tour Blog","og_description":"Wie bist Du eigentlich auf den Gedanken gekommen, irgendwann einmal ins Stadion zu gehen? Es liegt in der Natur der Sache, dass wir uns bisher meist erst f\u00fcr Fu\u00dfball interessiert und uns dann zum ersten Mal ins Stadion begeben haben. Nat\u00fcrlich gab es in der \u201ealten Normalit\u00e4t\u201c auch den umgekehrten Fall, sprich, dass Menschen, die &hellip; \u201eWillkommen in der neuen \u201eEgalit\u00e4t\u201c\u201c weiterlesen","og_url":"https:\/\/www.meenzer-on-tour.de\/blog\/willkommen-in-der-neuen-egalitaet\/","og_site_name":"Meenzer on Tour Blog","article_published_time":"2020-05-19T06:34:44+00:00","article_modified_time":"2020-05-21T06:43:21+00:00","og_image":[{"url":"https:\/\/www.meenzer-on-tour.de\/blog\/wp-content\/uploads\/2020\/05\/MALW13491-1024x768.jpeg","type":"","width":"","height":""}],"author":"Christoph","twitter_card":"summary_large_image","twitter_misc":{"Verfasst von":"Christoph","Gesch\u00e4tzte Lesezeit":"7\u00a0Minuten"},"schema":{"@context":"https:\/\/schema.org","@graph":[{"@type":"Article","@id":"https:\/\/www.meenzer-on-tour.de\/blog\/willkommen-in-der-neuen-egalitaet\/#article","isPartOf":{"@id":"https:\/\/www.meenzer-on-tour.de\/blog\/willkommen-in-der-neuen-egalitaet\/"},"author":{"name":"Christoph","@id":"https:\/\/www.meenzer-on-tour.de\/blog\/#\/schema\/person\/e8a97e9efa1062d69a2cbb01f96b919f"},"headline":"Willkommen in der neuen \u201eEgalit\u00e4t\u201c","datePublished":"2020-05-19T06:34:44+00:00","dateModified":"2020-05-21T06:43:21+00:00","mainEntityOfPage":{"@id":"https:\/\/www.meenzer-on-tour.de\/blog\/willkommen-in-der-neuen-egalitaet\/"},"wordCount":1433,"commentCount":0,"publisher":{"@id":"https:\/\/www.meenzer-on-tour.de\/blog\/#\/schema\/person\/e8a97e9efa1062d69a2cbb01f96b919f"},"image":{"@id":"https:\/\/www.meenzer-on-tour.de\/blog\/willkommen-in-der-neuen-egalitaet\/#primaryimage"},"thumbnailUrl":"https:\/\/www.meenzer-on-tour.de\/blog\/wp-content\/uploads\/2020\/05\/MALW13491-1024x768.jpeg","keywords":["Corona","Fu\u00dfball","Geisterspiele","Mainz 05","Meinung","Saison 2019\/2020"],"articleSection":["Fu\u00dfball","Meinung"],"inLanguage":"de","potentialAction":[{"@type":"CommentAction","name":"Comment","target":["https:\/\/www.meenzer-on-tour.de\/blog\/willkommen-in-der-neuen-egalitaet\/#respond"]}]},{"@type":"WebPage","@id":"https:\/\/www.meenzer-on-tour.de\/blog\/willkommen-in-der-neuen-egalitaet\/","url":"https:\/\/www.meenzer-on-tour.de\/blog\/willkommen-in-der-neuen-egalitaet\/","name":"Willkommen in der neuen \u201eEgalit\u00e4t\u201c - Meenzer on Tour Blog","isPartOf":{"@id":"https:\/\/www.meenzer-on-tour.de\/blog\/#website"},"primaryImageOfPage":{"@id":"https:\/\/www.meenzer-on-tour.de\/blog\/willkommen-in-der-neuen-egalitaet\/#primaryimage"},"image":{"@id":"https:\/\/www.meenzer-on-tour.de\/blog\/willkommen-in-der-neuen-egalitaet\/#primaryimage"},"thumbnailUrl":"https:\/\/www.meenzer-on-tour.de\/blog\/wp-content\/uploads\/2020\/05\/MALW13491-1024x768.jpeg","datePublished":"2020-05-19T06:34:44+00:00","dateModified":"2020-05-21T06:43:21+00:00","breadcrumb":{"@id":"https:\/\/www.meenzer-on-tour.de\/blog\/willkommen-in-der-neuen-egalitaet\/#breadcrumb"},"inLanguage":"de","potentialAction":[{"@type":"ReadAction","target":["https:\/\/www.meenzer-on-tour.de\/blog\/willkommen-in-der-neuen-egalitaet\/"]}]},{"@type":"ImageObject","inLanguage":"de","@id":"https:\/\/www.meenzer-on-tour.de\/blog\/willkommen-in-der-neuen-egalitaet\/#primaryimage","url":"https:\/\/www.meenzer-on-tour.de\/blog\/wp-content\/uploads\/2020\/05\/MALW13491-1024x768.jpeg","contentUrl":"https:\/\/www.meenzer-on-tour.de\/blog\/wp-content\/uploads\/2020\/05\/MALW13491-1024x768.jpeg"},{"@type":"BreadcrumbList","@id":"https:\/\/www.meenzer-on-tour.de\/blog\/willkommen-in-der-neuen-egalitaet\/#breadcrumb","itemListElement":[{"@type":"ListItem","position":1,"name":"Startseite","item":"https:\/\/www.meenzer-on-tour.de\/blog\/"},{"@type":"ListItem","position":2,"name":"Willkommen in der neuen \u201eEgalit\u00e4t\u201c"}]},{"@type":"WebSite","@id":"https:\/\/www.meenzer-on-tour.de\/blog\/#website","url":"https:\/\/www.meenzer-on-tour.de\/blog\/","name":"Meenzer on Tour Blog","description":"Reisen - Fankultur - B&uuml;cher - Mainz","publisher":{"@id":"https:\/\/www.meenzer-on-tour.de\/blog\/#\/schema\/person\/e8a97e9efa1062d69a2cbb01f96b919f"},"potentialAction":[{"@type":"SearchAction","target":{"@type":"EntryPoint","urlTemplate":"https:\/\/www.meenzer-on-tour.de\/blog\/?s={search_term_string}"},"query-input":{"@type":"PropertyValueSpecification","valueRequired":true,"valueName":"search_term_string"}}],"inLanguage":"de"},{"@type":["Person","Organization"],"@id":"https:\/\/www.meenzer-on-tour.de\/blog\/#\/schema\/person\/e8a97e9efa1062d69a2cbb01f96b919f","name":"Christoph","image":{"@type":"ImageObject","inLanguage":"de","@id":"https:\/\/www.meenzer-on-tour.de\/blog\/wp-content\/uploads\/2021\/08\/A107190A-FC35-48EA-8B44-CF4EB9117345.jpeg","url":"https:\/\/www.meenzer-on-tour.de\/blog\/wp-content\/uploads\/2021\/08\/A107190A-FC35-48EA-8B44-CF4EB9117345.jpeg","contentUrl":"https:\/\/www.meenzer-on-tour.de\/blog\/wp-content\/uploads\/2021\/08\/A107190A-FC35-48EA-8B44-CF4EB9117345.jpeg","width":2000,"height":1200,"caption":"Christoph"},"logo":{"@id":"https:\/\/www.meenzer-on-tour.de\/blog\/wp-content\/uploads\/2021\/08\/A107190A-FC35-48EA-8B44-CF4EB9117345.jpeg"},"url":"https:\/\/www.meenzer-on-tour.de\/blog\/author\/admin\/"}]}},"_links":{"self":[{"href":"https:\/\/www.meenzer-on-tour.de\/blog\/wp-json\/wp\/v2\/posts\/804","targetHints":{"allow":["GET"]}}],"collection":[{"href":"https:\/\/www.meenzer-on-tour.de\/blog\/wp-json\/wp\/v2\/posts"}],"about":[{"href":"https:\/\/www.meenzer-on-tour.de\/blog\/wp-json\/wp\/v2\/types\/post"}],"author":[{"embeddable":true,"href":"https:\/\/www.meenzer-on-tour.de\/blog\/wp-json\/wp\/v2\/users\/1"}],"replies":[{"embeddable":true,"href":"https:\/\/www.meenzer-on-tour.de\/blog\/wp-json\/wp\/v2\/comments?post=804"}],"version-history":[{"count":4,"href":"https:\/\/www.meenzer-on-tour.de\/blog\/wp-json\/wp\/v2\/posts\/804\/revisions"}],"predecessor-version":[{"id":811,"href":"https:\/\/www.meenzer-on-tour.de\/blog\/wp-json\/wp\/v2\/posts\/804\/revisions\/811"}],"wp:attachment":[{"href":"https:\/\/www.meenzer-on-tour.de\/blog\/wp-json\/wp\/v2\/media?parent=804"}],"wp:term":[{"taxonomy":"category","embeddable":true,"href":"https:\/\/www.meenzer-on-tour.de\/blog\/wp-json\/wp\/v2\/categories?post=804"},{"taxonomy":"post_tag","embeddable":true,"href":"https:\/\/www.meenzer-on-tour.de\/blog\/wp-json\/wp\/v2\/tags?post=804"}],"curies":[{"name":"wp","href":"https:\/\/api.w.org\/{rel}","templated":true}]}}