{"id":476,"date":"2019-09-06T13:15:37","date_gmt":"2019-09-06T11:15:37","guid":{"rendered":"http:\/\/www.meenzer-on-tour.de\/blog\/?p=476"},"modified":"2019-09-06T16:16:01","modified_gmt":"2019-09-06T14:16:01","slug":"naechster-halt-nachhaltigkeit-im-fussballbusiness","status":"publish","type":"post","link":"https:\/\/www.meenzer-on-tour.de\/blog\/naechster-halt-nachhaltigkeit-im-fussballbusiness\/","title":{"rendered":"N\u00e4chster Halt: Nachhaltigkeit im Fu\u00dfballbusiness?!"},"content":{"rendered":"\n<p>Aus Anlass des dritten globalen Klimastreiks am 20. September unterst\u00fctzt Mainz 05 die \u201eFridays for Future\u201c Protestaktion durch Einsatz eines Sonderzugs zum am gleichen Tag stattfindenden Ausw\u00e4rtsspiel in Gelsenkirchen. Ferner werden die Nullf\u00fcnf-Mitarbeiter freigestellt, um an den Kundgebungen teilzunehmen.<\/p>\n\n\n\n<p>Diese Aktionen sind ausdr\u00fccklich zu begr\u00fc\u00dfen. Der Verein positioniert sich eindeutig und setzt nach eigener Aussage ein Zeichen \u201ef\u00fcr Nachhaltigkeit und f\u00fcr den Schutz der Umwelt\u201c. W\u00e4hrend andere Vereine mit diesem Thema noch fremdeln, &nbsp;gilt Mainz 05 als Pionier bei diesem Thema im Profifu\u00dfball, seitdem sich der Verein 2010 als erster klimaneutraler Verein positioniert hat und seither sich der \u201eMission Klimaverteidiger\u201c verschrieben hat. Allerdings muss der Verein meiner Meinung nach aufpassen, dass diese Aktionen zum Schalke-Spiel nicht ungewollt als Greenwashing abgetan werden.<\/p>\n\n\n\n<figure class=\"wp-block-image\"><img loading=\"lazy\" decoding=\"async\" width=\"788\" height=\"600\" src=\"http:\/\/www.meenzer-on-tour.de\/blog\/wp-content\/uploads\/2019\/09\/1DAA31D1-17B1-4847-83BB-6A3A3B7D63CD.jpeg\" alt=\"Sonderzug nach Schalke am Tag des 3. globalen Streik f\u00fcrs Klima\" class=\"wp-image-478\" srcset=\"https:\/\/www.meenzer-on-tour.de\/blog\/wp-content\/uploads\/2019\/09\/1DAA31D1-17B1-4847-83BB-6A3A3B7D63CD.jpeg 788w, https:\/\/www.meenzer-on-tour.de\/blog\/wp-content\/uploads\/2019\/09\/1DAA31D1-17B1-4847-83BB-6A3A3B7D63CD-300x228.jpeg 300w, https:\/\/www.meenzer-on-tour.de\/blog\/wp-content\/uploads\/2019\/09\/1DAA31D1-17B1-4847-83BB-6A3A3B7D63CD-768x585.jpeg 768w\" sizes=\"auto, (max-width: 767px) 89vw, (max-width: 1000px) 54vw, (max-width: 1071px) 543px, 580px\" \/><figcaption>Sonderzug nach Schalke am Tag des 3. globalen Streik f\u00fcrs Klima<\/figcaption><\/figure>\n\n\n\n<p>Eine Fahrt mit dem Bus zum Ausw\u00e4rtsspiel ist nicht unbedingt klimasch\u00e4dlicher, als die Bahn zu nehmen. Wer meine <a rel=\"noreferrer noopener\" aria-label=\"Sp\u00e4tlese (\u00f6ffnet in neuem Tab)\" href=\"http:\/\/www.meenzer-on-tour.de\/blog\/category\/fussball\/spaetlese\/\" target=\"_blank\">Sp\u00e4tlese<\/a> kennt, wei\u00df, dass ich der Bahn gegen\u00fcber sehr freundlich gesonnen bin. Sie f\u00e4hrt aber bis heute noch mit ziemlich viel Strom durch die Gegend, der aus Braunkohlekraftwerken stammt, die in Deutschland f\u00fcr einen sehr hohen Aussto\u00df des klimasch\u00e4dlichen CO2 verantwortlich sind. Ferner ist die Bahn bis heute der gr\u00f6\u00dfte Verbraucher von Glyphosat, was unter Umweltsch\u00fctzern auch nicht gerade einen guten Ruf hat, da es f\u00fcr das Insektensterben mit verantwortlich gemacht wird. Verkehrstr\u00e4ger gegeneinander auszuspielen ist nicht wirklich zielf\u00fchrend. Trotzdem ist es nat\u00fcrlich nicht verkehrt, diesen Zug fahren zu lassen. Es gibt nur in dieser Thematik eben keine Schwarz-Wei\u00df-Malerei in Form des guten oder des schlechten Verkehrsmittels. Ob man innerdeutsch zu Ausw\u00e4rtsspielen fliegen muss, m\u00f6glichst noch mit dem Privatjet, sei allerdings dahingestellt.<\/p>\n\n\n\n<p>Nachhaltigkeit besteht aber nicht nur aus Klimaschutz. Es\ngeht auch um ressourcenschonendes Auftreten. Daher m\u00fcssen wir alle, auch Mainz\n05, wollen wir nachhaltig agieren, unser gesamtes (wirtschaftliches) Handeln\n\u00fcberpr\u00fcfen \u2013 sprich eine Nachhaltigkeitsinventur durchf\u00fchren. Im Marketing\nspricht man gerne von einer \u201eCustomer Journey\u201c, also einer Reise der Kunden,\nwenn es um Ber\u00fchrungspunkte dieser mit Unternehmen geht.<\/p>\n\n\n\n<p>Begebe ich mich jetzt unter Nachhaltigkeitskriterien auf\neine Customer Journey bei Mainz 05, dann fallen mir Punkte auf, die&nbsp; es wert sind, mal genauer unter die Lupe\ngenommen zu werden:<\/p>\n\n\n\n<p>Wenn ich das Stadion betrete und mich an den Verpflegungsst\u00e4nden anstelle, frage ich mich, warum Einweggetr\u00e4nkebecher genutzt werden. Mehrweg ist immer besser als Einweg, sofern dies keine Hygienerichtlinien untersagen. Oberstes Credo sollte immer sein, M\u00fcll zu vermeiden, damit Recycling erst gar nicht notwendig wird. Denn leider sind Becher aus Maisst\u00e4rke, wie sie bei uns genutzt werden, nicht besser als Einweg-Plastikbecher: Anbaufl\u00e4chen f\u00fcr Becher statt f\u00fcr den Nahrungsmittelanbau zu nutzen ist schon problematisch. Wenn daf\u00fcr am Ende noch der Amazonas-Regenwald abgeholzt wird, ist sp\u00e4testens jedem klar, dass es wenig Sinn macht, Fl\u00e4chen mit Pflanzen zu bebauen, die zu Bechern verarbeitet werden, die wir nur ein paar Minuten nutzen. Recyceln lassen sich die Becher aktuell auch nicht wirklich. Wer mehr dazu erfahren m\u00f6chte, klickt mal auf den Artikel der Wirtschaftswoche (Links finden sich am Ende des Artikels). <\/p>\n\n\n\n<p>Unter anderem werden auch auf St. Pauli Mehrwegbecher genutzt. Die Stadionbesucher*innen haben die M\u00f6glichkeit, ihr Becherpfand Viva Con Agua de St. Pauli zu spenden. Man muss das Rad manchmal gar nicht neu erfinden, was zum Bespiel der 1. FC N\u00fcrnberg zu recht bemerkt hat, wie die Glubb-Fans auf Fasznation Nordkurve dargestellt haben (Link unten). Was f\u00fcr ein starkes Zeichen des deutschen Fu\u00dfballs w\u00e4re es, in allen Stadien der Bundesliga neben denen in St. Pauli und N\u00fcrnberg diese Idee einzuf\u00fchren? Und wieviel Geld k\u00e4me da an jedem Wochenende f\u00fcr Trinkwasserprojekte weltweit zusammen?<\/p>\n\n\n\n<figure class=\"wp-block-image\"><img loading=\"lazy\" decoding=\"async\" width=\"573\" height=\"430\" src=\"http:\/\/www.meenzer-on-tour.de\/blog\/wp-content\/uploads\/2019\/09\/186B02F1-F18E-4D80-96DF-4DAD3D363168.jpeg\" alt=\"Einwegbecher im Stadion\" class=\"wp-image-479\" srcset=\"https:\/\/www.meenzer-on-tour.de\/blog\/wp-content\/uploads\/2019\/09\/186B02F1-F18E-4D80-96DF-4DAD3D363168.jpeg 573w, https:\/\/www.meenzer-on-tour.de\/blog\/wp-content\/uploads\/2019\/09\/186B02F1-F18E-4D80-96DF-4DAD3D363168-300x225.jpeg 300w\" sizes=\"auto, (max-width: 573px) 100vw, 573px\" \/><figcaption>Einwegbecher im Stadion<\/figcaption><\/figure>\n\n\n\n<p>Sind die Mehrwegplastikbecher irgendwann mal nicht mehr zu benutzen, kann aus ihnen etwas Neues entstehen, z.B. eine Bank zum Chillen vor dem Stadion. Diese Upcycling-Prozesse sorgen daf\u00fcr, dass Plastik nicht generell verteufelt werden muss. Auch bei den Pappbechern k\u00f6nnte man einen Weg gehen wie das Neustadteis mit den Recup2Go Pfand-Bechern f\u00fcr Kaffee, Tee und Gl\u00fchwein. <\/p>\n\n\n\n<p>Statt dem aktuellen Getr\u00e4nkelieferant w\u00e4re es  nat\u00fcrlich nachhaltiger, Bio-Getr\u00e4nke ins Sortiment aufzunehmen. Bei Kaffee und Kakao sollte auch darauf geachtet werden, Fairtrade-Produkte zu verwenden. Lokal produzierte Speisen und Rheinhessenwein zu verkaufen ist schon mal ein Tick weit nachhaltig \u2013 den Spundek\u00e4s und das wirklich tolle weitere vegetarische Angebot in Plastik zu verpacken, ist es aber nicht. Denn Plastik wird in Deutschland leider oft nicht recycelt, sondern exportiert \u2013 aktuell haupts\u00e4chlich nach Asien. Dann gilt es in Deutschland sogar offiziell als recycelt, landet aber leider allzu oft im Meer. Das Mainzer Start-Up Got Bag, macht \u00fcbrigens aus Meeresplastik Rucks\u00e4cke \u2013 eine andere Art des oben beschriebenen Upcyclings. Auch f\u00fcr Geschirr k\u00f6nnte der Verein entweder ein Pfandsystem einf\u00fchren oder wenigstens Einwegmaterial aus recycelter Pappe vorschreiben. Die Servietten f\u00fcr die Wurst im Br\u00f6tchen sollten nat\u00fcrlich aus FSC-zertifierten Holzbestand produziert werden oder  aus recyceltem Papier &#8211; jeweils CO2-neutral hergestellt. &nbsp;<\/p>\n\n\n\n<p>Beim Essen bleibt die Nachhaltigkeit aktuell auch noch allzu oft auf der Strecke. Warum keine Bio-Wurst und Bio-Pommes etc.? Gerade die fleischlosen Speisen sind in der Bio-Variante nicht wesentlich teurer. Dass wir alle weniger Fleisch konsumieren sollten, m\u00f6chten wir nachhaltig leben, ist ohnehin klar. Dass eine Bio-Wurst 5 \u20ac kostet, ist halt der Preis daf\u00fcr. Statt zwei W\u00fcrsten aus Massentierhaltung, eine Bio-Wurst zu konsumieren, w\u00e4re halt ein Ansatz, wenn wir wollten\u2026 Aus dem Alt\u00f6l und Frittierfett l\u00e4sst sich in wenigen Jahren Biokerosin f\u00fcrs Flugzeug herstellen \u2013 das nur am Rande, aber wir sehen dabei, dass aus vielen Abf\u00e4lle in Zukunft Rohstoffe f\u00fcr neue Produkte entstehen k\u00f6nnen.<\/p>\n\n\n\n<p>Habe ich genug gegessen und getrunken, geht es mal auf die Toilette. Urinale ohne Wasserverbrauch sind in Deutschland, wo es zum Gl\u00fcck noch genug regnet, aktuell wohl nicht unbedingt notwendig. Allerdings k\u00f6nnten die Toiletten z.B. mit Regenwasser versorgt werden. Klopapier ohne Plastikverpackung gibt es mittlerweile auch schon. Leider wird aber bis heute das Recycling-Klopapier immer in Plastik eingepackt. Aktuell gibt es nur einen Anbieter der Klopapier aus Pappverpackung anbietet \u2013 allerdings best\u00fcckt mit Bambusklorollen. <\/p>\n\n\n\n<figure class=\"wp-block-image\"><img loading=\"lazy\" decoding=\"async\" width=\"764\" height=\"511\" src=\"http:\/\/www.meenzer-on-tour.de\/blog\/wp-content\/uploads\/2019\/09\/875792FD-1E15-4CAB-93C3-F2E606986221.jpeg\" alt=\"Auch auf dem stillen \u00d6rtchen, l\u00e4sst sich Nachhaltigkeit umsetzen \" class=\"wp-image-481\" srcset=\"https:\/\/www.meenzer-on-tour.de\/blog\/wp-content\/uploads\/2019\/09\/875792FD-1E15-4CAB-93C3-F2E606986221.jpeg 764w, https:\/\/www.meenzer-on-tour.de\/blog\/wp-content\/uploads\/2019\/09\/875792FD-1E15-4CAB-93C3-F2E606986221-300x201.jpeg 300w\" sizes=\"auto, (max-width: 706px) 89vw, (max-width: 767px) 82vw, 740px\" \/><figcaption>Auch auf dem stillen \u00d6rtchen, l\u00e4sst sich Nachhaltigkeit umsetzen <\/figcaption><\/figure>\n\n\n\n<p>Diese stammen aus China und der Transport von Klorollen um\ndie halbe Welt ist nun auch nicht wirklich nachhaltig. Bei den Seifenspendern\nsollte Seife als Naturkosmetik ohne Mikroplastik zur Verf\u00fcgung stehen. Ob\nPalm\u00f6l in die Seife \u201edarf\u201c, h\u00e4ngt davon ab, wie die Palmenplantagen entstanden\nsind. Wurde daf\u00fcr Regenwald abholzt, ist Palm\u00f6l leider wirklich Mist. Das Zeug\nsteckt \u00fcbrigens auch in vielen Nahrungsmitteln drin, wo man es gar nicht\nvermutet, z.B. in Salzbretzeln f\u00fcr den Spundek\u00e4s \u2013 einfach mal auf die\nVerpackung schauen. Es gibt aber auch h\u00e4ufig palm\u00f6lfreie Alternativen, gerade auch\nbei der Seife oder bei vielen Keksen. Beim Trocknen der H\u00e4nde sind die\nelektrischen Trockner wohl am nachhaltigsten, wenn sie mit Strom aus\nerneuerbaren Energien betrieben werden &#8211; bei unseren Klimaverteidigern und dem\nentsprechenden Sponsor wahrscheinlich Standard. <\/p>\n\n\n\n<p>Raus aus dem Klo, rauf auf den Sitzplatz. Beim CrowdFANding wurde es vorgemacht: Sitzschalen aus dem Bruchweg wurde neues Leben eingehaucht, in dem die Dinger von der Nordtrib\u00fcne in einem Upcycling-Prozess (Reinigung der Dinger) an Liebhaber*innen der Bruchwegromantik gegen gutes Geld vertickt wurden, damit unser Fanhaus f\u00fcr Mainz entstehen konnte. <\/p>\n\n\n\n<figure class=\"wp-block-image\"><img loading=\"lazy\" decoding=\"async\" width=\"800\" height=\"600\" src=\"http:\/\/www.meenzer-on-tour.de\/blog\/wp-content\/uploads\/2019\/09\/FE7DCA9E-008B-4D13-B01C-AF68D02CC738.jpeg\" alt=\"Auch beim Thema Kleidung gilt es Wege der Nachhaltigkeit zu finden.\" class=\"wp-image-482\" srcset=\"https:\/\/www.meenzer-on-tour.de\/blog\/wp-content\/uploads\/2019\/09\/FE7DCA9E-008B-4D13-B01C-AF68D02CC738.jpeg 800w, https:\/\/www.meenzer-on-tour.de\/blog\/wp-content\/uploads\/2019\/09\/FE7DCA9E-008B-4D13-B01C-AF68D02CC738-300x225.jpeg 300w, https:\/\/www.meenzer-on-tour.de\/blog\/wp-content\/uploads\/2019\/09\/FE7DCA9E-008B-4D13-B01C-AF68D02CC738-768x576.jpeg 768w\" sizes=\"auto, (max-width: 767px) 89vw, (max-width: 1000px) 54vw, (max-width: 1071px) 543px, 580px\" \/><figcaption>Auch beim Thema Kleidung gilt es Wege der Nachhaltigkeit zu finden.<\/figcaption><\/figure>\n\n\n\n<p>Wenn die rot-wei\u00dfen Jungs auf den Platz laufen, tun sie dies\nnat\u00fcrlich nicht splitternackt, sondern in den vom Ausr\u00fcster gestellten\nKlamotten. Nachhaltig ist an den angebotenen Sport-Utensilien aktuell wohl\nwirklich kaum etwas. Nat\u00fcrlich muss kein Spieler in Bio-Baumwolle \u00fcber den\nPlatz traben. Es gibt aber Outdoor-Firmen wie Patagonia, die Funktionskleidung\nbereits nachhaltig herstellen \u2013 teilweise aus recycelter Plastik! Da sollte\nDruck seitens der DFL auf die Ausr\u00fcster ausge\u00fcbt werden, damit Kleidung und\nauch die B\u00e4lle m\u00f6glichst vielen Fairfashion-Kriterien entsprechen. Es hat\nsicherlich niemand Lust, einen Ball zu verfolgen, der aus Kinder- oder\nSklavenarbeit entstanden ist. <\/p>\n\n\n\n<p>Hat hier Mainz 05 alleine praktisch keine Chance, etwas als Verein umzusetzen, liegt der Ball aber sp\u00e4testens nachkicks, wenn ich mich auf meiner Customer Journey in den Fanshop begebe, wieder beim Fu\u00dfballsportverein. Warum nicht alle Fanartikel auf Nachhaltigkeit \u00fcberpr\u00fcfen? Nachhaltigkeit schlie\u00dft, wie oben bereits angerissen, auch die soziale Nachhaltigkeit ein. Fair gehandelte, mit GOTS-Siegel zertifizierte Kleidung aus dem Fanshop sorgt daf\u00fcr, dass es eben zu keiner Kinderarbeit kommt, die Menschen, die Fanschals etc. herstellen, einen Arbeitsvertrag erhalten, das Recht einger\u00e4umt bekommen, Gewerkschaften zu gr\u00fcnden, Urlaub zu bekommen u.v.m. Das was wir f\u00fcr uns zu Recht in Anspruch nehmen, k\u00f6nnten wir auch denjenigen erm\u00f6glichen, die unsere rot-wei\u00dfen Klamotten herstellen. <\/p>\n\n\n\n<p>Am Ende der Customer Journey angelangt, ziehen meine Gedanken nat\u00fcrlich weiter, beim Blick auf das Stadion. Ich sehe Schwalbennester, die gesch\u00fctzt werden, ein Stadion was wegen der Kaltluftschneise tiefer gelegt wurde und ein Dach mit Solarzellen. Nachhaltigkeit ist nicht erst der Hype der letzten Monate. Sie wurde auch schon in die Planungen zum Stadion am Europakreisel einbezogen. Dieser Punkt wird f\u00fcr mich als Fan immer wichtiger. Ich h\u00e4tte gro\u00dfe Probleme, einen Verein zu unterst\u00fctzen, der mit Sponsoren zusammenarbeitet, die alles andere als nachhaltig arbeiten. Dementsprechend f\u00fchle ich mich bei Mainz 05 gut aufgehoben. Jetzt liegt es am Verein, dieses Thema St\u00fcck f\u00fcr St\u00fcck auch weiter umzusetzen&nbsp; &#8211; nicht nur auf der Customer Journey, sondern auch hinter den Kulissen, hinter die ich als Stadiong\u00e4nger gar blicken kann.<\/p>\n\n\n\n<p>Weiterf\u00fchrende Links:<\/p>\n\n\n\n<p>Mainz 05: Pressemitteilung \u201e<a href=\"https:\/\/www.mainz05.de\/news\/mainz-05-unterstuetzt-fridays-for-future\/\" target=\"_blank\" rel=\"noreferrer noopener\" aria-label=\"Mainz 05 unterst\u00fctzt Fridays for Future (\u00f6ffnet in neuem Tab)\">Mainz 05 unterst\u00fctzt Fridays for Future<\/a>\u201c <\/p>\n\n\n\n<p>Handelsblatt: Glyphosat \u2013 &#8222;<a href=\"https:\/\/www.handelsblatt.com\/technik\/energie-umwelt\/glyphosat-groesster-einzelverbraucher-ist-die-bahn\/13607880-2.html?ticket=ST-7501941-tQpqolX6y03y6ImP3Z9z-ap4\" target=\"_blank\" rel=\"noreferrer noopener\" aria-label=\"Gr\u00f6\u00dfter Einzelverbraucher ist die Bahn (\u00f6ffnet in neuem Tab)\">Gr\u00f6\u00dfter Einzelverbraucher ist die Bahn<\/a>&#8222;<\/p>\n\n\n\n<p>Wirtschaftswoche: &#8222;<a href=\"https:\/\/www.wiwo.de\/technologie\/umwelt\/nachhaltigkeit-bio-becher-ist-genauso-schlecht-wie-plastik\/7273242-6.html\" target=\"_blank\" rel=\"noreferrer noopener\" aria-label=\"Bio-Becher ist genauso schlecht wie Plastik (\u00f6ffnet in neuem Tab)\">Bio-Becher ist genauso schlecht wie Plastik<\/a>&#8222;<\/p>\n\n\n\n<p>Faszination Nordkurve: <a href=\"http:\/\/faszination-nordkurve.de\/42-extra\/presseschau\/1848-becherspenden-fuer-viva-con-agua\" target=\"_blank\" rel=\"noreferrer noopener\" aria-label=\" (\u00f6ffnet in neuem Tab)\">Becherspenden f\u00fcr Viva Con Agua<\/a><\/p>\n\n\n\n<p>Global Organic Textile Standard: <a href=\"https:\/\/www.global-standard.org\/de\/\" target=\"_blank\" rel=\"noreferrer noopener\" aria-label=\"GOTS-Zertifizierung (\u00f6ffnet in neuem Tab)\">GOTS-Zertifizierung<\/a><\/p>\n","protected":false},"excerpt":{"rendered":"<p>Aus Anlass des dritten globalen Klimastreiks am 20. September unterst\u00fctzt Mainz 05 die \u201eFridays for Future\u201c Protestaktion durch Einsatz eines Sonderzugs zum am gleichen Tag stattfindenden Ausw\u00e4rtsspiel in Gelsenkirchen. Ferner werden die Nullf\u00fcnf-Mitarbeiter freigestellt, um an den Kundgebungen teilzunehmen. Diese Aktionen sind ausdr\u00fccklich zu begr\u00fc\u00dfen. Der Verein positioniert sich eindeutig und setzt nach eigener Aussage &hellip; <\/p>\n<p class=\"link-more\"><a href=\"https:\/\/www.meenzer-on-tour.de\/blog\/naechster-halt-nachhaltigkeit-im-fussballbusiness\/\" class=\"more-link\"><span class=\"screen-reader-text\">\u201eN\u00e4chster Halt: Nachhaltigkeit im Fu\u00dfballbusiness?!\u201c <\/span>weiterlesen<\/a><\/p>\n","protected":false},"author":1,"featured_media":0,"comment_status":"open","ping_status":"open","sticky":false,"template":"","format":"standard","meta":{"footnotes":""},"categories":[4,5],"tags":[6,11,224],"class_list":["post-476","post","type-post","status-publish","format-standard","hentry","category-fussball","category-meinung","tag-fussball","tag-mainz-05","tag-nachhaltigkeit"],"yoast_head":"<!-- This site is optimized with the Yoast SEO plugin v27.4 - https:\/\/yoast.com\/product\/yoast-seo-wordpress\/ -->\n<title>N\u00e4chster Halt: Nachhaltigkeit im Fu\u00dfballbusiness?! - Meenzer on Tour Blog<\/title>\n<meta name=\"robots\" content=\"index, follow, max-snippet:-1, max-image-preview:large, max-video-preview:-1\" \/>\n<link rel=\"canonical\" href=\"https:\/\/www.meenzer-on-tour.de\/blog\/naechster-halt-nachhaltigkeit-im-fussballbusiness\/\" \/>\n<meta property=\"og:locale\" content=\"de_DE\" \/>\n<meta property=\"og:type\" content=\"article\" \/>\n<meta property=\"og:title\" content=\"N\u00e4chster Halt: Nachhaltigkeit im Fu\u00dfballbusiness?! - Meenzer on Tour Blog\" \/>\n<meta property=\"og:description\" content=\"Aus Anlass des dritten globalen Klimastreiks am 20. September unterst\u00fctzt Mainz 05 die \u201eFridays for Future\u201c Protestaktion durch Einsatz eines Sonderzugs zum am gleichen Tag stattfindenden Ausw\u00e4rtsspiel in Gelsenkirchen. Ferner werden die Nullf\u00fcnf-Mitarbeiter freigestellt, um an den Kundgebungen teilzunehmen. Diese Aktionen sind ausdr\u00fccklich zu begr\u00fc\u00dfen. Der Verein positioniert sich eindeutig und setzt nach eigener Aussage &hellip; \u201eN\u00e4chster Halt: Nachhaltigkeit im Fu\u00dfballbusiness?!\u201c weiterlesen\" \/>\n<meta property=\"og:url\" content=\"https:\/\/www.meenzer-on-tour.de\/blog\/naechster-halt-nachhaltigkeit-im-fussballbusiness\/\" \/>\n<meta property=\"og:site_name\" content=\"Meenzer on Tour Blog\" \/>\n<meta property=\"article:published_time\" content=\"2019-09-06T11:15:37+00:00\" \/>\n<meta property=\"article:modified_time\" content=\"2019-09-06T14:16:01+00:00\" \/>\n<meta property=\"og:image\" content=\"http:\/\/www.meenzer-on-tour.de\/blog\/wp-content\/uploads\/2019\/09\/1DAA31D1-17B1-4847-83BB-6A3A3B7D63CD.jpeg\" \/>\n<meta name=\"author\" content=\"Christoph\" \/>\n<meta name=\"twitter:card\" content=\"summary_large_image\" \/>\n<meta name=\"twitter:label1\" content=\"Verfasst von\" \/>\n\t<meta name=\"twitter:data1\" content=\"Christoph\" \/>\n\t<meta name=\"twitter:label2\" content=\"Gesch\u00e4tzte Lesezeit\" \/>\n\t<meta name=\"twitter:data2\" content=\"8\u00a0Minuten\" \/>\n<script type=\"application\/ld+json\" class=\"yoast-schema-graph\">{\"@context\":\"https:\\\/\\\/schema.org\",\"@graph\":[{\"@type\":\"Article\",\"@id\":\"https:\\\/\\\/www.meenzer-on-tour.de\\\/blog\\\/naechster-halt-nachhaltigkeit-im-fussballbusiness\\\/#article\",\"isPartOf\":{\"@id\":\"https:\\\/\\\/www.meenzer-on-tour.de\\\/blog\\\/naechster-halt-nachhaltigkeit-im-fussballbusiness\\\/\"},\"author\":{\"name\":\"Christoph\",\"@id\":\"https:\\\/\\\/www.meenzer-on-tour.de\\\/blog\\\/#\\\/schema\\\/person\\\/e8a97e9efa1062d69a2cbb01f96b919f\"},\"headline\":\"N\u00e4chster Halt: Nachhaltigkeit im Fu\u00dfballbusiness?!\",\"datePublished\":\"2019-09-06T11:15:37+00:00\",\"dateModified\":\"2019-09-06T14:16:01+00:00\",\"mainEntityOfPage\":{\"@id\":\"https:\\\/\\\/www.meenzer-on-tour.de\\\/blog\\\/naechster-halt-nachhaltigkeit-im-fussballbusiness\\\/\"},\"wordCount\":1656,\"commentCount\":0,\"publisher\":{\"@id\":\"https:\\\/\\\/www.meenzer-on-tour.de\\\/blog\\\/#\\\/schema\\\/person\\\/e8a97e9efa1062d69a2cbb01f96b919f\"},\"image\":{\"@id\":\"https:\\\/\\\/www.meenzer-on-tour.de\\\/blog\\\/naechster-halt-nachhaltigkeit-im-fussballbusiness\\\/#primaryimage\"},\"thumbnailUrl\":\"http:\\\/\\\/www.meenzer-on-tour.de\\\/blog\\\/wp-content\\\/uploads\\\/2019\\\/09\\\/1DAA31D1-17B1-4847-83BB-6A3A3B7D63CD.jpeg\",\"keywords\":[\"Fu\u00dfball\",\"Mainz 05\",\"Nachhaltigkeit\"],\"articleSection\":[\"Fu\u00dfball\",\"Meinung\"],\"inLanguage\":\"de\",\"potentialAction\":[{\"@type\":\"CommentAction\",\"name\":\"Comment\",\"target\":[\"https:\\\/\\\/www.meenzer-on-tour.de\\\/blog\\\/naechster-halt-nachhaltigkeit-im-fussballbusiness\\\/#respond\"]}]},{\"@type\":\"WebPage\",\"@id\":\"https:\\\/\\\/www.meenzer-on-tour.de\\\/blog\\\/naechster-halt-nachhaltigkeit-im-fussballbusiness\\\/\",\"url\":\"https:\\\/\\\/www.meenzer-on-tour.de\\\/blog\\\/naechster-halt-nachhaltigkeit-im-fussballbusiness\\\/\",\"name\":\"N\u00e4chster Halt: Nachhaltigkeit im Fu\u00dfballbusiness?! - Meenzer on Tour Blog\",\"isPartOf\":{\"@id\":\"https:\\\/\\\/www.meenzer-on-tour.de\\\/blog\\\/#website\"},\"primaryImageOfPage\":{\"@id\":\"https:\\\/\\\/www.meenzer-on-tour.de\\\/blog\\\/naechster-halt-nachhaltigkeit-im-fussballbusiness\\\/#primaryimage\"},\"image\":{\"@id\":\"https:\\\/\\\/www.meenzer-on-tour.de\\\/blog\\\/naechster-halt-nachhaltigkeit-im-fussballbusiness\\\/#primaryimage\"},\"thumbnailUrl\":\"http:\\\/\\\/www.meenzer-on-tour.de\\\/blog\\\/wp-content\\\/uploads\\\/2019\\\/09\\\/1DAA31D1-17B1-4847-83BB-6A3A3B7D63CD.jpeg\",\"datePublished\":\"2019-09-06T11:15:37+00:00\",\"dateModified\":\"2019-09-06T14:16:01+00:00\",\"breadcrumb\":{\"@id\":\"https:\\\/\\\/www.meenzer-on-tour.de\\\/blog\\\/naechster-halt-nachhaltigkeit-im-fussballbusiness\\\/#breadcrumb\"},\"inLanguage\":\"de\",\"potentialAction\":[{\"@type\":\"ReadAction\",\"target\":[\"https:\\\/\\\/www.meenzer-on-tour.de\\\/blog\\\/naechster-halt-nachhaltigkeit-im-fussballbusiness\\\/\"]}]},{\"@type\":\"ImageObject\",\"inLanguage\":\"de\",\"@id\":\"https:\\\/\\\/www.meenzer-on-tour.de\\\/blog\\\/naechster-halt-nachhaltigkeit-im-fussballbusiness\\\/#primaryimage\",\"url\":\"https:\\\/\\\/www.meenzer-on-tour.de\\\/blog\\\/wp-content\\\/uploads\\\/2019\\\/09\\\/1DAA31D1-17B1-4847-83BB-6A3A3B7D63CD.jpeg\",\"contentUrl\":\"https:\\\/\\\/www.meenzer-on-tour.de\\\/blog\\\/wp-content\\\/uploads\\\/2019\\\/09\\\/1DAA31D1-17B1-4847-83BB-6A3A3B7D63CD.jpeg\",\"width\":788,\"height\":600},{\"@type\":\"BreadcrumbList\",\"@id\":\"https:\\\/\\\/www.meenzer-on-tour.de\\\/blog\\\/naechster-halt-nachhaltigkeit-im-fussballbusiness\\\/#breadcrumb\",\"itemListElement\":[{\"@type\":\"ListItem\",\"position\":1,\"name\":\"Startseite\",\"item\":\"https:\\\/\\\/www.meenzer-on-tour.de\\\/blog\\\/\"},{\"@type\":\"ListItem\",\"position\":2,\"name\":\"N\u00e4chster Halt: Nachhaltigkeit im Fu\u00dfballbusiness?!\"}]},{\"@type\":\"WebSite\",\"@id\":\"https:\\\/\\\/www.meenzer-on-tour.de\\\/blog\\\/#website\",\"url\":\"https:\\\/\\\/www.meenzer-on-tour.de\\\/blog\\\/\",\"name\":\"Meenzer on Tour Blog\",\"description\":\"Reisen - Fankultur - B&uuml;cher - Mainz\",\"publisher\":{\"@id\":\"https:\\\/\\\/www.meenzer-on-tour.de\\\/blog\\\/#\\\/schema\\\/person\\\/e8a97e9efa1062d69a2cbb01f96b919f\"},\"potentialAction\":[{\"@type\":\"SearchAction\",\"target\":{\"@type\":\"EntryPoint\",\"urlTemplate\":\"https:\\\/\\\/www.meenzer-on-tour.de\\\/blog\\\/?s={search_term_string}\"},\"query-input\":{\"@type\":\"PropertyValueSpecification\",\"valueRequired\":true,\"valueName\":\"search_term_string\"}}],\"inLanguage\":\"de\"},{\"@type\":[\"Person\",\"Organization\"],\"@id\":\"https:\\\/\\\/www.meenzer-on-tour.de\\\/blog\\\/#\\\/schema\\\/person\\\/e8a97e9efa1062d69a2cbb01f96b919f\",\"name\":\"Christoph\",\"image\":{\"@type\":\"ImageObject\",\"inLanguage\":\"de\",\"@id\":\"https:\\\/\\\/www.meenzer-on-tour.de\\\/blog\\\/wp-content\\\/uploads\\\/2021\\\/08\\\/A107190A-FC35-48EA-8B44-CF4EB9117345.jpeg\",\"url\":\"https:\\\/\\\/www.meenzer-on-tour.de\\\/blog\\\/wp-content\\\/uploads\\\/2021\\\/08\\\/A107190A-FC35-48EA-8B44-CF4EB9117345.jpeg\",\"contentUrl\":\"https:\\\/\\\/www.meenzer-on-tour.de\\\/blog\\\/wp-content\\\/uploads\\\/2021\\\/08\\\/A107190A-FC35-48EA-8B44-CF4EB9117345.jpeg\",\"width\":2000,\"height\":1200,\"caption\":\"Christoph\"},\"logo\":{\"@id\":\"https:\\\/\\\/www.meenzer-on-tour.de\\\/blog\\\/wp-content\\\/uploads\\\/2021\\\/08\\\/A107190A-FC35-48EA-8B44-CF4EB9117345.jpeg\"},\"url\":\"https:\\\/\\\/www.meenzer-on-tour.de\\\/blog\\\/author\\\/admin\\\/\"}]}<\/script>\n<!-- \/ Yoast SEO plugin. -->","yoast_head_json":{"title":"N\u00e4chster Halt: Nachhaltigkeit im Fu\u00dfballbusiness?! - Meenzer on Tour Blog","robots":{"index":"index","follow":"follow","max-snippet":"max-snippet:-1","max-image-preview":"max-image-preview:large","max-video-preview":"max-video-preview:-1"},"canonical":"https:\/\/www.meenzer-on-tour.de\/blog\/naechster-halt-nachhaltigkeit-im-fussballbusiness\/","og_locale":"de_DE","og_type":"article","og_title":"N\u00e4chster Halt: Nachhaltigkeit im Fu\u00dfballbusiness?! - Meenzer on Tour Blog","og_description":"Aus Anlass des dritten globalen Klimastreiks am 20. September unterst\u00fctzt Mainz 05 die \u201eFridays for Future\u201c Protestaktion durch Einsatz eines Sonderzugs zum am gleichen Tag stattfindenden Ausw\u00e4rtsspiel in Gelsenkirchen. Ferner werden die Nullf\u00fcnf-Mitarbeiter freigestellt, um an den Kundgebungen teilzunehmen. Diese Aktionen sind ausdr\u00fccklich zu begr\u00fc\u00dfen. Der Verein positioniert sich eindeutig und setzt nach eigener Aussage &hellip; \u201eN\u00e4chster Halt: Nachhaltigkeit im Fu\u00dfballbusiness?!\u201c weiterlesen","og_url":"https:\/\/www.meenzer-on-tour.de\/blog\/naechster-halt-nachhaltigkeit-im-fussballbusiness\/","og_site_name":"Meenzer on Tour Blog","article_published_time":"2019-09-06T11:15:37+00:00","article_modified_time":"2019-09-06T14:16:01+00:00","og_image":[{"url":"http:\/\/www.meenzer-on-tour.de\/blog\/wp-content\/uploads\/2019\/09\/1DAA31D1-17B1-4847-83BB-6A3A3B7D63CD.jpeg","type":"","width":"","height":""}],"author":"Christoph","twitter_card":"summary_large_image","twitter_misc":{"Verfasst von":"Christoph","Gesch\u00e4tzte Lesezeit":"8\u00a0Minuten"},"schema":{"@context":"https:\/\/schema.org","@graph":[{"@type":"Article","@id":"https:\/\/www.meenzer-on-tour.de\/blog\/naechster-halt-nachhaltigkeit-im-fussballbusiness\/#article","isPartOf":{"@id":"https:\/\/www.meenzer-on-tour.de\/blog\/naechster-halt-nachhaltigkeit-im-fussballbusiness\/"},"author":{"name":"Christoph","@id":"https:\/\/www.meenzer-on-tour.de\/blog\/#\/schema\/person\/e8a97e9efa1062d69a2cbb01f96b919f"},"headline":"N\u00e4chster Halt: Nachhaltigkeit im Fu\u00dfballbusiness?!","datePublished":"2019-09-06T11:15:37+00:00","dateModified":"2019-09-06T14:16:01+00:00","mainEntityOfPage":{"@id":"https:\/\/www.meenzer-on-tour.de\/blog\/naechster-halt-nachhaltigkeit-im-fussballbusiness\/"},"wordCount":1656,"commentCount":0,"publisher":{"@id":"https:\/\/www.meenzer-on-tour.de\/blog\/#\/schema\/person\/e8a97e9efa1062d69a2cbb01f96b919f"},"image":{"@id":"https:\/\/www.meenzer-on-tour.de\/blog\/naechster-halt-nachhaltigkeit-im-fussballbusiness\/#primaryimage"},"thumbnailUrl":"http:\/\/www.meenzer-on-tour.de\/blog\/wp-content\/uploads\/2019\/09\/1DAA31D1-17B1-4847-83BB-6A3A3B7D63CD.jpeg","keywords":["Fu\u00dfball","Mainz 05","Nachhaltigkeit"],"articleSection":["Fu\u00dfball","Meinung"],"inLanguage":"de","potentialAction":[{"@type":"CommentAction","name":"Comment","target":["https:\/\/www.meenzer-on-tour.de\/blog\/naechster-halt-nachhaltigkeit-im-fussballbusiness\/#respond"]}]},{"@type":"WebPage","@id":"https:\/\/www.meenzer-on-tour.de\/blog\/naechster-halt-nachhaltigkeit-im-fussballbusiness\/","url":"https:\/\/www.meenzer-on-tour.de\/blog\/naechster-halt-nachhaltigkeit-im-fussballbusiness\/","name":"N\u00e4chster Halt: Nachhaltigkeit im Fu\u00dfballbusiness?! - Meenzer on Tour Blog","isPartOf":{"@id":"https:\/\/www.meenzer-on-tour.de\/blog\/#website"},"primaryImageOfPage":{"@id":"https:\/\/www.meenzer-on-tour.de\/blog\/naechster-halt-nachhaltigkeit-im-fussballbusiness\/#primaryimage"},"image":{"@id":"https:\/\/www.meenzer-on-tour.de\/blog\/naechster-halt-nachhaltigkeit-im-fussballbusiness\/#primaryimage"},"thumbnailUrl":"http:\/\/www.meenzer-on-tour.de\/blog\/wp-content\/uploads\/2019\/09\/1DAA31D1-17B1-4847-83BB-6A3A3B7D63CD.jpeg","datePublished":"2019-09-06T11:15:37+00:00","dateModified":"2019-09-06T14:16:01+00:00","breadcrumb":{"@id":"https:\/\/www.meenzer-on-tour.de\/blog\/naechster-halt-nachhaltigkeit-im-fussballbusiness\/#breadcrumb"},"inLanguage":"de","potentialAction":[{"@type":"ReadAction","target":["https:\/\/www.meenzer-on-tour.de\/blog\/naechster-halt-nachhaltigkeit-im-fussballbusiness\/"]}]},{"@type":"ImageObject","inLanguage":"de","@id":"https:\/\/www.meenzer-on-tour.de\/blog\/naechster-halt-nachhaltigkeit-im-fussballbusiness\/#primaryimage","url":"https:\/\/www.meenzer-on-tour.de\/blog\/wp-content\/uploads\/2019\/09\/1DAA31D1-17B1-4847-83BB-6A3A3B7D63CD.jpeg","contentUrl":"https:\/\/www.meenzer-on-tour.de\/blog\/wp-content\/uploads\/2019\/09\/1DAA31D1-17B1-4847-83BB-6A3A3B7D63CD.jpeg","width":788,"height":600},{"@type":"BreadcrumbList","@id":"https:\/\/www.meenzer-on-tour.de\/blog\/naechster-halt-nachhaltigkeit-im-fussballbusiness\/#breadcrumb","itemListElement":[{"@type":"ListItem","position":1,"name":"Startseite","item":"https:\/\/www.meenzer-on-tour.de\/blog\/"},{"@type":"ListItem","position":2,"name":"N\u00e4chster Halt: Nachhaltigkeit im Fu\u00dfballbusiness?!"}]},{"@type":"WebSite","@id":"https:\/\/www.meenzer-on-tour.de\/blog\/#website","url":"https:\/\/www.meenzer-on-tour.de\/blog\/","name":"Meenzer on Tour Blog","description":"Reisen - Fankultur - B&uuml;cher - Mainz","publisher":{"@id":"https:\/\/www.meenzer-on-tour.de\/blog\/#\/schema\/person\/e8a97e9efa1062d69a2cbb01f96b919f"},"potentialAction":[{"@type":"SearchAction","target":{"@type":"EntryPoint","urlTemplate":"https:\/\/www.meenzer-on-tour.de\/blog\/?s={search_term_string}"},"query-input":{"@type":"PropertyValueSpecification","valueRequired":true,"valueName":"search_term_string"}}],"inLanguage":"de"},{"@type":["Person","Organization"],"@id":"https:\/\/www.meenzer-on-tour.de\/blog\/#\/schema\/person\/e8a97e9efa1062d69a2cbb01f96b919f","name":"Christoph","image":{"@type":"ImageObject","inLanguage":"de","@id":"https:\/\/www.meenzer-on-tour.de\/blog\/wp-content\/uploads\/2021\/08\/A107190A-FC35-48EA-8B44-CF4EB9117345.jpeg","url":"https:\/\/www.meenzer-on-tour.de\/blog\/wp-content\/uploads\/2021\/08\/A107190A-FC35-48EA-8B44-CF4EB9117345.jpeg","contentUrl":"https:\/\/www.meenzer-on-tour.de\/blog\/wp-content\/uploads\/2021\/08\/A107190A-FC35-48EA-8B44-CF4EB9117345.jpeg","width":2000,"height":1200,"caption":"Christoph"},"logo":{"@id":"https:\/\/www.meenzer-on-tour.de\/blog\/wp-content\/uploads\/2021\/08\/A107190A-FC35-48EA-8B44-CF4EB9117345.jpeg"},"url":"https:\/\/www.meenzer-on-tour.de\/blog\/author\/admin\/"}]}},"_links":{"self":[{"href":"https:\/\/www.meenzer-on-tour.de\/blog\/wp-json\/wp\/v2\/posts\/476","targetHints":{"allow":["GET"]}}],"collection":[{"href":"https:\/\/www.meenzer-on-tour.de\/blog\/wp-json\/wp\/v2\/posts"}],"about":[{"href":"https:\/\/www.meenzer-on-tour.de\/blog\/wp-json\/wp\/v2\/types\/post"}],"author":[{"embeddable":true,"href":"https:\/\/www.meenzer-on-tour.de\/blog\/wp-json\/wp\/v2\/users\/1"}],"replies":[{"embeddable":true,"href":"https:\/\/www.meenzer-on-tour.de\/blog\/wp-json\/wp\/v2\/comments?post=476"}],"version-history":[{"count":19,"href":"https:\/\/www.meenzer-on-tour.de\/blog\/wp-json\/wp\/v2\/posts\/476\/revisions"}],"predecessor-version":[{"id":502,"href":"https:\/\/www.meenzer-on-tour.de\/blog\/wp-json\/wp\/v2\/posts\/476\/revisions\/502"}],"wp:attachment":[{"href":"https:\/\/www.meenzer-on-tour.de\/blog\/wp-json\/wp\/v2\/media?parent=476"}],"wp:term":[{"taxonomy":"category","embeddable":true,"href":"https:\/\/www.meenzer-on-tour.de\/blog\/wp-json\/wp\/v2\/categories?post=476"},{"taxonomy":"post_tag","embeddable":true,"href":"https:\/\/www.meenzer-on-tour.de\/blog\/wp-json\/wp\/v2\/tags?post=476"}],"curies":[{"name":"wp","href":"https:\/\/api.w.org\/{rel}","templated":true}]}}