{"id":3650,"date":"2025-12-02T16:55:09","date_gmt":"2025-12-02T14:55:09","guid":{"rendered":"https:\/\/www.meenzer-on-tour.de\/blog\/?p=3650"},"modified":"2025-12-02T18:35:24","modified_gmt":"2025-12-02T16:35:24","slug":"wir-fahrn-zu-mainz-05-weil-wir-alle-einen-an-der-waffel-haben","status":"publish","type":"post","link":"https:\/\/www.meenzer-on-tour.de\/blog\/wir-fahrn-zu-mainz-05-weil-wir-alle-einen-an-der-waffel-haben\/","title":{"rendered":"Wir fahr\u2019n zu Mainz 05, weil wir alle einen an der Waffel haben"},"content":{"rendered":"\n<p><em>Der 1. FSV Mainz 05 steckt sportlich tief in der Krise. F\u00fcr Felicitas Budde wird aber gerade in solchen Phasen deutlich, wo das Herz von Mainz 05 am lautesten schl\u00e4gt.<\/em><\/p>\n\n\n\n<figure class=\"wp-block-image size-large\"><a href=\"https:\/\/www.meenzer-on-tour.de\/blog\/wp-content\/uploads\/2025\/12\/IMG_9547.jpeg\"><img loading=\"lazy\" decoding=\"async\" width=\"1024\" height=\"576\" src=\"https:\/\/www.meenzer-on-tour.de\/blog\/wp-content\/uploads\/2025\/12\/IMG_9547-1024x576.jpeg\" alt=\"\" class=\"wp-image-3652\" srcset=\"https:\/\/www.meenzer-on-tour.de\/blog\/wp-content\/uploads\/2025\/12\/IMG_9547-1024x576.jpeg 1024w, https:\/\/www.meenzer-on-tour.de\/blog\/wp-content\/uploads\/2025\/12\/IMG_9547-300x169.jpeg 300w, https:\/\/www.meenzer-on-tour.de\/blog\/wp-content\/uploads\/2025\/12\/IMG_9547-768x432.jpeg 768w, https:\/\/www.meenzer-on-tour.de\/blog\/wp-content\/uploads\/2025\/12\/IMG_9547.jpeg 1536w\" sizes=\"auto, (max-width: 767px) 89vw, (max-width: 1000px) 54vw, (max-width: 1071px) 543px, 580px\" \/><\/a><\/figure>\n\n\n\n<p>Mainz 05 steht sportlich gesehen mit dem R\u00fccken zur Wand. Tabellenletzter, acht Bundesligaspiele ohne Sieg, f\u00fcnf Platzverweise in zw\u00f6lf Partien, ein 0:4 in Freiburg ohne eigenen Torschuss bis zur 82. Minute. Und davor ein 0:1 in Craiova \u2013 gegen die Mannschaft mit den meisten Ballverlusten in der gesamten Conference League. Mainz 05 steht nicht nur unter Druck, der Verein blickt als Tabellenletzter auf den Scherbenhaufen der Leistungen aus der vergangenen Saison. Die sportliche Leitung hat bis Dienstagmittag nicht \u00f6ffentlich reagiert, Signale sucht man vergebens. Bis jetzt ist unklar, wer am Freitag \u00fcberhaupt an der Seitenlinie stehen wird.<\/p>\n\n\n\n<p>Trotz der seit Wochen \u00fcberschaubaren Leistungen sind die Fans am Donnerstag nach Craiova gefahren. Trotzdem war der Ausw\u00e4rtsblock in Freiburg gef\u00fcllt. Nicht, weil der Fu\u00dfball sie gerade begeistert, sondern weil Mainz 05 mehr Gr\u00fcnde bietet, da zu sein als nur die Tabelle. Der Verein funktioniert auch dort, wo keine Kameras stehen. In den U-Mannschaften des NLZ, in der erfolgreichen Frauenmannschaft, als gelebter eingetragener Verein auf der Mitgliederversammlung. Der Fu\u00dfball ist der Anlass, nicht die Ursache.<\/p>\n\n\n\n<p>Wir fahren nicht nach Craiova, weil wir eine Topleistung erwarten. Wir fahren, weil wir uns treffen, weil diese Gemeinschaft existiert, weil dieser Verein ein Ort ist, den man nicht nur wegen Ergebnissen aufsucht. Auf Europas gr\u00f6\u00dftem Weihnachtsmarkt standen Mainzer zusammen mit Menschen aus Craiova, die 05-Fans als freundlich und offen wahrgenommen haben. Es war eine Ausw\u00e4rtsfahrt, auf der alles gestimmt hat \u2013 au\u00dfer dem Fu\u00dfball.<\/p>\n\n\n\n<p>Nat\u00fcrlich ist man entt\u00e4uscht, sauer, ratlos. Sportlich l\u00e4uft es katastrophal. Aber wenn Mainz 05 in dieser Zeit \u00fcberhaupt noch etwas Stabilit\u00e4t hat, dann dort, wo die Menschen den Verein tragen. Nicht im Tabellenbild, sondern in der Art wie man zusammen unterwegs ist.<\/p>\n\n\n\n<p>Am Donnerstag Craiova, am Sonntag Freiburg. Null Punkte, zwei Niederlagen, 0:5 Tore und trotzdem sind die Leute da. Nicht, weil alles gut ist, sondern weil Mainz 05 eben mehr ist als das, was gerade auf dem Platz schiefl\u00e4uft. Wir gehen zu Mainz 05, weil wir alle einen an der Waffel haben.<\/p>\n\n\n\n<ul class=\"wp-block-social-links is-layout-flex wp-block-social-links-is-layout-flex\"><li class=\"wp-social-link wp-social-link-wordpress  wp-block-social-link\"><a href=\"https:\/\/www.meenzer-on-tour.de\/\" class=\"wp-block-social-link-anchor\"><svg width=\"24\" height=\"24\" viewBox=\"0 0 24 24\" version=\"1.1\" xmlns=\"http:\/\/www.w3.org\/2000\/svg\" aria-hidden=\"true\" focusable=\"false\"><path d=\"M12.158,12.786L9.46,20.625c0.806,0.237,1.657,0.366,2.54,0.366c1.047,0,2.051-0.181,2.986-0.51 c-0.024-0.038-0.046-0.079-0.065-0.124L12.158,12.786z M3.009,12c0,3.559,2.068,6.634,5.067,8.092L3.788,8.341 C3.289,9.459,3.009,10.696,3.009,12z M18.069,11.546c0-1.112-0.399-1.881-0.741-2.48c-0.456-0.741-0.883-1.368-0.883-2.109 c0-0.826,0.627-1.596,1.51-1.596c0.04,0,0.078,0.005,0.116,0.007C16.472,3.904,14.34,3.009,12,3.009 c-3.141,0-5.904,1.612-7.512,4.052c0.211,0.007,0.41,0.011,0.579,0.011c0.94,0,2.396-0.114,2.396-0.114 C7.947,6.93,8.004,7.642,7.52,7.699c0,0-0.487,0.057-1.029,0.085l3.274,9.739l1.968-5.901l-1.401-3.838 C9.848,7.756,9.389,7.699,9.389,7.699C8.904,7.67,8.961,6.93,9.446,6.958c0,0,1.484,0.114,2.368,0.114 c0.94,0,2.397-0.114,2.397-0.114c0.485-0.028,0.542,0.684,0.057,0.741c0,0-0.488,0.057-1.029,0.085l3.249,9.665l0.897-2.996 C17.841,13.284,18.069,12.316,18.069,11.546z M19.889,7.686c0.039,0.286,0.06,0.593,0.06,0.924c0,0.912-0.171,1.938-0.684,3.22 l-2.746,7.94c2.673-1.558,4.47-4.454,4.47-7.771C20.991,10.436,20.591,8.967,19.889,7.686z M12,22C6.486,22,2,17.514,2,12 C2,6.486,6.486,2,12,2c5.514,0,10,4.486,10,10C22,17.514,17.514,22,12,22z\"><\/path><\/svg><span class=\"wp-block-social-link-label screen-reader-text\">WordPress<\/span><\/a><\/li>\n\n<li class=\"wp-social-link wp-social-link-amazon  wp-block-social-link\"><a href=\"https:\/\/www.amazon.de\/Christoph-Kessel\/e\/B07L2H8194?ref=sr_ntt_srch_lnk_7&#038;qid=1610638290&#038;sr=1-7-catcorr\" class=\"wp-block-social-link-anchor\"><svg width=\"24\" height=\"24\" viewBox=\"0 0 24 24\" version=\"1.1\" xmlns=\"http:\/\/www.w3.org\/2000\/svg\" aria-hidden=\"true\" focusable=\"false\"><path d=\"M13.582,8.182C11.934,8.367,9.78,8.49,8.238,9.166c-1.781,0.769-3.03,2.337-3.03,4.644 c0,2.953,1.86,4.429,4.253,4.429c2.02,0,3.125-0.477,4.685-2.065c0.516,0.747,0.685,1.109,1.629,1.894 c0.212,0.114,0.483,0.103,0.672-0.066l0.006,0.006c0.567-0.505,1.599-1.401,2.18-1.888c0.231-0.188,0.19-0.496,0.009-0.754 c-0.52-0.718-1.072-1.303-1.072-2.634V8.305c0-1.876,0.133-3.599-1.249-4.891C15.23,2.369,13.422,2,12.04,2 C9.336,2,6.318,3.01,5.686,6.351C5.618,6.706,5.877,6.893,6.109,6.945l2.754,0.298C9.121,7.23,9.308,6.977,9.357,6.72 c0.236-1.151,1.2-1.706,2.284-1.706c0.584,0,1.249,0.215,1.595,0.738c0.398,0.584,0.346,1.384,0.346,2.061V8.182z M13.049,14.088 c-0.451,0.8-1.169,1.291-1.967,1.291c-1.09,0-1.728-0.83-1.728-2.061c0-2.42,2.171-2.86,4.227-2.86v0.615 C13.582,12.181,13.608,13.104,13.049,14.088z M20.683,19.339C18.329,21.076,14.917,22,11.979,22c-4.118,0-7.826-1.522-10.632-4.057 c-0.22-0.199-0.024-0.471,0.241-0.317c3.027,1.762,6.771,2.823,10.639,2.823c2.608,0,5.476-0.541,8.115-1.66 C20.739,18.62,21.072,19.051,20.683,19.339z M21.336,21.043c-0.194,0.163-0.379,0.076-0.293-0.139 c0.284-0.71,0.92-2.298,0.619-2.684c-0.301-0.386-1.99-0.183-2.749-0.092c-0.23,0.027-0.266-0.173-0.059-0.319 c1.348-0.946,3.555-0.673,3.811-0.356C22.925,17.773,22.599,19.986,21.336,21.043z\"><\/path><\/svg><span class=\"wp-block-social-link-label screen-reader-text\">Amazon<\/span><\/a><\/li>\n\n<li class=\"wp-social-link wp-social-link-facebook  wp-block-social-link\"><a href=\"https:\/\/www.facebook.com\/MeenzerOnTour\/\" class=\"wp-block-social-link-anchor\"><svg width=\"24\" height=\"24\" viewBox=\"0 0 24 24\" version=\"1.1\" xmlns=\"http:\/\/www.w3.org\/2000\/svg\" aria-hidden=\"true\" focusable=\"false\"><path d=\"M12 2C6.5 2 2 6.5 2 12c0 5 3.7 9.1 8.4 9.9v-7H7.9V12h2.5V9.8c0-2.5 1.5-3.9 3.8-3.9 1.1 0 2.2.2 2.2.2v2.5h-1.3c-1.2 0-1.6.8-1.6 1.6V12h2.8l-.4 2.9h-2.3v7C18.3 21.1 22 17 22 12c0-5.5-4.5-10-10-10z\"><\/path><\/svg><span class=\"wp-block-social-link-label screen-reader-text\">Facebook<\/span><\/a><\/li>\n\n<li class=\"wp-social-link wp-social-link-instagram  wp-block-social-link\"><a href=\"https:\/\/www.instagram.com\/meenzer_on_tour\" class=\"wp-block-social-link-anchor\"><svg width=\"24\" height=\"24\" viewBox=\"0 0 24 24\" version=\"1.1\" xmlns=\"http:\/\/www.w3.org\/2000\/svg\" aria-hidden=\"true\" focusable=\"false\"><path d=\"M12,4.622c2.403,0,2.688,0.009,3.637,0.052c0.877,0.04,1.354,0.187,1.671,0.31c0.42,0.163,0.72,0.358,1.035,0.673 c0.315,0.315,0.51,0.615,0.673,1.035c0.123,0.317,0.27,0.794,0.31,1.671c0.043,0.949,0.052,1.234,0.052,3.637 s-0.009,2.688-0.052,3.637c-0.04,0.877-0.187,1.354-0.31,1.671c-0.163,0.42-0.358,0.72-0.673,1.035 c-0.315,0.315-0.615,0.51-1.035,0.673c-0.317,0.123-0.794,0.27-1.671,0.31c-0.949,0.043-1.233,0.052-3.637,0.052 s-2.688-0.009-3.637-0.052c-0.877-0.04-1.354-0.187-1.671-0.31c-0.42-0.163-0.72-0.358-1.035-0.673 c-0.315-0.315-0.51-0.615-0.673-1.035c-0.123-0.317-0.27-0.794-0.31-1.671C4.631,14.688,4.622,14.403,4.622,12 s0.009-2.688,0.052-3.637c0.04-0.877,0.187-1.354,0.31-1.671c0.163-0.42,0.358-0.72,0.673-1.035 c0.315-0.315,0.615-0.51,1.035-0.673c0.317-0.123,0.794-0.27,1.671-0.31C9.312,4.631,9.597,4.622,12,4.622 M12,3 C9.556,3,9.249,3.01,8.289,3.054C7.331,3.098,6.677,3.25,6.105,3.472C5.513,3.702,5.011,4.01,4.511,4.511 c-0.5,0.5-0.808,1.002-1.038,1.594C3.25,6.677,3.098,7.331,3.054,8.289C3.01,9.249,3,9.556,3,12c0,2.444,0.01,2.751,0.054,3.711 c0.044,0.958,0.196,1.612,0.418,2.185c0.23,0.592,0.538,1.094,1.038,1.594c0.5,0.5,1.002,0.808,1.594,1.038 c0.572,0.222,1.227,0.375,2.185,0.418C9.249,20.99,9.556,21,12,21s2.751-0.01,3.711-0.054c0.958-0.044,1.612-0.196,2.185-0.418 c0.592-0.23,1.094-0.538,1.594-1.038c0.5-0.5,0.808-1.002,1.038-1.594c0.222-0.572,0.375-1.227,0.418-2.185 C20.99,14.751,21,14.444,21,12s-0.01-2.751-0.054-3.711c-0.044-0.958-0.196-1.612-0.418-2.185c-0.23-0.592-0.538-1.094-1.038-1.594 c-0.5-0.5-1.002-0.808-1.594-1.038c-0.572-0.222-1.227-0.375-2.185-0.418C14.751,3.01,14.444,3,12,3L12,3z M12,7.378 c-2.552,0-4.622,2.069-4.622,4.622S9.448,16.622,12,16.622s4.622-2.069,4.622-4.622S14.552,7.378,12,7.378z M12,15 c-1.657,0-3-1.343-3-3s1.343-3,3-3s3,1.343,3,3S13.657,15,12,15z M16.804,6.116c-0.596,0-1.08,0.484-1.08,1.08 s0.484,1.08,1.08,1.08c0.596,0,1.08-0.484,1.08-1.08S17.401,6.116,16.804,6.116z\"><\/path><\/svg><span class=\"wp-block-social-link-label screen-reader-text\">Instagram<\/span><\/a><\/li>\n\n<li class=\"wp-social-link wp-social-link-twitter  wp-block-social-link\"><a href=\"https:\/\/twitter.com\/meenzer_on_tour\" class=\"wp-block-social-link-anchor\"><svg width=\"24\" height=\"24\" viewBox=\"0 0 24 24\" version=\"1.1\" xmlns=\"http:\/\/www.w3.org\/2000\/svg\" aria-hidden=\"true\" focusable=\"false\"><path d=\"M22.23,5.924c-0.736,0.326-1.527,0.547-2.357,0.646c0.847-0.508,1.498-1.312,1.804-2.27 c-0.793,0.47-1.671,0.812-2.606,0.996C18.324,4.498,17.257,4,16.077,4c-2.266,0-4.103,1.837-4.103,4.103 c0,0.322,0.036,0.635,0.106,0.935C8.67,8.867,5.647,7.234,3.623,4.751C3.27,5.357,3.067,6.062,3.067,6.814 c0,1.424,0.724,2.679,1.825,3.415c-0.673-0.021-1.305-0.206-1.859-0.513c0,0.017,0,0.034,0,0.052c0,1.988,1.414,3.647,3.292,4.023 c-0.344,0.094-0.707,0.144-1.081,0.144c-0.264,0-0.521-0.026-0.772-0.074c0.522,1.63,2.038,2.816,3.833,2.85 c-1.404,1.1-3.174,1.756-5.096,1.756c-0.331,0-0.658-0.019-0.979-0.057c1.816,1.164,3.973,1.843,6.29,1.843 c7.547,0,11.675-6.252,11.675-11.675c0-0.178-0.004-0.355-0.012-0.531C20.985,7.47,21.68,6.747,22.23,5.924z\"><\/path><\/svg><span class=\"wp-block-social-link-label screen-reader-text\">Twitter<\/span><\/a><\/li>\n\n<\/ul>\n\n\n\n<p><\/p>\n","protected":false},"excerpt":{"rendered":"<p>Der 1. FSV Mainz 05 steckt sportlich tief in der Krise. F\u00fcr Felicitas Budde wird aber gerade in solchen Phasen deutlich, wo das Herz von Mainz 05 am lautesten schl\u00e4gt. Mainz 05 steht sportlich gesehen mit dem R\u00fccken zur Wand. Tabellenletzter, acht Bundesligaspiele ohne Sieg, f\u00fcnf Platzverweise in zw\u00f6lf Partien, ein 0:4 in Freiburg ohne &hellip; <\/p>\n<p class=\"link-more\"><a href=\"https:\/\/www.meenzer-on-tour.de\/blog\/wir-fahrn-zu-mainz-05-weil-wir-alle-einen-an-der-waffel-haben\/\" class=\"more-link\"><span class=\"screen-reader-text\">\u201eWir fahr\u2019n zu Mainz 05, weil wir alle einen an der Waffel haben\u201c <\/span>weiterlesen<\/a><\/p>\n","protected":false},"author":1,"featured_media":0,"comment_status":"closed","ping_status":"open","sticky":false,"template":"","format":"standard","meta":{"footnotes":""},"categories":[426,4],"tags":[427,11],"class_list":["post-3650","post","type-post","status-publish","format-standard","hentry","category-fankolumne","category-fussball","tag-fankolumne","tag-mainz-05"],"yoast_head":"<!-- This site is optimized with the Yoast SEO plugin v27.4 - https:\/\/yoast.com\/product\/yoast-seo-wordpress\/ -->\n<title>Wir fahr\u2019n zu Mainz 05, weil wir alle einen an der Waffel haben - Meenzer on Tour Blog<\/title>\n<meta name=\"description\" content=\"Mainz 05 steckt sportlich tief in der Krise. F\u00fcr Felicitas Budde wird geradejetzt deutlich, wo das Herz von Mainz 05 am lautesten schl\u00e4gt.\" \/>\n<meta name=\"robots\" content=\"index, follow, max-snippet:-1, max-image-preview:large, max-video-preview:-1\" \/>\n<link rel=\"canonical\" href=\"https:\/\/www.meenzer-on-tour.de\/blog\/wir-fahrn-zu-mainz-05-weil-wir-alle-einen-an-der-waffel-haben\/\" \/>\n<meta property=\"og:locale\" content=\"de_DE\" \/>\n<meta property=\"og:type\" content=\"article\" \/>\n<meta property=\"og:title\" content=\"Wir fahr\u2019n zu Mainz 05, weil wir alle einen an der Waffel haben - Meenzer on Tour Blog\" \/>\n<meta property=\"og:description\" content=\"Mainz 05 steckt sportlich tief in der Krise. F\u00fcr Felicitas Budde wird geradejetzt deutlich, wo das Herz von Mainz 05 am lautesten schl\u00e4gt.\" \/>\n<meta property=\"og:url\" content=\"https:\/\/www.meenzer-on-tour.de\/blog\/wir-fahrn-zu-mainz-05-weil-wir-alle-einen-an-der-waffel-haben\/\" \/>\n<meta property=\"og:site_name\" content=\"Meenzer on Tour Blog\" \/>\n<meta property=\"article:published_time\" content=\"2025-12-02T14:55:09+00:00\" \/>\n<meta property=\"article:modified_time\" content=\"2025-12-02T16:35:24+00:00\" \/>\n<meta property=\"og:image\" content=\"https:\/\/www.meenzer-on-tour.de\/blog\/wp-content\/uploads\/2025\/12\/IMG_9547.jpeg\" \/>\n\t<meta property=\"og:image:width\" content=\"1536\" \/>\n\t<meta property=\"og:image:height\" content=\"864\" \/>\n\t<meta property=\"og:image:type\" content=\"image\/jpeg\" \/>\n<meta name=\"author\" content=\"Christoph\" \/>\n<meta name=\"twitter:card\" content=\"summary_large_image\" \/>\n<meta name=\"twitter:label1\" content=\"Verfasst von\" \/>\n\t<meta name=\"twitter:data1\" content=\"Christoph\" \/>\n\t<meta name=\"twitter:label2\" content=\"Gesch\u00e4tzte Lesezeit\" \/>\n\t<meta name=\"twitter:data2\" content=\"3\u00a0Minuten\" \/>\n<script type=\"application\/ld+json\" class=\"yoast-schema-graph\">{\"@context\":\"https:\\\/\\\/schema.org\",\"@graph\":[{\"@type\":\"Article\",\"@id\":\"https:\\\/\\\/www.meenzer-on-tour.de\\\/blog\\\/wir-fahrn-zu-mainz-05-weil-wir-alle-einen-an-der-waffel-haben\\\/#article\",\"isPartOf\":{\"@id\":\"https:\\\/\\\/www.meenzer-on-tour.de\\\/blog\\\/wir-fahrn-zu-mainz-05-weil-wir-alle-einen-an-der-waffel-haben\\\/\"},\"author\":{\"name\":\"Christoph\",\"@id\":\"https:\\\/\\\/www.meenzer-on-tour.de\\\/blog\\\/#\\\/schema\\\/person\\\/e8a97e9efa1062d69a2cbb01f96b919f\"},\"headline\":\"Wir fahr\u2019n zu Mainz 05, weil wir alle einen an der Waffel haben\",\"datePublished\":\"2025-12-02T14:55:09+00:00\",\"dateModified\":\"2025-12-02T16:35:24+00:00\",\"mainEntityOfPage\":{\"@id\":\"https:\\\/\\\/www.meenzer-on-tour.de\\\/blog\\\/wir-fahrn-zu-mainz-05-weil-wir-alle-einen-an-der-waffel-haben\\\/\"},\"wordCount\":377,\"publisher\":{\"@id\":\"https:\\\/\\\/www.meenzer-on-tour.de\\\/blog\\\/#\\\/schema\\\/person\\\/e8a97e9efa1062d69a2cbb01f96b919f\"},\"image\":{\"@id\":\"https:\\\/\\\/www.meenzer-on-tour.de\\\/blog\\\/wir-fahrn-zu-mainz-05-weil-wir-alle-einen-an-der-waffel-haben\\\/#primaryimage\"},\"thumbnailUrl\":\"https:\\\/\\\/www.meenzer-on-tour.de\\\/blog\\\/wp-content\\\/uploads\\\/2025\\\/12\\\/IMG_9547-1024x576.jpeg\",\"keywords\":[\"Fankolumne\",\"Mainz 05\"],\"articleSection\":[\"Fankolumne\",\"Fu\u00dfball\"],\"inLanguage\":\"de\"},{\"@type\":\"WebPage\",\"@id\":\"https:\\\/\\\/www.meenzer-on-tour.de\\\/blog\\\/wir-fahrn-zu-mainz-05-weil-wir-alle-einen-an-der-waffel-haben\\\/\",\"url\":\"https:\\\/\\\/www.meenzer-on-tour.de\\\/blog\\\/wir-fahrn-zu-mainz-05-weil-wir-alle-einen-an-der-waffel-haben\\\/\",\"name\":\"Wir fahr\u2019n zu Mainz 05, weil wir alle einen an der Waffel haben - Meenzer on Tour Blog\",\"isPartOf\":{\"@id\":\"https:\\\/\\\/www.meenzer-on-tour.de\\\/blog\\\/#website\"},\"primaryImageOfPage\":{\"@id\":\"https:\\\/\\\/www.meenzer-on-tour.de\\\/blog\\\/wir-fahrn-zu-mainz-05-weil-wir-alle-einen-an-der-waffel-haben\\\/#primaryimage\"},\"image\":{\"@id\":\"https:\\\/\\\/www.meenzer-on-tour.de\\\/blog\\\/wir-fahrn-zu-mainz-05-weil-wir-alle-einen-an-der-waffel-haben\\\/#primaryimage\"},\"thumbnailUrl\":\"https:\\\/\\\/www.meenzer-on-tour.de\\\/blog\\\/wp-content\\\/uploads\\\/2025\\\/12\\\/IMG_9547-1024x576.jpeg\",\"datePublished\":\"2025-12-02T14:55:09+00:00\",\"dateModified\":\"2025-12-02T16:35:24+00:00\",\"description\":\"Mainz 05 steckt sportlich tief in der Krise. F\u00fcr Felicitas Budde wird geradejetzt deutlich, wo das Herz von Mainz 05 am lautesten schl\u00e4gt.\",\"breadcrumb\":{\"@id\":\"https:\\\/\\\/www.meenzer-on-tour.de\\\/blog\\\/wir-fahrn-zu-mainz-05-weil-wir-alle-einen-an-der-waffel-haben\\\/#breadcrumb\"},\"inLanguage\":\"de\",\"potentialAction\":[{\"@type\":\"ReadAction\",\"target\":[\"https:\\\/\\\/www.meenzer-on-tour.de\\\/blog\\\/wir-fahrn-zu-mainz-05-weil-wir-alle-einen-an-der-waffel-haben\\\/\"]}]},{\"@type\":\"ImageObject\",\"inLanguage\":\"de\",\"@id\":\"https:\\\/\\\/www.meenzer-on-tour.de\\\/blog\\\/wir-fahrn-zu-mainz-05-weil-wir-alle-einen-an-der-waffel-haben\\\/#primaryimage\",\"url\":\"https:\\\/\\\/www.meenzer-on-tour.de\\\/blog\\\/wp-content\\\/uploads\\\/2025\\\/12\\\/IMG_9547.jpeg\",\"contentUrl\":\"https:\\\/\\\/www.meenzer-on-tour.de\\\/blog\\\/wp-content\\\/uploads\\\/2025\\\/12\\\/IMG_9547.jpeg\",\"width\":1536,\"height\":864},{\"@type\":\"BreadcrumbList\",\"@id\":\"https:\\\/\\\/www.meenzer-on-tour.de\\\/blog\\\/wir-fahrn-zu-mainz-05-weil-wir-alle-einen-an-der-waffel-haben\\\/#breadcrumb\",\"itemListElement\":[{\"@type\":\"ListItem\",\"position\":1,\"name\":\"Startseite\",\"item\":\"https:\\\/\\\/www.meenzer-on-tour.de\\\/blog\\\/\"},{\"@type\":\"ListItem\",\"position\":2,\"name\":\"Wir fahr\u2019n zu Mainz 05, weil wir alle einen an der Waffel haben\"}]},{\"@type\":\"WebSite\",\"@id\":\"https:\\\/\\\/www.meenzer-on-tour.de\\\/blog\\\/#website\",\"url\":\"https:\\\/\\\/www.meenzer-on-tour.de\\\/blog\\\/\",\"name\":\"Meenzer on Tour Blog\",\"description\":\"Reisen - Fankultur - B&uuml;cher - Mainz\",\"publisher\":{\"@id\":\"https:\\\/\\\/www.meenzer-on-tour.de\\\/blog\\\/#\\\/schema\\\/person\\\/e8a97e9efa1062d69a2cbb01f96b919f\"},\"potentialAction\":[{\"@type\":\"SearchAction\",\"target\":{\"@type\":\"EntryPoint\",\"urlTemplate\":\"https:\\\/\\\/www.meenzer-on-tour.de\\\/blog\\\/?s={search_term_string}\"},\"query-input\":{\"@type\":\"PropertyValueSpecification\",\"valueRequired\":true,\"valueName\":\"search_term_string\"}}],\"inLanguage\":\"de\"},{\"@type\":[\"Person\",\"Organization\"],\"@id\":\"https:\\\/\\\/www.meenzer-on-tour.de\\\/blog\\\/#\\\/schema\\\/person\\\/e8a97e9efa1062d69a2cbb01f96b919f\",\"name\":\"Christoph\",\"image\":{\"@type\":\"ImageObject\",\"inLanguage\":\"de\",\"@id\":\"https:\\\/\\\/www.meenzer-on-tour.de\\\/blog\\\/wp-content\\\/uploads\\\/2021\\\/08\\\/A107190A-FC35-48EA-8B44-CF4EB9117345.jpeg\",\"url\":\"https:\\\/\\\/www.meenzer-on-tour.de\\\/blog\\\/wp-content\\\/uploads\\\/2021\\\/08\\\/A107190A-FC35-48EA-8B44-CF4EB9117345.jpeg\",\"contentUrl\":\"https:\\\/\\\/www.meenzer-on-tour.de\\\/blog\\\/wp-content\\\/uploads\\\/2021\\\/08\\\/A107190A-FC35-48EA-8B44-CF4EB9117345.jpeg\",\"width\":2000,\"height\":1200,\"caption\":\"Christoph\"},\"logo\":{\"@id\":\"https:\\\/\\\/www.meenzer-on-tour.de\\\/blog\\\/wp-content\\\/uploads\\\/2021\\\/08\\\/A107190A-FC35-48EA-8B44-CF4EB9117345.jpeg\"},\"url\":\"https:\\\/\\\/www.meenzer-on-tour.de\\\/blog\\\/author\\\/admin\\\/\"}]}<\/script>\n<!-- \/ Yoast SEO plugin. -->","yoast_head_json":{"title":"Wir fahr\u2019n zu Mainz 05, weil wir alle einen an der Waffel haben - Meenzer on Tour Blog","description":"Mainz 05 steckt sportlich tief in der Krise. F\u00fcr Felicitas Budde wird geradejetzt deutlich, wo das Herz von Mainz 05 am lautesten schl\u00e4gt.","robots":{"index":"index","follow":"follow","max-snippet":"max-snippet:-1","max-image-preview":"max-image-preview:large","max-video-preview":"max-video-preview:-1"},"canonical":"https:\/\/www.meenzer-on-tour.de\/blog\/wir-fahrn-zu-mainz-05-weil-wir-alle-einen-an-der-waffel-haben\/","og_locale":"de_DE","og_type":"article","og_title":"Wir fahr\u2019n zu Mainz 05, weil wir alle einen an der Waffel haben - Meenzer on Tour Blog","og_description":"Mainz 05 steckt sportlich tief in der Krise. F\u00fcr Felicitas Budde wird geradejetzt deutlich, wo das Herz von Mainz 05 am lautesten schl\u00e4gt.","og_url":"https:\/\/www.meenzer-on-tour.de\/blog\/wir-fahrn-zu-mainz-05-weil-wir-alle-einen-an-der-waffel-haben\/","og_site_name":"Meenzer on Tour Blog","article_published_time":"2025-12-02T14:55:09+00:00","article_modified_time":"2025-12-02T16:35:24+00:00","og_image":[{"width":1536,"height":864,"url":"https:\/\/www.meenzer-on-tour.de\/blog\/wp-content\/uploads\/2025\/12\/IMG_9547.jpeg","type":"image\/jpeg"}],"author":"Christoph","twitter_card":"summary_large_image","twitter_misc":{"Verfasst von":"Christoph","Gesch\u00e4tzte Lesezeit":"3\u00a0Minuten"},"schema":{"@context":"https:\/\/schema.org","@graph":[{"@type":"Article","@id":"https:\/\/www.meenzer-on-tour.de\/blog\/wir-fahrn-zu-mainz-05-weil-wir-alle-einen-an-der-waffel-haben\/#article","isPartOf":{"@id":"https:\/\/www.meenzer-on-tour.de\/blog\/wir-fahrn-zu-mainz-05-weil-wir-alle-einen-an-der-waffel-haben\/"},"author":{"name":"Christoph","@id":"https:\/\/www.meenzer-on-tour.de\/blog\/#\/schema\/person\/e8a97e9efa1062d69a2cbb01f96b919f"},"headline":"Wir fahr\u2019n zu Mainz 05, weil wir alle einen an der Waffel haben","datePublished":"2025-12-02T14:55:09+00:00","dateModified":"2025-12-02T16:35:24+00:00","mainEntityOfPage":{"@id":"https:\/\/www.meenzer-on-tour.de\/blog\/wir-fahrn-zu-mainz-05-weil-wir-alle-einen-an-der-waffel-haben\/"},"wordCount":377,"publisher":{"@id":"https:\/\/www.meenzer-on-tour.de\/blog\/#\/schema\/person\/e8a97e9efa1062d69a2cbb01f96b919f"},"image":{"@id":"https:\/\/www.meenzer-on-tour.de\/blog\/wir-fahrn-zu-mainz-05-weil-wir-alle-einen-an-der-waffel-haben\/#primaryimage"},"thumbnailUrl":"https:\/\/www.meenzer-on-tour.de\/blog\/wp-content\/uploads\/2025\/12\/IMG_9547-1024x576.jpeg","keywords":["Fankolumne","Mainz 05"],"articleSection":["Fankolumne","Fu\u00dfball"],"inLanguage":"de"},{"@type":"WebPage","@id":"https:\/\/www.meenzer-on-tour.de\/blog\/wir-fahrn-zu-mainz-05-weil-wir-alle-einen-an-der-waffel-haben\/","url":"https:\/\/www.meenzer-on-tour.de\/blog\/wir-fahrn-zu-mainz-05-weil-wir-alle-einen-an-der-waffel-haben\/","name":"Wir fahr\u2019n zu Mainz 05, weil wir alle einen an der Waffel haben - Meenzer on Tour Blog","isPartOf":{"@id":"https:\/\/www.meenzer-on-tour.de\/blog\/#website"},"primaryImageOfPage":{"@id":"https:\/\/www.meenzer-on-tour.de\/blog\/wir-fahrn-zu-mainz-05-weil-wir-alle-einen-an-der-waffel-haben\/#primaryimage"},"image":{"@id":"https:\/\/www.meenzer-on-tour.de\/blog\/wir-fahrn-zu-mainz-05-weil-wir-alle-einen-an-der-waffel-haben\/#primaryimage"},"thumbnailUrl":"https:\/\/www.meenzer-on-tour.de\/blog\/wp-content\/uploads\/2025\/12\/IMG_9547-1024x576.jpeg","datePublished":"2025-12-02T14:55:09+00:00","dateModified":"2025-12-02T16:35:24+00:00","description":"Mainz 05 steckt sportlich tief in der Krise. F\u00fcr Felicitas Budde wird geradejetzt deutlich, wo das Herz von Mainz 05 am lautesten schl\u00e4gt.","breadcrumb":{"@id":"https:\/\/www.meenzer-on-tour.de\/blog\/wir-fahrn-zu-mainz-05-weil-wir-alle-einen-an-der-waffel-haben\/#breadcrumb"},"inLanguage":"de","potentialAction":[{"@type":"ReadAction","target":["https:\/\/www.meenzer-on-tour.de\/blog\/wir-fahrn-zu-mainz-05-weil-wir-alle-einen-an-der-waffel-haben\/"]}]},{"@type":"ImageObject","inLanguage":"de","@id":"https:\/\/www.meenzer-on-tour.de\/blog\/wir-fahrn-zu-mainz-05-weil-wir-alle-einen-an-der-waffel-haben\/#primaryimage","url":"https:\/\/www.meenzer-on-tour.de\/blog\/wp-content\/uploads\/2025\/12\/IMG_9547.jpeg","contentUrl":"https:\/\/www.meenzer-on-tour.de\/blog\/wp-content\/uploads\/2025\/12\/IMG_9547.jpeg","width":1536,"height":864},{"@type":"BreadcrumbList","@id":"https:\/\/www.meenzer-on-tour.de\/blog\/wir-fahrn-zu-mainz-05-weil-wir-alle-einen-an-der-waffel-haben\/#breadcrumb","itemListElement":[{"@type":"ListItem","position":1,"name":"Startseite","item":"https:\/\/www.meenzer-on-tour.de\/blog\/"},{"@type":"ListItem","position":2,"name":"Wir fahr\u2019n zu Mainz 05, weil wir alle einen an der Waffel haben"}]},{"@type":"WebSite","@id":"https:\/\/www.meenzer-on-tour.de\/blog\/#website","url":"https:\/\/www.meenzer-on-tour.de\/blog\/","name":"Meenzer on Tour Blog","description":"Reisen - Fankultur - B&uuml;cher - Mainz","publisher":{"@id":"https:\/\/www.meenzer-on-tour.de\/blog\/#\/schema\/person\/e8a97e9efa1062d69a2cbb01f96b919f"},"potentialAction":[{"@type":"SearchAction","target":{"@type":"EntryPoint","urlTemplate":"https:\/\/www.meenzer-on-tour.de\/blog\/?s={search_term_string}"},"query-input":{"@type":"PropertyValueSpecification","valueRequired":true,"valueName":"search_term_string"}}],"inLanguage":"de"},{"@type":["Person","Organization"],"@id":"https:\/\/www.meenzer-on-tour.de\/blog\/#\/schema\/person\/e8a97e9efa1062d69a2cbb01f96b919f","name":"Christoph","image":{"@type":"ImageObject","inLanguage":"de","@id":"https:\/\/www.meenzer-on-tour.de\/blog\/wp-content\/uploads\/2021\/08\/A107190A-FC35-48EA-8B44-CF4EB9117345.jpeg","url":"https:\/\/www.meenzer-on-tour.de\/blog\/wp-content\/uploads\/2021\/08\/A107190A-FC35-48EA-8B44-CF4EB9117345.jpeg","contentUrl":"https:\/\/www.meenzer-on-tour.de\/blog\/wp-content\/uploads\/2021\/08\/A107190A-FC35-48EA-8B44-CF4EB9117345.jpeg","width":2000,"height":1200,"caption":"Christoph"},"logo":{"@id":"https:\/\/www.meenzer-on-tour.de\/blog\/wp-content\/uploads\/2021\/08\/A107190A-FC35-48EA-8B44-CF4EB9117345.jpeg"},"url":"https:\/\/www.meenzer-on-tour.de\/blog\/author\/admin\/"}]}},"_links":{"self":[{"href":"https:\/\/www.meenzer-on-tour.de\/blog\/wp-json\/wp\/v2\/posts\/3650","targetHints":{"allow":["GET"]}}],"collection":[{"href":"https:\/\/www.meenzer-on-tour.de\/blog\/wp-json\/wp\/v2\/posts"}],"about":[{"href":"https:\/\/www.meenzer-on-tour.de\/blog\/wp-json\/wp\/v2\/types\/post"}],"author":[{"embeddable":true,"href":"https:\/\/www.meenzer-on-tour.de\/blog\/wp-json\/wp\/v2\/users\/1"}],"replies":[{"embeddable":true,"href":"https:\/\/www.meenzer-on-tour.de\/blog\/wp-json\/wp\/v2\/comments?post=3650"}],"version-history":[{"count":2,"href":"https:\/\/www.meenzer-on-tour.de\/blog\/wp-json\/wp\/v2\/posts\/3650\/revisions"}],"predecessor-version":[{"id":3653,"href":"https:\/\/www.meenzer-on-tour.de\/blog\/wp-json\/wp\/v2\/posts\/3650\/revisions\/3653"}],"wp:attachment":[{"href":"https:\/\/www.meenzer-on-tour.de\/blog\/wp-json\/wp\/v2\/media?parent=3650"}],"wp:term":[{"taxonomy":"category","embeddable":true,"href":"https:\/\/www.meenzer-on-tour.de\/blog\/wp-json\/wp\/v2\/categories?post=3650"},{"taxonomy":"post_tag","embeddable":true,"href":"https:\/\/www.meenzer-on-tour.de\/blog\/wp-json\/wp\/v2\/tags?post=3650"}],"curies":[{"name":"wp","href":"https:\/\/api.w.org\/{rel}","templated":true}]}}