{"id":3549,"date":"2025-09-02T07:51:01","date_gmt":"2025-09-02T05:51:01","guid":{"rendered":"https:\/\/www.meenzer-on-tour.de\/blog\/?p=3549"},"modified":"2025-09-02T08:25:30","modified_gmt":"2025-09-02T06:25:30","slug":"spaetlese-trondheim-saison-2025-2026","status":"publish","type":"post","link":"https:\/\/www.meenzer-on-tour.de\/blog\/spaetlese-trondheim-saison-2025-2026\/","title":{"rendered":"Sp\u00e4tlese Trondheim Saison 2025\/2026"},"content":{"rendered":"\n<p>Ausw\u00e4rts fahren bietet in unserem komplett verplanten Alltag eine M\u00f6glichkeit, Unplanm\u00e4\u00dfiges geschehen zu lassen, \u00fcberraschend positive Erlebnisse zu sammeln oder auch negative Erfahrungen zu machen. An dieser Stelle berichte ich \u00fcber meine rein subjektiven Eindr\u00fccke rund um die jeweilige Ausw\u00e4rtsfahrt, jeweils mit ein wenig Abstand betrachtet \u2013 eine Sp\u00e4tlese eben!<\/p>\n\n\n\n<figure class=\"wp-block-image size-large\"><a href=\"https:\/\/www.meenzer-on-tour.de\/blog\/wp-content\/uploads\/2025\/08\/WhatsApp-Image-2025-08-31-at-20.31.15.jpeg\"><img loading=\"lazy\" decoding=\"async\" width=\"1024\" height=\"768\" src=\"https:\/\/www.meenzer-on-tour.de\/blog\/wp-content\/uploads\/2025\/08\/WhatsApp-Image-2025-08-31-at-20.31.15-1024x768.jpeg\" alt=\"\" class=\"wp-image-3553\" srcset=\"https:\/\/www.meenzer-on-tour.de\/blog\/wp-content\/uploads\/2025\/08\/WhatsApp-Image-2025-08-31-at-20.31.15-1024x768.jpeg 1024w, https:\/\/www.meenzer-on-tour.de\/blog\/wp-content\/uploads\/2025\/08\/WhatsApp-Image-2025-08-31-at-20.31.15-300x225.jpeg 300w, https:\/\/www.meenzer-on-tour.de\/blog\/wp-content\/uploads\/2025\/08\/WhatsApp-Image-2025-08-31-at-20.31.15-768x576.jpeg 768w, https:\/\/www.meenzer-on-tour.de\/blog\/wp-content\/uploads\/2025\/08\/WhatsApp-Image-2025-08-31-at-20.31.15-1536x1152.jpeg 1536w, https:\/\/www.meenzer-on-tour.de\/blog\/wp-content\/uploads\/2025\/08\/WhatsApp-Image-2025-08-31-at-20.31.15.jpeg 1600w\" sizes=\"auto, (max-width: 767px) 89vw, (max-width: 1000px) 54vw, (max-width: 1071px) 543px, 580px\" \/><\/a><figcaption class=\"wp-element-caption\">Unterwegs in Sachen Internationaler Fu\u00dfballsportverein<\/figcaption><\/figure>\n\n\n\n<p>01 Hin und weg:<\/p>\n\n\n\n<p>Dem Stadtfest sei Dank, f\u00e4ngt auch die Ausw\u00e4rtsfahrt nach Trondheim nicht in Mainz an, sondern in Dresden. Da ich donnerstags vorher in Berlin gesch\u00e4ftlich unterwegs war (bin halt noch kein Profifan) und ich das Wochenende in der Hauptstadt verbrachte, bevor ich montags nach Dresden zum Pokalspiel fuhr, startete die Ausw\u00e4rtsfahrt f\u00fcr mich bereits eine Woche vor dem Anpfiff zur Europa Conference Qualifikation. Da ich donnerstagsmorgens aufbrach, wusste ich noch nicht, wohin mich diese Ausw\u00e4rtsfahrt f\u00fchren w\u00fcrde \u2013 nach Stockholm oder nach Trondheim? Dass es nach Trondheim ging, erfuhr ich w\u00e4hrend meiner gesch\u00e4ftlichen Abendveranstaltung. Den Rest des Donnerstagabend und fr\u00fchen Freitagmorgen verbrachte ich dann mit der Planung der Reise.<\/p>\n\n\n\n<figure class=\"wp-block-image size-large\"><a href=\"https:\/\/www.meenzer-on-tour.de\/blog\/wp-content\/uploads\/2025\/08\/WhatsApp-Image-2025-08-31-at-20.31.16-7.jpeg\"><img loading=\"lazy\" decoding=\"async\" width=\"1024\" height=\"768\" src=\"https:\/\/www.meenzer-on-tour.de\/blog\/wp-content\/uploads\/2025\/08\/WhatsApp-Image-2025-08-31-at-20.31.16-7-1024x768.jpeg\" alt=\"\" class=\"wp-image-3554\" srcset=\"https:\/\/www.meenzer-on-tour.de\/blog\/wp-content\/uploads\/2025\/08\/WhatsApp-Image-2025-08-31-at-20.31.16-7-1024x768.jpeg 1024w, https:\/\/www.meenzer-on-tour.de\/blog\/wp-content\/uploads\/2025\/08\/WhatsApp-Image-2025-08-31-at-20.31.16-7-300x225.jpeg 300w, https:\/\/www.meenzer-on-tour.de\/blog\/wp-content\/uploads\/2025\/08\/WhatsApp-Image-2025-08-31-at-20.31.16-7-768x576.jpeg 768w, https:\/\/www.meenzer-on-tour.de\/blog\/wp-content\/uploads\/2025\/08\/WhatsApp-Image-2025-08-31-at-20.31.16-7-1536x1152.jpeg 1536w, https:\/\/www.meenzer-on-tour.de\/blog\/wp-content\/uploads\/2025\/08\/WhatsApp-Image-2025-08-31-at-20.31.16-7.jpeg 2048w\" sizes=\"auto, (max-width: 767px) 89vw, (max-width: 1000px) 54vw, (max-width: 1071px) 543px, 580px\" \/><\/a><figcaption class=\"wp-element-caption\">Zwischenstopp am Dienstagabend in Hamburg<\/figcaption><\/figure>\n\n\n\n<p>Schlie\u00dflich hatte mir die Kurzfristigkeit der Planung die Tage zuvor schon schlaflose N\u00e4chte bereitet. Irgendwann kam dann die Idee mit Interrail auf \u2013 zumal es bei diesem europ\u00e4ischen Zugticket egal ist, wann man die Z\u00fcge bucht, da man grunds\u00e4tzlich erstmal nur die Anzahl der Tage festlegen muss, wann man das Ticket nutzen m\u00f6chte. Vor 23 Jahren, auf meiner einj\u00e4hrigen Weltreise von Mainz Hbf. zum R\u00f6mischen Theater (ohne durch den Tunnel zu m\u00fcssen \u2013 daf\u00fcr \u00fcber die Fidschi-Inseln) nutzte ich schon einmal das Interrail-Ticket von Mainz bis Inverness in Schottland. Damals musste ich noch ein Papierticket mitschleppen. Heute geht es viel komfortabler:<\/p>\n\n\n\n<ol class=\"wp-block-list\">\n<li>Auf der Interrail-Seite <a href=\"https:\/\/www.interrail.eu\/\" target=\"_blank\" rel=\"noreferrer noopener\">https:\/\/www.interrail.eu\/<\/a> w\u00e4hlte ich das passende Ticket f\u00fcr mich aus. Da ich wusste, dass ich nicht komplett mit dem Zug fahren w\u00fcrde, passte f\u00fcr mich der k\u00fcrzeste Flexi-Pass mit 4 Tagen innerhalb von 1 Monat. F\u00fcr Jugendliche bis 27 Jahre ist das bereits f\u00fcr 212 Euro (269 Euro 1. Klasse) zu haben. F\u00fcr Erwachsene (28-59) kostet es 283 Euro (359 Euro), f\u00fcr Leute, die 60 und \u00e4lter sind 255 Euro (323 Euro).<\/li>\n\n\n\n<li>Anschlie\u00dfend lud ich mir die Rail Planner-App herunter. In dieser konnte ich mein Interrail-Ticket speichern und mit Hilfe des Planers die Reise mir zusammenstricken. Anders als ganz fr\u00fcher, als es nur 50 % Rabatt auf Strecken im Wohnsitzland gibt, ist jetzt die Abfahrt aus dem Wohnsitzland und die R\u00fcckfahrt innerhalb des Wohnsitzlands gratis.<\/li>\n\n\n\n<li>Da ich mit Nachtz\u00fcgen reisen wollte, f\u00fcr die eine Reservierungspflicht besteht, buchte ich noch donnertagsabends die entsprechenden Schlaf- und Liegewagen.<\/li>\n<\/ol>\n\n\n\n<p>Und so rollte ich am Dienstagmittag von Dresden los \u2013 lustigerweise in einem ICE, der \u00fcber Mainz nach Wiesbaden fuhr. Da die AZ ein paar Fans fragte, wie sie nach Trondheim anreisten, quatschte ich hinter Dresden mit einem Journalisten \u00fcber die anstehende Reise \u2013 was mir rund 30 Stunden sp\u00e4ter die Nacht retten sollte. Doch dazu sp\u00e4ter mehr.<\/p>\n\n\n\n<figure class=\"wp-block-image size-large\"><a href=\"https:\/\/www.meenzer-on-tour.de\/blog\/wp-content\/uploads\/2025\/08\/WhatsApp-Image-2025-08-31-at-20.31.16-6.jpeg\"><img loading=\"lazy\" decoding=\"async\" width=\"1024\" height=\"768\" src=\"https:\/\/www.meenzer-on-tour.de\/blog\/wp-content\/uploads\/2025\/08\/WhatsApp-Image-2025-08-31-at-20.31.16-6-1024x768.jpeg\" alt=\"\" class=\"wp-image-3555\" srcset=\"https:\/\/www.meenzer-on-tour.de\/blog\/wp-content\/uploads\/2025\/08\/WhatsApp-Image-2025-08-31-at-20.31.16-6-1024x768.jpeg 1024w, https:\/\/www.meenzer-on-tour.de\/blog\/wp-content\/uploads\/2025\/08\/WhatsApp-Image-2025-08-31-at-20.31.16-6-300x225.jpeg 300w, https:\/\/www.meenzer-on-tour.de\/blog\/wp-content\/uploads\/2025\/08\/WhatsApp-Image-2025-08-31-at-20.31.16-6-768x576.jpeg 768w, https:\/\/www.meenzer-on-tour.de\/blog\/wp-content\/uploads\/2025\/08\/WhatsApp-Image-2025-08-31-at-20.31.16-6.jpeg 1308w\" sizes=\"auto, (max-width: 767px) 89vw, (max-width: 1000px) 54vw, (max-width: 1071px) 543px, 580px\" \/><\/a><figcaption class=\"wp-element-caption\">Im Liegewagen sollte es in 13 Stunden von Hamburg nach Stockholm gehen<\/figcaption><\/figure>\n\n\n\n<p>In Hamburg angekommen  hatte ich gen\u00fcgend Zeit, mal wieder an der Alster spazieren zu gehen. Das ist ja das Sch\u00f6ne an Ausw\u00e4rtsfahrten mit dem Zug \u2013 gerade wenn es international wird: Man bringt die entsprechende Zeit mit und hat die M\u00f6glichkeit, unterwegs neue (und alte St\u00e4dte) kennenzulernen. Am Ende wurden es neben Hamburg je zwei St\u00e4dte in Schweden und Norwegen \u2013 je zwei neue und zwei, die ich schon kannte.<\/p>\n\n\n\n<p>Eigentlich sollte mein Nachtzug der nationalen schwedischen Bahngesellschaft mit knapp zwei Stunden Versp\u00e4tung aus Berlin kommend in Hamburg eintreffen. Doch pl\u00f6tzlich wurde der Zug wieder als p\u00fcnktlich in der DB App angezeigt. Gut, dass ich mich nicht zu weit vom Hamburger Hauptbahnhof entfernt hatte, denn der Zug kam tats\u00e4chlich nur mit ein paar Minuten Versp\u00e4tung an. Wie er die rund 90 Minuten Versp\u00e4tung, die er bei der Abfahrt in Berlin angeblich hatte, wieder aufholte, werde ich wohl nie erfahren. Ich war ziemlich froh, dass ich um kurz nach 22 Uhr den Liegewagen betreten durfte. Dort waren schon ein paar andere Reisende am Schlafen und so r\u00e4umte ich nur kurz mein Gep\u00e4ck ein und d\u00f6ste relativ schnell beim Rattern auf den Schienen ein und verlie\u00df Deutschland im Schlaf.<\/p>\n\n\n\n<figure class=\"wp-block-image size-large\"><a href=\"https:\/\/www.meenzer-on-tour.de\/blog\/wp-content\/uploads\/2025\/08\/WhatsApp-Image-2025-08-31-at-20.31.16-4-2.jpeg\"><img loading=\"lazy\" decoding=\"async\" width=\"1024\" height=\"768\" src=\"https:\/\/www.meenzer-on-tour.de\/blog\/wp-content\/uploads\/2025\/08\/WhatsApp-Image-2025-08-31-at-20.31.16-4-2-1024x768.jpeg\" alt=\"\" class=\"wp-image-3558\" srcset=\"https:\/\/www.meenzer-on-tour.de\/blog\/wp-content\/uploads\/2025\/08\/WhatsApp-Image-2025-08-31-at-20.31.16-4-2-1024x768.jpeg 1024w, https:\/\/www.meenzer-on-tour.de\/blog\/wp-content\/uploads\/2025\/08\/WhatsApp-Image-2025-08-31-at-20.31.16-4-2-300x225.jpeg 300w, https:\/\/www.meenzer-on-tour.de\/blog\/wp-content\/uploads\/2025\/08\/WhatsApp-Image-2025-08-31-at-20.31.16-4-2-768x576.jpeg 768w, https:\/\/www.meenzer-on-tour.de\/blog\/wp-content\/uploads\/2025\/08\/WhatsApp-Image-2025-08-31-at-20.31.16-4-2-1536x1152.jpeg 1536w, https:\/\/www.meenzer-on-tour.de\/blog\/wp-content\/uploads\/2025\/08\/WhatsApp-Image-2025-08-31-at-20.31.16-4-2.jpeg 2048w\" sizes=\"auto, (max-width: 767px) 89vw, (max-width: 1000px) 54vw, (max-width: 1071px) 543px, 580px\" \/><\/a><figcaption class=\"wp-element-caption\">Der Blick f\u00fcr mehrere Stunden aus dem Liegewagen, der zum &#8222;Gef\u00e4ngnis&#8220; wurde<\/figcaption><\/figure>\n\n\n\n<p>Ich hatte die Nacht vergleichsweise gut geschlafen, obwohl ich bei 1,93 Metern K\u00f6rperl\u00e4nge im schwedischen Liegewagen Probleme hatte, mich auszustrecken. Es klappte relativ gut in der Diagonalen. Allerdings wurde ich nachts immer wieder wach und wunderte mich, warum wir mehrmals sehr lange hielten. Gegen 8 Uhr schaute ich auf Google Maps nach, wo wir gerade standen und traute meinen Augen nicht. Eigentlich h\u00e4tten wir schon in Schweden sein m\u00fcssen \u2013 sa\u00dfen aber gerade mit einem Lokschaden kurz vor Kopenhagen fest. Wenigstens gab es gratis Kaffee und einen veganen Riegel. Gegen 9 Uhr wurde die Ansage gemacht, dass eine Ersatzlok aus Malm\u00f6 in Schweden auf dem Weg sei. Diese w\u00fcrde zirka 45 Minuten brauchen, um unseren Zug zu erreichen.<\/p>\n\n\n\n<p>Ich kalkulierte schon mal meine Weiterreise durch. Eigentlich h\u00e4tte ich um 11 Uhr in Stockholm ankommen sollen. Die Weiterfahrt an die schwedisch-norwegische Grenze war f\u00fcr 22 Uhr geplant. Ich hatte also einen Puffer von 11 Stunden, der aber so langsam irgendwo in D\u00e4nemark dahinschmolz. Gegen 11 Uhr war dann tats\u00e4chlich die Lok vor die kaputte Lok gespannt worden. Es ging im Schneckentempo vielleicht 500 Meter weiter. Dann stoppte auch diese Lok und der Strom war pl\u00f6tzlich auch weg. Das \u00c4rgerliche an der Situation war, dass wir vorher in einem Bahnhof standen \u2013 allerdings auf einem Mittelgleis ohne Bahnsteig. Daher konnten wir nicht einfach aussteigen, da links und rechts Z\u00fcge an uns vorbei fuhren.<\/p>\n\n\n\n<figure class=\"wp-block-image size-large\"><a href=\"https:\/\/www.meenzer-on-tour.de\/blog\/wp-content\/uploads\/2025\/08\/WhatsApp-Image-2025-08-31-at-20.31.16-2.jpeg\"><img loading=\"lazy\" decoding=\"async\" width=\"1024\" height=\"768\" src=\"https:\/\/www.meenzer-on-tour.de\/blog\/wp-content\/uploads\/2025\/08\/WhatsApp-Image-2025-08-31-at-20.31.16-2-1024x768.jpeg\" alt=\"\" class=\"wp-image-3559\" srcset=\"https:\/\/www.meenzer-on-tour.de\/blog\/wp-content\/uploads\/2025\/08\/WhatsApp-Image-2025-08-31-at-20.31.16-2-1024x768.jpeg 1024w, https:\/\/www.meenzer-on-tour.de\/blog\/wp-content\/uploads\/2025\/08\/WhatsApp-Image-2025-08-31-at-20.31.16-2-300x225.jpeg 300w, https:\/\/www.meenzer-on-tour.de\/blog\/wp-content\/uploads\/2025\/08\/WhatsApp-Image-2025-08-31-at-20.31.16-2-768x576.jpeg 768w, https:\/\/www.meenzer-on-tour.de\/blog\/wp-content\/uploads\/2025\/08\/WhatsApp-Image-2025-08-31-at-20.31.16-2-1536x1152.jpeg 1536w, https:\/\/www.meenzer-on-tour.de\/blog\/wp-content\/uploads\/2025\/08\/WhatsApp-Image-2025-08-31-at-20.31.16-2.jpeg 1600w\" sizes=\"auto, (max-width: 767px) 89vw, (max-width: 1000px) 54vw, (max-width: 1071px) 543px, 580px\" \/><\/a><figcaption class=\"wp-element-caption\">Mit dem Hochgeschwindigkeitszug von Malm\u00f6 nach Stockholm<\/figcaption><\/figure>\n\n\n\n<p>Ich kam mir sp\u00e4testens als wir nun mitten in der Pampa wieder hielten, wie in einem Gef\u00e4ngnis vor. Es gab nichts zu essen und zu trinken, au\u00dfer dem TetraPak-Wasser, das in den Abteilen vor der Abfahrt bereitgestellt wurde. Der Schaffner wusste mittlerweile auch nicht mehr, wie es weitergehen sollte. Er meinte, die zweite Lok sei auch defekt. Man w\u00fcrde allerdings Tests machen und hoffen, dass man den Zug in den Hauptbahnhof von Kopenhagen schleppen k\u00f6nnte. Wann das geschehen w\u00fcrde, w\u00fcsste er allerdings nicht.<\/p>\n\n\n\n<p>Ich war mittlerweile ziemlich deprimiert und gab so langsam die Hoffnung auf, dass das noch klappen wird mit dem Anschluss in Stockholm \u2013 von meinen 11 Stunden Puffer war bereits weit mehr als die H\u00e4lfte aufgebraucht. Pl\u00f6tzlich rollten wir wie von Geisterhand wieder los \u2013 Strom gab es im Abteil immer noch nicht. Der Zug wurde sogar schneller als vorher und wir erreichten in der Mittagszeit schlie\u00dflich den Kopenhagener Hauptbahnhof. Der Schaffner machte die Ansage, dass der Zug nach kurzem Aufenthalt nach Malm\u00f6 in Schweden weiterfahren w\u00fcrde und dort dann Busse f\u00fcr die Fahrt nach Stockholm bereitstehen w\u00fcrden.<\/p>\n\n\n\n<figure class=\"wp-block-image size-large\"><a href=\"https:\/\/www.meenzer-on-tour.de\/blog\/wp-content\/uploads\/2025\/08\/WhatsApp-Image-2025-08-31-at-20.31.15-1.jpeg\"><img loading=\"lazy\" decoding=\"async\" width=\"1024\" height=\"768\" src=\"https:\/\/www.meenzer-on-tour.de\/blog\/wp-content\/uploads\/2025\/08\/WhatsApp-Image-2025-08-31-at-20.31.15-1-1024x768.jpeg\" alt=\"\" class=\"wp-image-3560\" srcset=\"https:\/\/www.meenzer-on-tour.de\/blog\/wp-content\/uploads\/2025\/08\/WhatsApp-Image-2025-08-31-at-20.31.15-1-1024x768.jpeg 1024w, https:\/\/www.meenzer-on-tour.de\/blog\/wp-content\/uploads\/2025\/08\/WhatsApp-Image-2025-08-31-at-20.31.15-1-300x225.jpeg 300w, https:\/\/www.meenzer-on-tour.de\/blog\/wp-content\/uploads\/2025\/08\/WhatsApp-Image-2025-08-31-at-20.31.15-1-768x576.jpeg 768w, https:\/\/www.meenzer-on-tour.de\/blog\/wp-content\/uploads\/2025\/08\/WhatsApp-Image-2025-08-31-at-20.31.15-1-1536x1152.jpeg 1536w, https:\/\/www.meenzer-on-tour.de\/blog\/wp-content\/uploads\/2025\/08\/WhatsApp-Image-2025-08-31-at-20.31.15-1.jpeg 1600w\" sizes=\"auto, (max-width: 767px) 89vw, (max-width: 1000px) 54vw, (max-width: 1071px) 543px, 580px\" \/><\/a><figcaption class=\"wp-element-caption\">Ankunft im Stockholmer Hauptbahnhof<\/figcaption><\/figure>\n\n\n\n<p>Dank meines Interrail-Tickets lehnte ich dieses Angebot dankend ab und trug in der Rail Planner App einen Regionalzug Kopenhagen \u2013 Malm\u00f6 ein, der alle 15 Minuten fuhr und f\u00fcr den ich keine Reservierung brauchte. Komplizierter wurde es auf der Strecke Malm\u00f6 \u2013 Stockholm, da in Schweden f\u00fcr Z\u00fcge des Fernverkehrs eine Reservierungspflicht besteht. Der n\u00e4chste Zug war ausgebucht, so dass ich mir einen Platz f\u00fcr den Zug eine Stunde sp\u00e4ter buchen musste.<\/p>\n\n\n\n<p>Wenn nun alles klappen w\u00fcrde, h\u00e4tte ich in Stockholm noch zwei Stunden Puffer gehabt, um meinen Nachtzug zu bekommen. Es durfte also nichts mehr schief gehen. Und es ging tasts\u00e4chlich auch nichts mehr schief, so dass ich zwei Stunden Zeit hatte, die schwedische Hauptstadt w\u00e4hrend der blauen Stunde zu besuchen.<\/p>\n\n\n\n<figure class=\"wp-block-image size-large\"><a href=\"https:\/\/www.meenzer-on-tour.de\/blog\/wp-content\/uploads\/2025\/08\/WhatsApp-Image-2025-08-31-at-20.31.15-2.jpeg\"><img loading=\"lazy\" decoding=\"async\" width=\"1024\" height=\"768\" src=\"https:\/\/www.meenzer-on-tour.de\/blog\/wp-content\/uploads\/2025\/08\/WhatsApp-Image-2025-08-31-at-20.31.15-2-1024x768.jpeg\" alt=\"\" class=\"wp-image-3561\" srcset=\"https:\/\/www.meenzer-on-tour.de\/blog\/wp-content\/uploads\/2025\/08\/WhatsApp-Image-2025-08-31-at-20.31.15-2-1024x768.jpeg 1024w, https:\/\/www.meenzer-on-tour.de\/blog\/wp-content\/uploads\/2025\/08\/WhatsApp-Image-2025-08-31-at-20.31.15-2-300x225.jpeg 300w, https:\/\/www.meenzer-on-tour.de\/blog\/wp-content\/uploads\/2025\/08\/WhatsApp-Image-2025-08-31-at-20.31.15-2-768x576.jpeg 768w, https:\/\/www.meenzer-on-tour.de\/blog\/wp-content\/uploads\/2025\/08\/WhatsApp-Image-2025-08-31-at-20.31.15-2-1536x1152.jpeg 1536w, https:\/\/www.meenzer-on-tour.de\/blog\/wp-content\/uploads\/2025\/08\/WhatsApp-Image-2025-08-31-at-20.31.15-2.jpeg 1600w\" sizes=\"auto, (max-width: 767px) 89vw, (max-width: 1000px) 54vw, (max-width: 1071px) 543px, 580px\" \/><\/a><figcaption class=\"wp-element-caption\">Kurze Visite von Stockholm<\/figcaption><\/figure>\n\n\n\n<p>Eigentlich hatte ich vor, die elf Stunden Aufenthalt f\u00fcr einen Besuch der 3Arena, in der Hammarby seine Heimspiele bestreitet, zu nutzen. Dass es mit dem Stadionbesuch nichts wurde, konnte ich am Ende verschmerzen.<\/p>\n\n\n\n<p>Vielmehr machte ich mir Sorgen wegen der Weiterfahrt. Wenn nun auf der anstehenden Nachtfahrt nach Storlien an der schwedisch-norwegischen Grenze wieder eine gro\u00dfe Versp\u00e4tung aufgebaut werden w\u00fcrde, h\u00e4tte ich wieder ein Problem. Schlie\u00dflich f\u00e4hrt der Anschlusszug nach Trondheim nur zweimal am Tag und ich hatte in Storlien planm\u00e4\u00dfig nur 35 Minuten Aufenthalt. Diesmal war der Puffer also sehr klein.<\/p>\n\n\n\n<figure class=\"wp-block-image size-large\"><a href=\"https:\/\/www.meenzer-on-tour.de\/blog\/wp-content\/uploads\/2025\/08\/WhatsApp-Image-2025-08-31-at-20.31.16.jpeg\"><img loading=\"lazy\" decoding=\"async\" width=\"1024\" height=\"768\" src=\"https:\/\/www.meenzer-on-tour.de\/blog\/wp-content\/uploads\/2025\/08\/WhatsApp-Image-2025-08-31-at-20.31.16-1024x768.jpeg\" alt=\"\" class=\"wp-image-3562\" srcset=\"https:\/\/www.meenzer-on-tour.de\/blog\/wp-content\/uploads\/2025\/08\/WhatsApp-Image-2025-08-31-at-20.31.16-1024x768.jpeg 1024w, https:\/\/www.meenzer-on-tour.de\/blog\/wp-content\/uploads\/2025\/08\/WhatsApp-Image-2025-08-31-at-20.31.16-300x225.jpeg 300w, https:\/\/www.meenzer-on-tour.de\/blog\/wp-content\/uploads\/2025\/08\/WhatsApp-Image-2025-08-31-at-20.31.16-768x576.jpeg 768w, https:\/\/www.meenzer-on-tour.de\/blog\/wp-content\/uploads\/2025\/08\/WhatsApp-Image-2025-08-31-at-20.31.16-1536x1152.jpeg 1536w, https:\/\/www.meenzer-on-tour.de\/blog\/wp-content\/uploads\/2025\/08\/WhatsApp-Image-2025-08-31-at-20.31.16.jpeg 1600w\" sizes=\"auto, (max-width: 767px) 89vw, (max-width: 1000px) 54vw, (max-width: 1071px) 543px, 580px\" \/><\/a><figcaption class=\"wp-element-caption\">Antiquiertes Abteil im Nachtzug von Stockholm an die schwedisch-norwegische Grenze<\/figcaption><\/figure>\n\n\n\n<p>Ich sa\u00df im Wartesaal des Stockholmer Hauptbahnhofs und bekam \u00fcber Instagram eine Nachricht. Ein User las in der AZ, dass ich geplant hatte, von Dresden nach Trondheim mit dem Zug zu fahren. Dem Journalisten hatte ich auch vom knappen Anschluss in Storlien berichtet. Niklas, ebenfalls 05-Fan, war mit seiner Freundin auch mit dem Zug unterwegs \u2013 aber nur bis \u00d6stersund kurz vor Storlien. Dort hatten sich die beiden tags zuvor ein Auto gemietet, um ein bisschen flexibler im schwedisch-norwegischen Grenzgebiet unterwegs zu sein. Er bot mir an, falls der Zug versp\u00e4tet sei, mich gegebenenfalls am Bahnhof in Storlien abzuholen und mit nach Trondheim zu nehmen.<\/p>\n\n\n\n<p>Was f\u00fcr ein Game Changer! So konnte ich recht unbeschwert in den privaten Nachtzug von Sn\u00e4llt\u00e5get steigen und es mir in meinem Abteil bequem machen. Es handelte sich um einen Abteilwagen, der sicherlich noch vor der Wende gebaut wurde \u2013 mit viel Holzvert\u00e4felung und jeweils sechs Sitzen in einem Abteil. Die Sitze lie\u00dfen sich nach vorne ziehen. Da ich das Abteil f\u00fcr mich alleine hatte, konnte ich quer auf den Sitzen liegen und hatte diesmal \u00fcberhaupt keine Probleme mit meiner K\u00f6rperl\u00e4nge.<\/p>\n\n\n\n<figure class=\"wp-block-image size-large\"><a href=\"https:\/\/www.meenzer-on-tour.de\/blog\/wp-content\/uploads\/2025\/08\/WhatsApp-Image-2025-08-31-at-20.31.14-3.jpeg\"><img loading=\"lazy\" decoding=\"async\" width=\"1024\" height=\"768\" src=\"https:\/\/www.meenzer-on-tour.de\/blog\/wp-content\/uploads\/2025\/08\/WhatsApp-Image-2025-08-31-at-20.31.14-3-1024x768.jpeg\" alt=\"\" class=\"wp-image-3563\" srcset=\"https:\/\/www.meenzer-on-tour.de\/blog\/wp-content\/uploads\/2025\/08\/WhatsApp-Image-2025-08-31-at-20.31.14-3-1024x768.jpeg 1024w, https:\/\/www.meenzer-on-tour.de\/blog\/wp-content\/uploads\/2025\/08\/WhatsApp-Image-2025-08-31-at-20.31.14-3-300x225.jpeg 300w, https:\/\/www.meenzer-on-tour.de\/blog\/wp-content\/uploads\/2025\/08\/WhatsApp-Image-2025-08-31-at-20.31.14-3-768x576.jpeg 768w, https:\/\/www.meenzer-on-tour.de\/blog\/wp-content\/uploads\/2025\/08\/WhatsApp-Image-2025-08-31-at-20.31.14-3-1536x1152.jpeg 1536w, https:\/\/www.meenzer-on-tour.de\/blog\/wp-content\/uploads\/2025\/08\/WhatsApp-Image-2025-08-31-at-20.31.14-3.jpeg 1600w\" sizes=\"auto, (max-width: 767px) 89vw, (max-width: 1000px) 54vw, (max-width: 1071px) 543px, 580px\" \/><\/a><figcaption class=\"wp-element-caption\">Fahrt durch die Traumkulisse Mittelschwedens<\/figcaption><\/figure>\n\n\n\n<p>Im Morgengrauen hielt der Zug schon wieder recht lange und mein Puls schoss in die H\u00f6he. Haben wir wieder einen Lokschaden? Diesmal hielt der Zug wenigstens am Gleis in einem Bahnhof. Es war 5.30 Uhr, die Sonne kam gerade \u00fcber die H\u00fcgel und ich schaute nat\u00fcrlich sofort auf Google Maps \u2013 und konnte wieder meinen Augen kaum trauen. Doch diesmal unter umgekehrten Vorzeichen: Wir waren bereits in \u00d6stersund, wo wir planm\u00e4\u00dfig erst um 6 Uhr h\u00e4tten ankommen sollen. Wir hatten also 30 Minuten Verfr\u00fchung.<\/p>\n\n\n\n<p>Hinter \u00d6stersund war an Schlaf nicht mehr zu denken \u2013 weil die Landschaft einfach faszinierend sch\u00f6n war. Es gab Strom, Internet und so konnte ich bis zum vorbestellten veganen Fr\u00fchst\u00fcck im Zugrestaurant ein wenig arbeiten. Zugfahren kann auch echt entspannend sein.<\/p>\n\n\n\n<figure class=\"wp-block-image size-large\"><a href=\"https:\/\/www.meenzer-on-tour.de\/blog\/wp-content\/uploads\/2025\/08\/WhatsApp-Image-2025-08-31-at-20.31.14-2.jpeg\"><img loading=\"lazy\" decoding=\"async\" width=\"1024\" height=\"768\" src=\"https:\/\/www.meenzer-on-tour.de\/blog\/wp-content\/uploads\/2025\/08\/WhatsApp-Image-2025-08-31-at-20.31.14-2-1024x768.jpeg\" alt=\"\" class=\"wp-image-3564\" srcset=\"https:\/\/www.meenzer-on-tour.de\/blog\/wp-content\/uploads\/2025\/08\/WhatsApp-Image-2025-08-31-at-20.31.14-2-1024x768.jpeg 1024w, https:\/\/www.meenzer-on-tour.de\/blog\/wp-content\/uploads\/2025\/08\/WhatsApp-Image-2025-08-31-at-20.31.14-2-300x225.jpeg 300w, https:\/\/www.meenzer-on-tour.de\/blog\/wp-content\/uploads\/2025\/08\/WhatsApp-Image-2025-08-31-at-20.31.14-2-768x576.jpeg 768w, https:\/\/www.meenzer-on-tour.de\/blog\/wp-content\/uploads\/2025\/08\/WhatsApp-Image-2025-08-31-at-20.31.14-2-1536x1152.jpeg 1536w, https:\/\/www.meenzer-on-tour.de\/blog\/wp-content\/uploads\/2025\/08\/WhatsApp-Image-2025-08-31-at-20.31.14-2.jpeg 1600w\" sizes=\"auto, (max-width: 767px) 89vw, (max-width: 1000px) 54vw, (max-width: 1071px) 543px, 580px\" \/><\/a><figcaption class=\"wp-element-caption\">Zugfr\u00fchst\u00fcck kurz vor Norwegen<\/figcaption><\/figure>\n\n\n\n<p>Ich blieb mit Niklas in Kontakt. Es gab zwar nochmal eine Schrecksekunde als der Zug kurz vor Storlien auf offener Strecke hielt und gerade dort die Bahnlinie durch unwegsames Gel\u00e4nde und nicht parallel zur Stra\u00dfe f\u00fchrte. Aber zur Not w\u00e4re ich auf dem Gleis die vier Kilometer nach Storlien gewandert. Das musste ich dann allerdings nicht, denn ein paar Minuten sp\u00e4ter ging die Zugfahrt weiter und wir erreichten p\u00fcnktlich den Grenzbahnhof.<\/p>\n\n\n\n<p>Dort gab es quasi\u2026nichts \u2013 vorallem keine Taxis, die man h\u00e4tte nehmen k\u00f6nnen, um nach Trondheim zu fahren. H\u00e4tte ich den Zug verpasst, h\u00e4tte ich entweder trampen m\u00fcssen oder 25 Kilometer nach Norwegen ins n\u00e4chste Dorf wandern d\u00fcrfen. Von dort w\u00e4re nachmittags ein Bus gefahren, der mich nach Trondheim gebracht h\u00e4tte. So aber konnte ich den norwegischen Zug besteigen, der kurze Zeit sp\u00e4ter aus Trondheim kommend hier quasi wendete und mich am sp\u00e4ten Donnerstagmorgen zum Spielort der 05er brachte. Nach 47 Stunden Reise, 9 Stunden Versp\u00e4tung zwischendrin, zwei Loksch\u00e4den und zwei N\u00e4chten im Zug hatte ich das Ziel der Reise erreicht \u2013 Mainz 05 International, halt!<\/p>\n\n\n\n<figure class=\"wp-block-image size-large\"><a href=\"https:\/\/www.meenzer-on-tour.de\/blog\/wp-content\/uploads\/2025\/08\/WhatsApp-Image-2025-08-31-at-20.31.14.jpeg\"><img loading=\"lazy\" decoding=\"async\" width=\"1024\" height=\"768\" src=\"https:\/\/www.meenzer-on-tour.de\/blog\/wp-content\/uploads\/2025\/08\/WhatsApp-Image-2025-08-31-at-20.31.14-1024x768.jpeg\" alt=\"\" class=\"wp-image-3566\" srcset=\"https:\/\/www.meenzer-on-tour.de\/blog\/wp-content\/uploads\/2025\/08\/WhatsApp-Image-2025-08-31-at-20.31.14-1024x768.jpeg 1024w, https:\/\/www.meenzer-on-tour.de\/blog\/wp-content\/uploads\/2025\/08\/WhatsApp-Image-2025-08-31-at-20.31.14-300x225.jpeg 300w, https:\/\/www.meenzer-on-tour.de\/blog\/wp-content\/uploads\/2025\/08\/WhatsApp-Image-2025-08-31-at-20.31.14-768x576.jpeg 768w, https:\/\/www.meenzer-on-tour.de\/blog\/wp-content\/uploads\/2025\/08\/WhatsApp-Image-2025-08-31-at-20.31.14-1536x1152.jpeg 1536w, https:\/\/www.meenzer-on-tour.de\/blog\/wp-content\/uploads\/2025\/08\/WhatsApp-Image-2025-08-31-at-20.31.14.jpeg 1600w\" sizes=\"auto, (max-width: 767px) 89vw, (max-width: 1000px) 54vw, (max-width: 1071px) 543px, 580px\" \/><\/a><figcaption class=\"wp-element-caption\">Das letzte Umsteigen vor Trondheim<\/figcaption><\/figure>\n\n\n\n<p>02 (N)immer nuff:<\/p>\n\n\n\n<p>In Trondheim angekommen, stellte sich das n\u00e4chste und \u00fcbern\u00e4chste Problem. <br><\/p>\n\n\n\n<p>1. Wohin mit dem Gep\u00e4ck? <br>Wie in Deutschland gibt es in Norwegen auch Schlie\u00dff\u00e4cher im Bahnhof. Da aber gerade irgendein Stadtfest war (mal wieder \u2013 Spiel wurde aber nicht verlegt), erfreuten sich die Schlie\u00dff\u00e4cher gro\u00dfer Beliebtheit und waren fast alle belegt. Ich wollte das Risiko nicht eingehen, dass kurz vor Anpfiff alle F\u00e4cher belegt sind und lagerte meine Sachen teilweise schon ein. Den Laptop ben\u00f6tigte ich allerdings noch, so dass ich sp\u00e4ter das Schlie\u00dffach nochmal \u00f6ffnen und nochmal zahlen musste. Am Ende kostete mich die Schlie\u00dffach-Geschichte so viel, wie das vegane Mittagsb\u00fcffet \u2013 das eine war mit 18 Euro sehr g\u00fcnstig, das andere mit 18 Euro ziemlich teuer \ud83d\ude09 \u00dcbrigens musste ich weder in Schweden noch in Norwegen Geld abheben &#8211; ich konnte alles per Karte bezahlen&#8230;selbst das Schlie\u00dffach oder das WC. Kartennutzungs-Mimimi ist in Skandinavien ein Fremdwort.<\/p>\n\n\n\n<p>2. Bekomme ich mein ausgedrucktes Ticket? <br>Anders als in Dresden, wo das Ticket im Mobiltelefon gespeichert werden konnte, sollte dieses Print@Home-Ticket ausgedruckt mitgenommen werden. Dumm nur, dass ich ja seit Donnerstag unterwegs war und freitags nur das Ticket bestellt werden konnte. Das Ticket selbst wurde erst per Email zugestellt, als ich dienstags bereits im Zug von Dresden nach Hamburg sa\u00df. Mein Ticket wurde per WhatsApp aus dem Zug nach Mainz geschickt. Dort wurde es ausgedruckt und mit in den Flieger via Oslo nach Trondheim gebracht. Der Kurierservice funzte am Ende ebenfalls problemlos &#8211; danke Max und Alex!<\/p>\n\n\n\n<figure class=\"wp-block-image size-large\"><a href=\"https:\/\/www.meenzer-on-tour.de\/blog\/wp-content\/uploads\/2025\/08\/WhatsApp-Image-2025-08-31-at-20.31.14-1.jpeg\"><img loading=\"lazy\" decoding=\"async\" width=\"1024\" height=\"768\" src=\"https:\/\/www.meenzer-on-tour.de\/blog\/wp-content\/uploads\/2025\/08\/WhatsApp-Image-2025-08-31-at-20.31.14-1-1024x768.jpeg\" alt=\"\" class=\"wp-image-3567\" srcset=\"https:\/\/www.meenzer-on-tour.de\/blog\/wp-content\/uploads\/2025\/08\/WhatsApp-Image-2025-08-31-at-20.31.14-1-1024x768.jpeg 1024w, https:\/\/www.meenzer-on-tour.de\/blog\/wp-content\/uploads\/2025\/08\/WhatsApp-Image-2025-08-31-at-20.31.14-1-300x225.jpeg 300w, https:\/\/www.meenzer-on-tour.de\/blog\/wp-content\/uploads\/2025\/08\/WhatsApp-Image-2025-08-31-at-20.31.14-1-768x576.jpeg 768w, https:\/\/www.meenzer-on-tour.de\/blog\/wp-content\/uploads\/2025\/08\/WhatsApp-Image-2025-08-31-at-20.31.14-1-1536x1152.jpeg 1536w, https:\/\/www.meenzer-on-tour.de\/blog\/wp-content\/uploads\/2025\/08\/WhatsApp-Image-2025-08-31-at-20.31.14-1.jpeg 1600w\" sizes=\"auto, (max-width: 767px) 89vw, (max-width: 1000px) 54vw, (max-width: 1071px) 543px, 580px\" \/><\/a><figcaption class=\"wp-element-caption\">Ankunft in Trondheim<\/figcaption><\/figure>\n\n\n\n<p>03 Kon-Trolle<\/p>\n\n\n\n<p>Der Marsch zum Stadion bot verschiedene Regenvariationen an \u2013 mal Nieselregen, mal Starkregen \u2013 aber der Mob lie\u00df sich die Vorfreude auf das erste internationale Ausw\u00e4rtspflichtspiel nach 9 Jahren nicht nehmen und zog euphorisch zum Lerkendal-Stadion von Rosenborg Trondheim. Die Security, die teilweise aus Mitarbeiterinnen bestand, die auch M\u00e4nner checkten, war komplett entspannt und extrem freundlich. Da k\u00f6nnten sich einige Mitarbeitende in manchem deutschen Stadion eine Portion Freundlichkeit abschneiden.<\/p>\n\n\n\n<figure class=\"wp-block-image size-large\"><a href=\"https:\/\/www.meenzer-on-tour.de\/blog\/wp-content\/uploads\/2025\/08\/WhatsApp-Image-2025-08-31-at-20.31.13-5.jpeg\"><img loading=\"lazy\" decoding=\"async\" width=\"1024\" height=\"768\" src=\"https:\/\/www.meenzer-on-tour.de\/blog\/wp-content\/uploads\/2025\/08\/WhatsApp-Image-2025-08-31-at-20.31.13-5-1024x768.jpeg\" alt=\"\" class=\"wp-image-3568\" srcset=\"https:\/\/www.meenzer-on-tour.de\/blog\/wp-content\/uploads\/2025\/08\/WhatsApp-Image-2025-08-31-at-20.31.13-5-1024x768.jpeg 1024w, https:\/\/www.meenzer-on-tour.de\/blog\/wp-content\/uploads\/2025\/08\/WhatsApp-Image-2025-08-31-at-20.31.13-5-300x225.jpeg 300w, https:\/\/www.meenzer-on-tour.de\/blog\/wp-content\/uploads\/2025\/08\/WhatsApp-Image-2025-08-31-at-20.31.13-5-768x576.jpeg 768w, https:\/\/www.meenzer-on-tour.de\/blog\/wp-content\/uploads\/2025\/08\/WhatsApp-Image-2025-08-31-at-20.31.13-5-1536x1152.jpeg 1536w, https:\/\/www.meenzer-on-tour.de\/blog\/wp-content\/uploads\/2025\/08\/WhatsApp-Image-2025-08-31-at-20.31.13-5.jpeg 1600w\" sizes=\"auto, (max-width: 767px) 89vw, (max-width: 1000px) 54vw, (max-width: 1071px) 543px, 580px\" \/><\/a><figcaption class=\"wp-element-caption\">Die Skyline von Trondheim<\/figcaption><\/figure>\n\n\n\n<p>04 Kampf um den Mampf<\/p>\n\n\n\n<p>Da ich mich mittags ziemlich voll gefuttert hatte, machte ich um das Catering einen gro\u00dfen Bogen \u2013 zumal es nur Einweggebinde gab, f\u00fcr die im Stadionumlauf dann M\u00fclleimer getrennt nach verschiedenen Wertstoffen standen. Auf die Idee, Mehrweg einzusetzen ist man hier noch nicht gekommen \u2013 nein, Deutschland ist nicht in allem komplett r\u00fcckst\u00e4ndig.<\/p>\n\n\n\n<figure class=\"wp-block-image size-large\"><a href=\"https:\/\/www.meenzer-on-tour.de\/blog\/wp-content\/uploads\/2025\/08\/WhatsApp-Image-2025-08-31-at-20.31.13.jpeg\"><img loading=\"lazy\" decoding=\"async\" width=\"1024\" height=\"768\" src=\"https:\/\/www.meenzer-on-tour.de\/blog\/wp-content\/uploads\/2025\/08\/WhatsApp-Image-2025-08-31-at-20.31.13-1024x768.jpeg\" alt=\"\" class=\"wp-image-3569\" srcset=\"https:\/\/www.meenzer-on-tour.de\/blog\/wp-content\/uploads\/2025\/08\/WhatsApp-Image-2025-08-31-at-20.31.13-1024x768.jpeg 1024w, https:\/\/www.meenzer-on-tour.de\/blog\/wp-content\/uploads\/2025\/08\/WhatsApp-Image-2025-08-31-at-20.31.13-300x225.jpeg 300w, https:\/\/www.meenzer-on-tour.de\/blog\/wp-content\/uploads\/2025\/08\/WhatsApp-Image-2025-08-31-at-20.31.13-768x576.jpeg 768w, https:\/\/www.meenzer-on-tour.de\/blog\/wp-content\/uploads\/2025\/08\/WhatsApp-Image-2025-08-31-at-20.31.13-1536x1152.jpeg 1536w, https:\/\/www.meenzer-on-tour.de\/blog\/wp-content\/uploads\/2025\/08\/WhatsApp-Image-2025-08-31-at-20.31.13.jpeg 1600w\" sizes=\"auto, (max-width: 767px) 89vw, (max-width: 1000px) 54vw, (max-width: 1071px) 543px, 580px\" \/><\/a><figcaption class=\"wp-element-caption\">Ankunft am Lerkendal-Stadion<\/figcaption><\/figure>\n\n\n\n<p>05 K\u00e4fighaltung<\/p>\n\n\n\n<p>Es war schon bizarr, dass sich der G\u00e4steblock \u00fcber die gesamte Hintertortrib\u00fcne erstreckte und es \u00fcberhaupt keine Fangnetze gab. So nah ist man dem Spielfeld in Deutschland nur noch selten. Die Stimmung war extrem gut \u2013 die Sicht manchmal nicht so gut. Es gab dann doch sehr viel Rauchschwaden zu vermelden. Gut, dass ich noch ein paar FFP2-Masken dabei hatte \u2013 alle in wei\u00df hat es ja gehie\u00dfen und so war das mit der Maske optisch sogar perfektioniert worden \ud83d\ude09 Nat\u00fcrlich war das Gegentor in der 90. Minute ein D\u00e4mpfer. Aber irgendwie auch nicht. Man hatte schon eine gewisse Portion Optimismus (die bei mir im Laufe der Woche zwar immer weniger wurde). Die meisten Fans waren aber ohnehin von dieser Ausw\u00e4rtsfahrt komplett geflasht \u2013 egal ob sie mit dem Fanflieger kamen, mit der Kombi aus Flug und E-Auto oder halt mit dem Zug. Dadurch, dass das Team 7 Tage sp\u00e4ter das Ruder rumriss, wird diese Ausw\u00e4rtsfahrt noch unvergesslicher f\u00fcr alle bleiben, die dabei waren! Alles f\u00fcr den internationalen Fu\u00dfballsportverein!<\/p>\n\n\n\n<p>&nbsp;<\/p>\n\n\n\n<figure class=\"wp-block-image size-large\"><a href=\"https:\/\/www.meenzer-on-tour.de\/blog\/wp-content\/uploads\/2025\/08\/WhatsApp-Image-2025-08-31-at-20.31.13-3.jpeg\"><img loading=\"lazy\" decoding=\"async\" width=\"1024\" height=\"768\" src=\"https:\/\/www.meenzer-on-tour.de\/blog\/wp-content\/uploads\/2025\/08\/WhatsApp-Image-2025-08-31-at-20.31.13-3-1024x768.jpeg\" alt=\"\" class=\"wp-image-3570\" srcset=\"https:\/\/www.meenzer-on-tour.de\/blog\/wp-content\/uploads\/2025\/08\/WhatsApp-Image-2025-08-31-at-20.31.13-3-1024x768.jpeg 1024w, https:\/\/www.meenzer-on-tour.de\/blog\/wp-content\/uploads\/2025\/08\/WhatsApp-Image-2025-08-31-at-20.31.13-3-300x225.jpeg 300w, https:\/\/www.meenzer-on-tour.de\/blog\/wp-content\/uploads\/2025\/08\/WhatsApp-Image-2025-08-31-at-20.31.13-3-768x576.jpeg 768w, https:\/\/www.meenzer-on-tour.de\/blog\/wp-content\/uploads\/2025\/08\/WhatsApp-Image-2025-08-31-at-20.31.13-3-1536x1152.jpeg 1536w, https:\/\/www.meenzer-on-tour.de\/blog\/wp-content\/uploads\/2025\/08\/WhatsApp-Image-2025-08-31-at-20.31.13-3.jpeg 1600w\" sizes=\"auto, (max-width: 767px) 89vw, (max-width: 1000px) 54vw, (max-width: 1071px) 543px, 580px\" \/><\/a><figcaption class=\"wp-element-caption\">Der G\u00e4steblock im Lerkendal-Stadion<\/figcaption><\/figure>\n\n\n\n<p>Fazit: Der Jahrgang 2025\/2026 zeigt, dass es richtige wilde internationale Ausw\u00e4rtsfahrten geben kann.<\/p>\n\n\n\n<p>Rot-wei\u00dfe Gr\u00fc\u00dfe,<\/p>\n\n\n\n<p>Christoph \u2013 Meenzer on Tour<\/p>\n\n\n\n<p>PS: Die Details der Ausw\u00e4rtsfahrt aus der Rail Planner-App<\/p>\n\n\n\n<figure class=\"wp-block-image size-large\"><a href=\"https:\/\/www.meenzer-on-tour.de\/blog\/wp-content\/uploads\/2025\/09\/IMG_7784.jpeg\"><img loading=\"lazy\" decoding=\"async\" width=\"563\" height=\"1024\" src=\"https:\/\/www.meenzer-on-tour.de\/blog\/wp-content\/uploads\/2025\/09\/IMG_7784-563x1024.jpeg\" alt=\"\" class=\"wp-image-3576\" srcset=\"https:\/\/www.meenzer-on-tour.de\/blog\/wp-content\/uploads\/2025\/09\/IMG_7784-563x1024.jpeg 563w, https:\/\/www.meenzer-on-tour.de\/blog\/wp-content\/uploads\/2025\/09\/IMG_7784-165x300.jpeg 165w, https:\/\/www.meenzer-on-tour.de\/blog\/wp-content\/uploads\/2025\/09\/IMG_7784-768x1396.jpeg 768w, https:\/\/www.meenzer-on-tour.de\/blog\/wp-content\/uploads\/2025\/09\/IMG_7784-845x1536.jpeg 845w, https:\/\/www.meenzer-on-tour.de\/blog\/wp-content\/uploads\/2025\/09\/IMG_7784-1127x2048.jpeg 1127w, https:\/\/www.meenzer-on-tour.de\/blog\/wp-content\/uploads\/2025\/09\/IMG_7784.jpeg 1170w\" sizes=\"auto, (max-width: 563px) 100vw, 563px\" \/><\/a><figcaption class=\"wp-element-caption\">Die Fahrt von Dresden nach Trondheim und weiter nach G\u00f6teborg <\/figcaption><\/figure>\n\n\n\n<figure class=\"wp-block-image size-large\"><a href=\"https:\/\/www.meenzer-on-tour.de\/blog\/wp-content\/uploads\/2025\/09\/IMG_7786.png\"><img loading=\"lazy\" decoding=\"async\" width=\"473\" height=\"1024\" src=\"https:\/\/www.meenzer-on-tour.de\/blog\/wp-content\/uploads\/2025\/09\/IMG_7786-473x1024.png\" alt=\"\" class=\"wp-image-3577\" srcset=\"https:\/\/www.meenzer-on-tour.de\/blog\/wp-content\/uploads\/2025\/09\/IMG_7786-473x1024.png 473w, https:\/\/www.meenzer-on-tour.de\/blog\/wp-content\/uploads\/2025\/09\/IMG_7786-139x300.png 139w, https:\/\/www.meenzer-on-tour.de\/blog\/wp-content\/uploads\/2025\/09\/IMG_7786-768x1662.png 768w, https:\/\/www.meenzer-on-tour.de\/blog\/wp-content\/uploads\/2025\/09\/IMG_7786-710x1536.png 710w, https:\/\/www.meenzer-on-tour.de\/blog\/wp-content\/uploads\/2025\/09\/IMG_7786-946x2048.png 946w, https:\/\/www.meenzer-on-tour.de\/blog\/wp-content\/uploads\/2025\/09\/IMG_7786.png 1170w\" sizes=\"auto, (max-width: 473px) 100vw, 473px\" \/><\/a><figcaption class=\"wp-element-caption\">Die Statistik ist etwas verf\u00e4lscht, da zwischen Kopenhagen und Stockholm neue Tickets gebucht werden mussten.<\/figcaption><\/figure>\n\n\n\n<ul class=\"wp-block-social-links is-layout-flex wp-block-social-links-is-layout-flex\"><li class=\"wp-social-link wp-social-link-wordpress  wp-block-social-link\"><a href=\"https:\/\/www.meenzer-on-tour.de\/\" class=\"wp-block-social-link-anchor\"><svg width=\"24\" height=\"24\" viewBox=\"0 0 24 24\" version=\"1.1\" xmlns=\"http:\/\/www.w3.org\/2000\/svg\" aria-hidden=\"true\" focusable=\"false\"><path d=\"M12.158,12.786L9.46,20.625c0.806,0.237,1.657,0.366,2.54,0.366c1.047,0,2.051-0.181,2.986-0.51 c-0.024-0.038-0.046-0.079-0.065-0.124L12.158,12.786z M3.009,12c0,3.559,2.068,6.634,5.067,8.092L3.788,8.341 C3.289,9.459,3.009,10.696,3.009,12z M18.069,11.546c0-1.112-0.399-1.881-0.741-2.48c-0.456-0.741-0.883-1.368-0.883-2.109 c0-0.826,0.627-1.596,1.51-1.596c0.04,0,0.078,0.005,0.116,0.007C16.472,3.904,14.34,3.009,12,3.009 c-3.141,0-5.904,1.612-7.512,4.052c0.211,0.007,0.41,0.011,0.579,0.011c0.94,0,2.396-0.114,2.396-0.114 C7.947,6.93,8.004,7.642,7.52,7.699c0,0-0.487,0.057-1.029,0.085l3.274,9.739l1.968-5.901l-1.401-3.838 C9.848,7.756,9.389,7.699,9.389,7.699C8.904,7.67,8.961,6.93,9.446,6.958c0,0,1.484,0.114,2.368,0.114 c0.94,0,2.397-0.114,2.397-0.114c0.485-0.028,0.542,0.684,0.057,0.741c0,0-0.488,0.057-1.029,0.085l3.249,9.665l0.897-2.996 C17.841,13.284,18.069,12.316,18.069,11.546z M19.889,7.686c0.039,0.286,0.06,0.593,0.06,0.924c0,0.912-0.171,1.938-0.684,3.22 l-2.746,7.94c2.673-1.558,4.47-4.454,4.47-7.771C20.991,10.436,20.591,8.967,19.889,7.686z M12,22C6.486,22,2,17.514,2,12 C2,6.486,6.486,2,12,2c5.514,0,10,4.486,10,10C22,17.514,17.514,22,12,22z\"><\/path><\/svg><span class=\"wp-block-social-link-label screen-reader-text\">WordPress<\/span><\/a><\/li>\n\n<li class=\"wp-social-link wp-social-link-amazon  wp-block-social-link\"><a href=\"https:\/\/www.amazon.de\/Christoph-Kessel\/e\/B07L2H8194?ref=sr_ntt_srch_lnk_7&#038;qid=1610638290&#038;sr=1-7-catcorr\" class=\"wp-block-social-link-anchor\"><svg width=\"24\" height=\"24\" viewBox=\"0 0 24 24\" version=\"1.1\" xmlns=\"http:\/\/www.w3.org\/2000\/svg\" aria-hidden=\"true\" focusable=\"false\"><path d=\"M13.582,8.182C11.934,8.367,9.78,8.49,8.238,9.166c-1.781,0.769-3.03,2.337-3.03,4.644 c0,2.953,1.86,4.429,4.253,4.429c2.02,0,3.125-0.477,4.685-2.065c0.516,0.747,0.685,1.109,1.629,1.894 c0.212,0.114,0.483,0.103,0.672-0.066l0.006,0.006c0.567-0.505,1.599-1.401,2.18-1.888c0.231-0.188,0.19-0.496,0.009-0.754 c-0.52-0.718-1.072-1.303-1.072-2.634V8.305c0-1.876,0.133-3.599-1.249-4.891C15.23,2.369,13.422,2,12.04,2 C9.336,2,6.318,3.01,5.686,6.351C5.618,6.706,5.877,6.893,6.109,6.945l2.754,0.298C9.121,7.23,9.308,6.977,9.357,6.72 c0.236-1.151,1.2-1.706,2.284-1.706c0.584,0,1.249,0.215,1.595,0.738c0.398,0.584,0.346,1.384,0.346,2.061V8.182z M13.049,14.088 c-0.451,0.8-1.169,1.291-1.967,1.291c-1.09,0-1.728-0.83-1.728-2.061c0-2.42,2.171-2.86,4.227-2.86v0.615 C13.582,12.181,13.608,13.104,13.049,14.088z M20.683,19.339C18.329,21.076,14.917,22,11.979,22c-4.118,0-7.826-1.522-10.632-4.057 c-0.22-0.199-0.024-0.471,0.241-0.317c3.027,1.762,6.771,2.823,10.639,2.823c2.608,0,5.476-0.541,8.115-1.66 C20.739,18.62,21.072,19.051,20.683,19.339z M21.336,21.043c-0.194,0.163-0.379,0.076-0.293-0.139 c0.284-0.71,0.92-2.298,0.619-2.684c-0.301-0.386-1.99-0.183-2.749-0.092c-0.23,0.027-0.266-0.173-0.059-0.319 c1.348-0.946,3.555-0.673,3.811-0.356C22.925,17.773,22.599,19.986,21.336,21.043z\"><\/path><\/svg><span class=\"wp-block-social-link-label screen-reader-text\">Amazon<\/span><\/a><\/li>\n\n<li class=\"wp-social-link wp-social-link-facebook  wp-block-social-link\"><a href=\"https:\/\/www.facebook.com\/MeenzerOnTour\/\" class=\"wp-block-social-link-anchor\"><svg width=\"24\" height=\"24\" viewBox=\"0 0 24 24\" version=\"1.1\" xmlns=\"http:\/\/www.w3.org\/2000\/svg\" aria-hidden=\"true\" focusable=\"false\"><path d=\"M12 2C6.5 2 2 6.5 2 12c0 5 3.7 9.1 8.4 9.9v-7H7.9V12h2.5V9.8c0-2.5 1.5-3.9 3.8-3.9 1.1 0 2.2.2 2.2.2v2.5h-1.3c-1.2 0-1.6.8-1.6 1.6V12h2.8l-.4 2.9h-2.3v7C18.3 21.1 22 17 22 12c0-5.5-4.5-10-10-10z\"><\/path><\/svg><span class=\"wp-block-social-link-label screen-reader-text\">Facebook<\/span><\/a><\/li>\n\n<li class=\"wp-social-link wp-social-link-instagram  wp-block-social-link\"><a href=\"https:\/\/www.instagram.com\/meenzer_on_tour\" class=\"wp-block-social-link-anchor\"><svg width=\"24\" height=\"24\" viewBox=\"0 0 24 24\" version=\"1.1\" xmlns=\"http:\/\/www.w3.org\/2000\/svg\" aria-hidden=\"true\" focusable=\"false\"><path d=\"M12,4.622c2.403,0,2.688,0.009,3.637,0.052c0.877,0.04,1.354,0.187,1.671,0.31c0.42,0.163,0.72,0.358,1.035,0.673 c0.315,0.315,0.51,0.615,0.673,1.035c0.123,0.317,0.27,0.794,0.31,1.671c0.043,0.949,0.052,1.234,0.052,3.637 s-0.009,2.688-0.052,3.637c-0.04,0.877-0.187,1.354-0.31,1.671c-0.163,0.42-0.358,0.72-0.673,1.035 c-0.315,0.315-0.615,0.51-1.035,0.673c-0.317,0.123-0.794,0.27-1.671,0.31c-0.949,0.043-1.233,0.052-3.637,0.052 s-2.688-0.009-3.637-0.052c-0.877-0.04-1.354-0.187-1.671-0.31c-0.42-0.163-0.72-0.358-1.035-0.673 c-0.315-0.315-0.51-0.615-0.673-1.035c-0.123-0.317-0.27-0.794-0.31-1.671C4.631,14.688,4.622,14.403,4.622,12 s0.009-2.688,0.052-3.637c0.04-0.877,0.187-1.354,0.31-1.671c0.163-0.42,0.358-0.72,0.673-1.035 c0.315-0.315,0.615-0.51,1.035-0.673c0.317-0.123,0.794-0.27,1.671-0.31C9.312,4.631,9.597,4.622,12,4.622 M12,3 C9.556,3,9.249,3.01,8.289,3.054C7.331,3.098,6.677,3.25,6.105,3.472C5.513,3.702,5.011,4.01,4.511,4.511 c-0.5,0.5-0.808,1.002-1.038,1.594C3.25,6.677,3.098,7.331,3.054,8.289C3.01,9.249,3,9.556,3,12c0,2.444,0.01,2.751,0.054,3.711 c0.044,0.958,0.196,1.612,0.418,2.185c0.23,0.592,0.538,1.094,1.038,1.594c0.5,0.5,1.002,0.808,1.594,1.038 c0.572,0.222,1.227,0.375,2.185,0.418C9.249,20.99,9.556,21,12,21s2.751-0.01,3.711-0.054c0.958-0.044,1.612-0.196,2.185-0.418 c0.592-0.23,1.094-0.538,1.594-1.038c0.5-0.5,0.808-1.002,1.038-1.594c0.222-0.572,0.375-1.227,0.418-2.185 C20.99,14.751,21,14.444,21,12s-0.01-2.751-0.054-3.711c-0.044-0.958-0.196-1.612-0.418-2.185c-0.23-0.592-0.538-1.094-1.038-1.594 c-0.5-0.5-1.002-0.808-1.594-1.038c-0.572-0.222-1.227-0.375-2.185-0.418C14.751,3.01,14.444,3,12,3L12,3z M12,7.378 c-2.552,0-4.622,2.069-4.622,4.622S9.448,16.622,12,16.622s4.622-2.069,4.622-4.622S14.552,7.378,12,7.378z M12,15 c-1.657,0-3-1.343-3-3s1.343-3,3-3s3,1.343,3,3S13.657,15,12,15z M16.804,6.116c-0.596,0-1.08,0.484-1.08,1.08 s0.484,1.08,1.08,1.08c0.596,0,1.08-0.484,1.08-1.08S17.401,6.116,16.804,6.116z\"><\/path><\/svg><span class=\"wp-block-social-link-label screen-reader-text\">Instagram<\/span><\/a><\/li>\n\n<li class=\"wp-social-link wp-social-link-twitter  wp-block-social-link\"><a href=\"https:\/\/twitter.com\/meenzer_on_tour\" class=\"wp-block-social-link-anchor\"><svg width=\"24\" height=\"24\" viewBox=\"0 0 24 24\" version=\"1.1\" xmlns=\"http:\/\/www.w3.org\/2000\/svg\" aria-hidden=\"true\" focusable=\"false\"><path d=\"M22.23,5.924c-0.736,0.326-1.527,0.547-2.357,0.646c0.847-0.508,1.498-1.312,1.804-2.27 c-0.793,0.47-1.671,0.812-2.606,0.996C18.324,4.498,17.257,4,16.077,4c-2.266,0-4.103,1.837-4.103,4.103 c0,0.322,0.036,0.635,0.106,0.935C8.67,8.867,5.647,7.234,3.623,4.751C3.27,5.357,3.067,6.062,3.067,6.814 c0,1.424,0.724,2.679,1.825,3.415c-0.673-0.021-1.305-0.206-1.859-0.513c0,0.017,0,0.034,0,0.052c0,1.988,1.414,3.647,3.292,4.023 c-0.344,0.094-0.707,0.144-1.081,0.144c-0.264,0-0.521-0.026-0.772-0.074c0.522,1.63,2.038,2.816,3.833,2.85 c-1.404,1.1-3.174,1.756-5.096,1.756c-0.331,0-0.658-0.019-0.979-0.057c1.816,1.164,3.973,1.843,6.29,1.843 c7.547,0,11.675-6.252,11.675-11.675c0-0.178-0.004-0.355-0.012-0.531C20.985,7.47,21.68,6.747,22.23,5.924z\"><\/path><\/svg><span class=\"wp-block-social-link-label screen-reader-text\">Twitter<\/span><\/a><\/li>\n\n<\/ul>\n","protected":false},"excerpt":{"rendered":"<p>Ausw\u00e4rts fahren bietet in unserem komplett verplanten Alltag eine M\u00f6glichkeit, Unplanm\u00e4\u00dfiges geschehen zu lassen, \u00fcberraschend positive Erlebnisse zu sammeln oder auch negative Erfahrungen zu machen. An dieser Stelle berichte ich \u00fcber meine rein subjektiven Eindr\u00fccke rund um die jeweilige Ausw\u00e4rtsfahrt, jeweils mit ein wenig Abstand betrachtet \u2013 eine Sp\u00e4tlese eben! 01 Hin und weg: Dem &hellip; <\/p>\n<p class=\"link-more\"><a href=\"https:\/\/www.meenzer-on-tour.de\/blog\/spaetlese-trondheim-saison-2025-2026\/\" class=\"more-link\"><span class=\"screen-reader-text\">\u201eSp\u00e4tlese Trondheim Saison 2025\/2026\u201c <\/span>weiterlesen<\/a><\/p>\n","protected":false},"author":1,"featured_media":0,"comment_status":"closed","ping_status":"open","sticky":false,"template":"","format":"standard","meta":{"footnotes":""},"categories":[4,1],"tags":[11,429,428,59],"class_list":["post-3549","post","type-post","status-publish","format-standard","hentry","category-fussball","category-spaetlese","tag-mainz-05","tag-rosenborg-trondheim","tag-saison-2025-2026","tag-spaetlese"],"yoast_head":"<!-- This site is optimized with the Yoast SEO plugin v27.4 - https:\/\/yoast.com\/product\/yoast-seo-wordpress\/ -->\n<title>Sp\u00e4tlese Trondheim Saison 2025\/2026 - Meenzer on Tour Blog<\/title>\n<meta name=\"description\" content=\"Reisebericht anl\u00e4sslich der Ausw\u00e4rtsfahrt von Dresden nach Trondheim mit dem zum ECL-Qualifikationsspiels von Mainz 05 in Trondheim.\" \/>\n<meta name=\"robots\" content=\"index, follow, max-snippet:-1, max-image-preview:large, max-video-preview:-1\" \/>\n<link rel=\"canonical\" href=\"https:\/\/www.meenzer-on-tour.de\/blog\/spaetlese-trondheim-saison-2025-2026\/\" \/>\n<meta property=\"og:locale\" content=\"de_DE\" \/>\n<meta property=\"og:type\" content=\"article\" \/>\n<meta property=\"og:title\" content=\"Sp\u00e4tlese Trondheim Saison 2025\/2026 - Meenzer on Tour Blog\" \/>\n<meta property=\"og:description\" content=\"Reisebericht anl\u00e4sslich der Ausw\u00e4rtsfahrt von Dresden nach Trondheim mit dem zum ECL-Qualifikationsspiels von Mainz 05 in Trondheim.\" \/>\n<meta property=\"og:url\" content=\"https:\/\/www.meenzer-on-tour.de\/blog\/spaetlese-trondheim-saison-2025-2026\/\" \/>\n<meta property=\"og:site_name\" content=\"Meenzer on Tour Blog\" \/>\n<meta property=\"article:published_time\" content=\"2025-09-02T05:51:01+00:00\" \/>\n<meta property=\"article:modified_time\" content=\"2025-09-02T06:25:30+00:00\" \/>\n<meta property=\"og:image\" content=\"https:\/\/www.meenzer-on-tour.de\/blog\/wp-content\/uploads\/2025\/08\/WhatsApp-Image-2025-08-31-at-20.31.15.jpeg\" \/>\n\t<meta property=\"og:image:width\" content=\"1600\" \/>\n\t<meta property=\"og:image:height\" content=\"1200\" \/>\n\t<meta property=\"og:image:type\" content=\"image\/jpeg\" \/>\n<meta name=\"author\" content=\"Christoph\" \/>\n<meta name=\"twitter:card\" content=\"summary_large_image\" \/>\n<meta name=\"twitter:label1\" content=\"Verfasst von\" \/>\n\t<meta name=\"twitter:data1\" content=\"Christoph\" \/>\n\t<meta name=\"twitter:label2\" content=\"Gesch\u00e4tzte Lesezeit\" \/>\n\t<meta name=\"twitter:data2\" content=\"18\u00a0Minuten\" \/>\n<script type=\"application\/ld+json\" class=\"yoast-schema-graph\">{\"@context\":\"https:\\\/\\\/schema.org\",\"@graph\":[{\"@type\":\"Article\",\"@id\":\"https:\\\/\\\/www.meenzer-on-tour.de\\\/blog\\\/spaetlese-trondheim-saison-2025-2026\\\/#article\",\"isPartOf\":{\"@id\":\"https:\\\/\\\/www.meenzer-on-tour.de\\\/blog\\\/spaetlese-trondheim-saison-2025-2026\\\/\"},\"author\":{\"name\":\"Christoph\",\"@id\":\"https:\\\/\\\/www.meenzer-on-tour.de\\\/blog\\\/#\\\/schema\\\/person\\\/e8a97e9efa1062d69a2cbb01f96b919f\"},\"headline\":\"Sp\u00e4tlese Trondheim Saison 2025\\\/2026\",\"datePublished\":\"2025-09-02T05:51:01+00:00\",\"dateModified\":\"2025-09-02T06:25:30+00:00\",\"mainEntityOfPage\":{\"@id\":\"https:\\\/\\\/www.meenzer-on-tour.de\\\/blog\\\/spaetlese-trondheim-saison-2025-2026\\\/\"},\"wordCount\":2586,\"publisher\":{\"@id\":\"https:\\\/\\\/www.meenzer-on-tour.de\\\/blog\\\/#\\\/schema\\\/person\\\/e8a97e9efa1062d69a2cbb01f96b919f\"},\"image\":{\"@id\":\"https:\\\/\\\/www.meenzer-on-tour.de\\\/blog\\\/spaetlese-trondheim-saison-2025-2026\\\/#primaryimage\"},\"thumbnailUrl\":\"https:\\\/\\\/www.meenzer-on-tour.de\\\/blog\\\/wp-content\\\/uploads\\\/2025\\\/08\\\/WhatsApp-Image-2025-08-31-at-20.31.15-1024x768.jpeg\",\"keywords\":[\"Mainz 05\",\"Rosenborg Trondheim\",\"Saison 2025\\\/2026\",\"Sp\u00e4tlese\"],\"articleSection\":[\"Fu\u00dfball\",\"Sp\u00e4tlese\"],\"inLanguage\":\"de\"},{\"@type\":\"WebPage\",\"@id\":\"https:\\\/\\\/www.meenzer-on-tour.de\\\/blog\\\/spaetlese-trondheim-saison-2025-2026\\\/\",\"url\":\"https:\\\/\\\/www.meenzer-on-tour.de\\\/blog\\\/spaetlese-trondheim-saison-2025-2026\\\/\",\"name\":\"Sp\u00e4tlese Trondheim Saison 2025\\\/2026 - Meenzer on Tour Blog\",\"isPartOf\":{\"@id\":\"https:\\\/\\\/www.meenzer-on-tour.de\\\/blog\\\/#website\"},\"primaryImageOfPage\":{\"@id\":\"https:\\\/\\\/www.meenzer-on-tour.de\\\/blog\\\/spaetlese-trondheim-saison-2025-2026\\\/#primaryimage\"},\"image\":{\"@id\":\"https:\\\/\\\/www.meenzer-on-tour.de\\\/blog\\\/spaetlese-trondheim-saison-2025-2026\\\/#primaryimage\"},\"thumbnailUrl\":\"https:\\\/\\\/www.meenzer-on-tour.de\\\/blog\\\/wp-content\\\/uploads\\\/2025\\\/08\\\/WhatsApp-Image-2025-08-31-at-20.31.15-1024x768.jpeg\",\"datePublished\":\"2025-09-02T05:51:01+00:00\",\"dateModified\":\"2025-09-02T06:25:30+00:00\",\"description\":\"Reisebericht anl\u00e4sslich der Ausw\u00e4rtsfahrt von Dresden nach Trondheim mit dem zum ECL-Qualifikationsspiels von Mainz 05 in Trondheim.\",\"breadcrumb\":{\"@id\":\"https:\\\/\\\/www.meenzer-on-tour.de\\\/blog\\\/spaetlese-trondheim-saison-2025-2026\\\/#breadcrumb\"},\"inLanguage\":\"de\",\"potentialAction\":[{\"@type\":\"ReadAction\",\"target\":[\"https:\\\/\\\/www.meenzer-on-tour.de\\\/blog\\\/spaetlese-trondheim-saison-2025-2026\\\/\"]}]},{\"@type\":\"ImageObject\",\"inLanguage\":\"de\",\"@id\":\"https:\\\/\\\/www.meenzer-on-tour.de\\\/blog\\\/spaetlese-trondheim-saison-2025-2026\\\/#primaryimage\",\"url\":\"https:\\\/\\\/www.meenzer-on-tour.de\\\/blog\\\/wp-content\\\/uploads\\\/2025\\\/08\\\/WhatsApp-Image-2025-08-31-at-20.31.15.jpeg\",\"contentUrl\":\"https:\\\/\\\/www.meenzer-on-tour.de\\\/blog\\\/wp-content\\\/uploads\\\/2025\\\/08\\\/WhatsApp-Image-2025-08-31-at-20.31.15.jpeg\",\"width\":1600,\"height\":1200},{\"@type\":\"BreadcrumbList\",\"@id\":\"https:\\\/\\\/www.meenzer-on-tour.de\\\/blog\\\/spaetlese-trondheim-saison-2025-2026\\\/#breadcrumb\",\"itemListElement\":[{\"@type\":\"ListItem\",\"position\":1,\"name\":\"Startseite\",\"item\":\"https:\\\/\\\/www.meenzer-on-tour.de\\\/blog\\\/\"},{\"@type\":\"ListItem\",\"position\":2,\"name\":\"Sp\u00e4tlese Trondheim Saison 2025\\\/2026\"}]},{\"@type\":\"WebSite\",\"@id\":\"https:\\\/\\\/www.meenzer-on-tour.de\\\/blog\\\/#website\",\"url\":\"https:\\\/\\\/www.meenzer-on-tour.de\\\/blog\\\/\",\"name\":\"Meenzer on Tour Blog\",\"description\":\"Reisen - Fankultur - B&uuml;cher - Mainz\",\"publisher\":{\"@id\":\"https:\\\/\\\/www.meenzer-on-tour.de\\\/blog\\\/#\\\/schema\\\/person\\\/e8a97e9efa1062d69a2cbb01f96b919f\"},\"potentialAction\":[{\"@type\":\"SearchAction\",\"target\":{\"@type\":\"EntryPoint\",\"urlTemplate\":\"https:\\\/\\\/www.meenzer-on-tour.de\\\/blog\\\/?s={search_term_string}\"},\"query-input\":{\"@type\":\"PropertyValueSpecification\",\"valueRequired\":true,\"valueName\":\"search_term_string\"}}],\"inLanguage\":\"de\"},{\"@type\":[\"Person\",\"Organization\"],\"@id\":\"https:\\\/\\\/www.meenzer-on-tour.de\\\/blog\\\/#\\\/schema\\\/person\\\/e8a97e9efa1062d69a2cbb01f96b919f\",\"name\":\"Christoph\",\"image\":{\"@type\":\"ImageObject\",\"inLanguage\":\"de\",\"@id\":\"https:\\\/\\\/www.meenzer-on-tour.de\\\/blog\\\/wp-content\\\/uploads\\\/2021\\\/08\\\/A107190A-FC35-48EA-8B44-CF4EB9117345.jpeg\",\"url\":\"https:\\\/\\\/www.meenzer-on-tour.de\\\/blog\\\/wp-content\\\/uploads\\\/2021\\\/08\\\/A107190A-FC35-48EA-8B44-CF4EB9117345.jpeg\",\"contentUrl\":\"https:\\\/\\\/www.meenzer-on-tour.de\\\/blog\\\/wp-content\\\/uploads\\\/2021\\\/08\\\/A107190A-FC35-48EA-8B44-CF4EB9117345.jpeg\",\"width\":2000,\"height\":1200,\"caption\":\"Christoph\"},\"logo\":{\"@id\":\"https:\\\/\\\/www.meenzer-on-tour.de\\\/blog\\\/wp-content\\\/uploads\\\/2021\\\/08\\\/A107190A-FC35-48EA-8B44-CF4EB9117345.jpeg\"},\"url\":\"https:\\\/\\\/www.meenzer-on-tour.de\\\/blog\\\/author\\\/admin\\\/\"}]}<\/script>\n<!-- \/ Yoast SEO plugin. -->","yoast_head_json":{"title":"Sp\u00e4tlese Trondheim Saison 2025\/2026 - Meenzer on Tour Blog","description":"Reisebericht anl\u00e4sslich der Ausw\u00e4rtsfahrt von Dresden nach Trondheim mit dem zum ECL-Qualifikationsspiels von Mainz 05 in Trondheim.","robots":{"index":"index","follow":"follow","max-snippet":"max-snippet:-1","max-image-preview":"max-image-preview:large","max-video-preview":"max-video-preview:-1"},"canonical":"https:\/\/www.meenzer-on-tour.de\/blog\/spaetlese-trondheim-saison-2025-2026\/","og_locale":"de_DE","og_type":"article","og_title":"Sp\u00e4tlese Trondheim Saison 2025\/2026 - Meenzer on Tour Blog","og_description":"Reisebericht anl\u00e4sslich der Ausw\u00e4rtsfahrt von Dresden nach Trondheim mit dem zum ECL-Qualifikationsspiels von Mainz 05 in Trondheim.","og_url":"https:\/\/www.meenzer-on-tour.de\/blog\/spaetlese-trondheim-saison-2025-2026\/","og_site_name":"Meenzer on Tour Blog","article_published_time":"2025-09-02T05:51:01+00:00","article_modified_time":"2025-09-02T06:25:30+00:00","og_image":[{"width":1600,"height":1200,"url":"https:\/\/www.meenzer-on-tour.de\/blog\/wp-content\/uploads\/2025\/08\/WhatsApp-Image-2025-08-31-at-20.31.15.jpeg","type":"image\/jpeg"}],"author":"Christoph","twitter_card":"summary_large_image","twitter_misc":{"Verfasst von":"Christoph","Gesch\u00e4tzte Lesezeit":"18\u00a0Minuten"},"schema":{"@context":"https:\/\/schema.org","@graph":[{"@type":"Article","@id":"https:\/\/www.meenzer-on-tour.de\/blog\/spaetlese-trondheim-saison-2025-2026\/#article","isPartOf":{"@id":"https:\/\/www.meenzer-on-tour.de\/blog\/spaetlese-trondheim-saison-2025-2026\/"},"author":{"name":"Christoph","@id":"https:\/\/www.meenzer-on-tour.de\/blog\/#\/schema\/person\/e8a97e9efa1062d69a2cbb01f96b919f"},"headline":"Sp\u00e4tlese Trondheim Saison 2025\/2026","datePublished":"2025-09-02T05:51:01+00:00","dateModified":"2025-09-02T06:25:30+00:00","mainEntityOfPage":{"@id":"https:\/\/www.meenzer-on-tour.de\/blog\/spaetlese-trondheim-saison-2025-2026\/"},"wordCount":2586,"publisher":{"@id":"https:\/\/www.meenzer-on-tour.de\/blog\/#\/schema\/person\/e8a97e9efa1062d69a2cbb01f96b919f"},"image":{"@id":"https:\/\/www.meenzer-on-tour.de\/blog\/spaetlese-trondheim-saison-2025-2026\/#primaryimage"},"thumbnailUrl":"https:\/\/www.meenzer-on-tour.de\/blog\/wp-content\/uploads\/2025\/08\/WhatsApp-Image-2025-08-31-at-20.31.15-1024x768.jpeg","keywords":["Mainz 05","Rosenborg Trondheim","Saison 2025\/2026","Sp\u00e4tlese"],"articleSection":["Fu\u00dfball","Sp\u00e4tlese"],"inLanguage":"de"},{"@type":"WebPage","@id":"https:\/\/www.meenzer-on-tour.de\/blog\/spaetlese-trondheim-saison-2025-2026\/","url":"https:\/\/www.meenzer-on-tour.de\/blog\/spaetlese-trondheim-saison-2025-2026\/","name":"Sp\u00e4tlese Trondheim Saison 2025\/2026 - Meenzer on Tour Blog","isPartOf":{"@id":"https:\/\/www.meenzer-on-tour.de\/blog\/#website"},"primaryImageOfPage":{"@id":"https:\/\/www.meenzer-on-tour.de\/blog\/spaetlese-trondheim-saison-2025-2026\/#primaryimage"},"image":{"@id":"https:\/\/www.meenzer-on-tour.de\/blog\/spaetlese-trondheim-saison-2025-2026\/#primaryimage"},"thumbnailUrl":"https:\/\/www.meenzer-on-tour.de\/blog\/wp-content\/uploads\/2025\/08\/WhatsApp-Image-2025-08-31-at-20.31.15-1024x768.jpeg","datePublished":"2025-09-02T05:51:01+00:00","dateModified":"2025-09-02T06:25:30+00:00","description":"Reisebericht anl\u00e4sslich der Ausw\u00e4rtsfahrt von Dresden nach Trondheim mit dem zum ECL-Qualifikationsspiels von Mainz 05 in Trondheim.","breadcrumb":{"@id":"https:\/\/www.meenzer-on-tour.de\/blog\/spaetlese-trondheim-saison-2025-2026\/#breadcrumb"},"inLanguage":"de","potentialAction":[{"@type":"ReadAction","target":["https:\/\/www.meenzer-on-tour.de\/blog\/spaetlese-trondheim-saison-2025-2026\/"]}]},{"@type":"ImageObject","inLanguage":"de","@id":"https:\/\/www.meenzer-on-tour.de\/blog\/spaetlese-trondheim-saison-2025-2026\/#primaryimage","url":"https:\/\/www.meenzer-on-tour.de\/blog\/wp-content\/uploads\/2025\/08\/WhatsApp-Image-2025-08-31-at-20.31.15.jpeg","contentUrl":"https:\/\/www.meenzer-on-tour.de\/blog\/wp-content\/uploads\/2025\/08\/WhatsApp-Image-2025-08-31-at-20.31.15.jpeg","width":1600,"height":1200},{"@type":"BreadcrumbList","@id":"https:\/\/www.meenzer-on-tour.de\/blog\/spaetlese-trondheim-saison-2025-2026\/#breadcrumb","itemListElement":[{"@type":"ListItem","position":1,"name":"Startseite","item":"https:\/\/www.meenzer-on-tour.de\/blog\/"},{"@type":"ListItem","position":2,"name":"Sp\u00e4tlese Trondheim Saison 2025\/2026"}]},{"@type":"WebSite","@id":"https:\/\/www.meenzer-on-tour.de\/blog\/#website","url":"https:\/\/www.meenzer-on-tour.de\/blog\/","name":"Meenzer on Tour Blog","description":"Reisen - Fankultur - B&uuml;cher - Mainz","publisher":{"@id":"https:\/\/www.meenzer-on-tour.de\/blog\/#\/schema\/person\/e8a97e9efa1062d69a2cbb01f96b919f"},"potentialAction":[{"@type":"SearchAction","target":{"@type":"EntryPoint","urlTemplate":"https:\/\/www.meenzer-on-tour.de\/blog\/?s={search_term_string}"},"query-input":{"@type":"PropertyValueSpecification","valueRequired":true,"valueName":"search_term_string"}}],"inLanguage":"de"},{"@type":["Person","Organization"],"@id":"https:\/\/www.meenzer-on-tour.de\/blog\/#\/schema\/person\/e8a97e9efa1062d69a2cbb01f96b919f","name":"Christoph","image":{"@type":"ImageObject","inLanguage":"de","@id":"https:\/\/www.meenzer-on-tour.de\/blog\/wp-content\/uploads\/2021\/08\/A107190A-FC35-48EA-8B44-CF4EB9117345.jpeg","url":"https:\/\/www.meenzer-on-tour.de\/blog\/wp-content\/uploads\/2021\/08\/A107190A-FC35-48EA-8B44-CF4EB9117345.jpeg","contentUrl":"https:\/\/www.meenzer-on-tour.de\/blog\/wp-content\/uploads\/2021\/08\/A107190A-FC35-48EA-8B44-CF4EB9117345.jpeg","width":2000,"height":1200,"caption":"Christoph"},"logo":{"@id":"https:\/\/www.meenzer-on-tour.de\/blog\/wp-content\/uploads\/2021\/08\/A107190A-FC35-48EA-8B44-CF4EB9117345.jpeg"},"url":"https:\/\/www.meenzer-on-tour.de\/blog\/author\/admin\/"}]}},"_links":{"self":[{"href":"https:\/\/www.meenzer-on-tour.de\/blog\/wp-json\/wp\/v2\/posts\/3549","targetHints":{"allow":["GET"]}}],"collection":[{"href":"https:\/\/www.meenzer-on-tour.de\/blog\/wp-json\/wp\/v2\/posts"}],"about":[{"href":"https:\/\/www.meenzer-on-tour.de\/blog\/wp-json\/wp\/v2\/types\/post"}],"author":[{"embeddable":true,"href":"https:\/\/www.meenzer-on-tour.de\/blog\/wp-json\/wp\/v2\/users\/1"}],"replies":[{"embeddable":true,"href":"https:\/\/www.meenzer-on-tour.de\/blog\/wp-json\/wp\/v2\/comments?post=3549"}],"version-history":[{"count":17,"href":"https:\/\/www.meenzer-on-tour.de\/blog\/wp-json\/wp\/v2\/posts\/3549\/revisions"}],"predecessor-version":[{"id":3661,"href":"https:\/\/www.meenzer-on-tour.de\/blog\/wp-json\/wp\/v2\/posts\/3549\/revisions\/3661"}],"wp:attachment":[{"href":"https:\/\/www.meenzer-on-tour.de\/blog\/wp-json\/wp\/v2\/media?parent=3549"}],"wp:term":[{"taxonomy":"category","embeddable":true,"href":"https:\/\/www.meenzer-on-tour.de\/blog\/wp-json\/wp\/v2\/categories?post=3549"},{"taxonomy":"post_tag","embeddable":true,"href":"https:\/\/www.meenzer-on-tour.de\/blog\/wp-json\/wp\/v2\/tags?post=3549"}],"curies":[{"name":"wp","href":"https:\/\/api.w.org\/{rel}","templated":true}]}}