{"id":3297,"date":"2024-12-29T10:30:34","date_gmt":"2024-12-29T08:30:34","guid":{"rendered":"https:\/\/www.meenzer-on-tour.de\/blog\/?p=3297"},"modified":"2024-12-30T15:53:11","modified_gmt":"2024-12-30T13:53:11","slug":"meine-mainz-05-momente-2024","status":"publish","type":"post","link":"https:\/\/www.meenzer-on-tour.de\/blog\/meine-mainz-05-momente-2024\/","title":{"rendered":"Meine Mainz-05-Momente 2024"},"content":{"rendered":"\n<p>Die \u201eDas darf in keinem Jahresr\u00fcckblick fehlen\u201c-Momente h\u00e4uften sich in diesem nun zu Ende gehenden Jahr 2024, wenn ich an Mainz 05 denke, ziemlich an. Allerdings ist die Social Media-Abteilung des FSV gerade dabei, sie so viel besser aufzubereiten als ich es je k\u00f6nnte. Daher fokussiere ich mich lieber auf meine 2024er-Momente mit unserem Fu\u00dfballsportverein, die es sicherlich zum gr\u00f6\u00dften Teil in keine offizielle Vereinschronik schaffen werden.<\/p>\n\n\n\n<figure class=\"wp-block-image size-large\"><a href=\"https:\/\/www.meenzer-on-tour.de\/blog\/wp-content\/uploads\/2024\/12\/B6230B5D-B593-49CC-9F43-468FC089D3F0-scaled.jpeg\"><img loading=\"lazy\" decoding=\"async\" width=\"1024\" height=\"819\" src=\"https:\/\/www.meenzer-on-tour.de\/blog\/wp-content\/uploads\/2024\/12\/B6230B5D-B593-49CC-9F43-468FC089D3F0-1024x819.jpeg\" alt=\"\" class=\"wp-image-3300\" srcset=\"https:\/\/www.meenzer-on-tour.de\/blog\/wp-content\/uploads\/2024\/12\/B6230B5D-B593-49CC-9F43-468FC089D3F0-1024x819.jpeg 1024w, https:\/\/www.meenzer-on-tour.de\/blog\/wp-content\/uploads\/2024\/12\/B6230B5D-B593-49CC-9F43-468FC089D3F0-300x240.jpeg 300w, https:\/\/www.meenzer-on-tour.de\/blog\/wp-content\/uploads\/2024\/12\/B6230B5D-B593-49CC-9F43-468FC089D3F0-768x614.jpeg 768w, https:\/\/www.meenzer-on-tour.de\/blog\/wp-content\/uploads\/2024\/12\/B6230B5D-B593-49CC-9F43-468FC089D3F0-1536x1229.jpeg 1536w, https:\/\/www.meenzer-on-tour.de\/blog\/wp-content\/uploads\/2024\/12\/B6230B5D-B593-49CC-9F43-468FC089D3F0-2048x1639.jpeg 2048w\" sizes=\"auto, (max-width: 767px) 89vw, (max-width: 1000px) 54vw, (max-width: 1071px) 543px, 580px\" \/><\/a><\/figure>\n\n\n\n<p>Der <strong>Januar<\/strong> lie\u00df sich f\u00fcr mich als Fan des FSV eigentlich nur im \u201eWinterschlaf\u201c ertragen. Drau\u00dfen war es kalt in Mainz, meistens dunkel und der Blick auf die Tabelle der M\u00e4nnerprofimannschaft lie\u00df f\u00fcr das Fr\u00fchjahr nichts Gutes erahnen. Gut war eigentlich nur, dass ich mehrere Spieltage lang auf Reisen war \u2013 am anderen Ende der Welt, fernab vom Abstiegskampf bei trostlosen Partien gegen Wolfsburg oder Union. <\/p>\n\n\n\n<p>Zur\u00fcck in Deutschland, rechtzeitig zur Stra\u00dfenfastnacht im <strong>Februar<\/strong>, ging das Fastnachtsspiel in Stuttgart in die Hose \u2013 dieser Umstand hat mehr Tradition als das Dosenged\u00f6ns, das in der zweiten Jahresh\u00e4lfte indirekt noch viele Gem\u00fcter erregen sollte. Dass das Fastnachtsspiel aber das Letzte ohne Bo II in diesem Jahr sein w\u00fcrde, wussten wir zu dieser Zeit noch nicht. Ja seine pure Existenz war uns noch nicht mal bewusst. W\u00e4hrend wir uns mit \u201eHeile heile G\u00e4nsje\u201c uff de Gass tr\u00f6steten, t\u00fcteten die handelnden Personen bei Mainz 05 das n\u00e4chste Trainer-Wunder am Bruchweg ein. Und es wurde bald wieder (fast) alles gut!<\/p>\n\n\n\n<p>Augsburg war der Game Changer, den wir alle n\u00f6tig hatten. Es lief da an der Seitenlinie pl\u00f6tzlich ein Duracell-H\u00e4schen mit wehenden Haaren entlang \u2013 dem viele sp\u00e4testens nach der Klatsche bei den Bayern Strohfeuer-Mentalit\u00e4t unterstellten. Dass Bo Henriksens Art langfristig gut gehen w\u00fcrde, war mir nat\u00fcrlich zu diesem Zeitpunkt auch nicht bewusst. Langfristig hei\u00dft, \u00fcber mehr als ein paar Monate, wenn man sieht, was Union mit Bo I und Babak und ihrem Trainerteam gerade wieder angestellt hat. Denn wir befinden uns schlie\u00dflich im Fu\u00dfballgesch\u00e4ft \u2013 einer ganz speziellen Bubble mit Protagonist*innen, die au\u00dferhalb dieser Branche wahrscheinlich gar nicht die Gelegenheit h\u00e4tten, so viel Mist zu produzieren. W\u00e4hrend es mit dem FSV langsam bergauf ging, ging es mit den Investorenpl\u00e4nen der DFL langsam bergab. Ich schaue sehr selten bis gar nicht \u201eHart aber fair\u201c \u2013 wie die beiden Kritiker*innen des Investoren-Deals, die Sportjournalistin Mia Guethe und der \u201eUnsere Kurve\u201c-Sprecher Thomas Kessen die Argumente, insbesondere vom Investoren-Fan Martin Kind, f\u00fcr den Deal, in der <a href=\"https:\/\/www.ardmediathek.de\/video\/hart-aber-fair\/fans-oder-kommerz-wem-gehoert-der-fussball\/das-erste\/Y3JpZDovL3dkci5kZS9CZWl0cmFnLXNvcGhvcmEtYzMwYTM0ZTMtZGI0NS00NWQ0LWIwOWEtNmUzZjQyMzZhODgw\">Sendung vom 19. Februar<\/a> zerbr\u00f6selten, war jedoch wirklich sehenswert. Gemeinsam mit sehr vielen Tennisb\u00e4llen wurde der Deal schlie\u00dflich im wahrsten Sinne des Wortes weggeworfen. Wie sich unser Verein in der Causa Investoren-Deal positionierte, war allerdings befremdlich. Fast der gesamte Aufsichtsrat sprach sich gegen den Deal aus \u2013 die operativ handelnden Personen votierten trotzdem daf\u00fcr. Dass das Thema Aufsichtsrat in diesem Jahr noch h\u00f6here Wellen schlagen w\u00fcrde, haben wir damals nicht geahnt.<\/p>\n\n\n\n<p>W\u00e4hrend das M\u00e4nnerprofiteam bei den Bayern unterging und damit im <strong>M\u00e4rz <\/strong>den letzten richtigen D\u00e4mpfer im gesamten Jahr erhielt, sorgten zwei Teams im Fr\u00fchjahr f\u00fcr ein Dauerl\u00e4cheln auf meinem Gesicht. In der U19 Youth League nahmen die Nullf\u00fcnfer Barca und ManCity auseinander und das 05-Frauenteam schoss am gleichen Wochenende als es 1:8 gegen die Bayern hie\u00df, Ober-Olm mit 8:0 vom Platz. Unser FSV besticht als Gesamtverein \u2013 dabei d\u00fcrfen wir auch nicht die Handball- und die Tischtennisabteilung vergessen. Was f\u00fcr ein Privileg es ist, als eingetragener Verein 2024 durch das Jahr zu reisen, ist uns in diesen M\u00e4rz-Tagen vielleicht bewusst geworden \u2013 dem 05-Nachwuchs und dem Frauenteam sei Dank.<\/p>\n\n\n\n<p>Dass unser Verein noch nahbar sein kann, zeigte sich im <strong>April<\/strong> mal wieder, als es darum ging, die <a href=\"https:\/\/merkurist.de\/mainz\/mainz-05-hacke-spitze-1-2-3-fuer-mehr-biodiversitaet_G7FU\" target=\"_blank\" rel=\"noreferrer noopener\">Ballfangnetze am Wolfgang-Frank-Campus zu begr\u00fcnen<\/a>, um die Biodiversit\u00e4t dort mit insektenfreundlichen Rankpflanzen zu sichern. Jonny und Batzi halfen selbstverst\u00e4ndlich mit, f\u00fcr die Pflanzen L\u00f6cher zu graben und die Stauden einzupflanzen. Dass wir schlie\u00dflich einen netten Plausch unter anderem mit dem besten deutschen St\u00fcrmer der zweiten Jahresh\u00e4lfte f\u00fchren w\u00fcrden, hatten wir zu diesem Zeitpunkt nicht erahnt.<\/p>\n\n\n\n<p>W\u00e4hrend der Klassenerhalt immer greifbarer wurde und sich der Verein eigentlich wunderbar als Einheit pr\u00e4sentierte, waren es im <strong>Mai <\/strong>wieder die Personen im operativen Bereich, die unn\u00f6tig Unruhe reinbrachten. Die Dauerkarte sollte standardm\u00e4\u00dfig ab der n\u00e4chsten Saison digital angeboten werden \u2013 wer eine Plastikkarte haben wollte, m\u00fcsse daf\u00fcr 10 Euro Geb\u00fchr bezahlen. Ich pers\u00f6nlich mag die digitale Dauerkarte sehr. Das ist allerdings unwichtig. Es gibt Menschen, die kein Smartphone haben oder die es nicht so bedienen k\u00f6nnen, dass sie die Dauerkarte darin laden k\u00f6nnen. Dass man diese mit einer Geb\u00fchr bestrafen wollte, und das in einem Moment, wo man solche Nebenkriegsschaupl\u00e4tze \u00fcberhaupt nicht gebrauchen konnte, ist einfach 05-Welt-fremd. Dabei gibt es die entsprechenden Austauschformate in unserem Verein. Nur wenn man die eine Seite vor vollendete Tatsachen stellt, braucht man sich nicht zu wundern, wenn es massiven Gegenwind im Stadion von der anderen Seite gibt. Gut, dass die Geb\u00fchr eingemottet wurde \u2013 sie wird sicherlich irgendwann kommen, aber es kommt halt immer auf das Timing an. Menschen mitnehmen \u2013 da sollten einige im Verein 2025 bitte an ihrer Performance arbeiten.<\/p>\n\n\n\n<p>W\u00e4hrend sich die M\u00e4nnerprofimannschaft in Wolfsburg Ende Mai selbst belohnte und den Klassenerhalt aus eigener Kraft schaffte, blieb ein \u00e4hnliches Erfolgserlebnis den Frauen verwehrt. \u201eMeisterinnen m\u00fcssen aufsteigen\u201c \u2013lautete das Banner, das sowohl 05- als auch Bochum-Fans auf dem Schott-Kunstrasenplatz beim ersten Aufstiegsrelegationsspiel im <strong>Juni <\/strong>pr\u00e4sentierten. Schlie\u00dflich wurden die Teams des VfL Bochum und von Mainz 05 Meisterinnen in ihrer jeweiligen Liga \u2013 aufsteigen durfte allerdings nur einer von beiden Vereinen. Dies ist wieder so eine \u201eL\u00f6sung\u201c eines Fu\u00dfballverbands, der einfach komplett ignorant ist und den Wettkampfcharakter in einem Ligen-System ad absurdum f\u00fchrt. Aber was will man von einem Verband erwarten, der f\u00fcr eine WM in einem Land votiert, in dem das Wort &#8222;Menschenrecht&#8220; ein Fremdwort ist?<\/p>\n\n\n\n<p>Nach einer grandiosen Saison mit zwei Titeln (Landespokalsiegerinnen und Meisterinnen) standen die Nullf\u00fcnferinnen im Schatten des Ruhrstadions am Ende doch mit leeren H\u00e4nden da. Wir Fans verabschiedeten uns nach dem Spiel vom Team in die Sommerpause und wussten damals nicht, dass so viele Spielerinnen in den Wochen danach sang- und klanglos den Verein verlassen w\u00fcrden. Es ist einfach schade, wenn Spielerinnen mit einem Satz in einer Vereinsnachricht mehr oder weniger wegmoderiert und \u201everabschiedet\u201c werden. Ein bisschen mehr \u201eSepp-van-den-Berg\u201c-Hype und &#8222;Bo I-Abschiedsvideo&#8220; Stil w\u00fcrde auch unserem Verein gut zu Gesicht stehen, wenn es darum geht, verdiente Spielerinnen w\u00fcrdig zu verabschieden. Dass diese teilweise als Zuschauerinnen wenige Monate sp\u00e4ter im Bruchwegstadion und auf dem Nebenplatz ihr ehemaliges Team anfeuern w\u00fcrden \u2013 das war f\u00fcr mich eines der Highlights des Jahres schlechthin. Nie passte der Slogan &#8222;Einmal 05er*in, immer 05er*in&#8220; besser.<\/p>\n\n\n\n<p>Im <strong>Juli <\/strong>schaute ich mir wie jedes Jahr die Finanzkennzahlen der Erstligisten im M\u00e4nnerprofifu\u00dfball an. Wie in praktisch jedem Jahr der j\u00fcngeren Vereinsgeschichte steht Mainz 05 sehr solide da \u2013 neben dem SC Freiburg, den Bayern und Ho$$enheim. Da zolle ich gerne meine Anerkennung, wenn es darum geht, wie die handelnden Personen bei Mainz 05 mit dem lieben Geld umgehen. Dies ist die Basis daf\u00fcr, dass wir seit 15 Jahren am St\u00fcck im M\u00e4nnerprofifu\u00dfball erstklassig spielen und dass die 05-Frauen die Chance erhalten, in der kommenden Saison aufzusteigen. Als Meisterinnen w\u00fcrden sie diesmal tats\u00e4chlich aufsteigen, da die Frauenfu\u00dfball-Bundesliga um zwei Teams aufgestockt wird und damit diese uns\u00e4glichen Aufstiegsrelegationsspiele 2025 ausbleiben werden.<\/p>\n\n\n\n<p>Und so fing sie an \u2013 die Saison 2024\/2025! In Wiesbaden schoss das M\u00e4nnerprofiteam das erste von sechs Malen ausw\u00e4rts drei Tore &#8211; einmalig in Europas Top-Ligen! Von wegen, &#8222;in Europa kennt euch keine Sau!&#8220;&#8230; Statt gro\u00dfm\u00e4ulig aufzutreten, brachte ein simples &#8222;Mainzaaa&#8220; die tolle Leistung auf den Punkt &#8211; und <a href=\"https:\/\/www.11freunde.de\/bundesliga\/haltet-die-fresse-aller-sge-fan-hat-genug-a-45bd4325-4f22-4468-8b55-c95cf5168d32\" target=\"_blank\" rel=\"noreferrer noopener\">einige am Nebenfluss im Stadtwald zum Jahresende auf die Palme<\/a>. Die erste Pokalrunde in Wiesbaden war der Beginn einer Hinrunde bei den M\u00e4nnern, die mit dem Ausw\u00e4rtssieg im Waldstadion vor wenigen Tagen ihren grandiosen Abschluss gefunden hatte. Die Frauen mussten an jenem <strong>August<\/strong>-Pokalwochenende in Stuttgart antreten und kickten den ambitionierten VfB in der ersten Runde raus \u2013 ein \u00e4hnlich dreckiger Sieg wie er den M\u00e4nnern bei der SGE unl\u00e4ngst gelungen war &#8211; mit jeweils grandiosen Paraden durch die Torh\u00fcter*innen Mamiko Matsumoto bzw. Robin Zentner. Die zwei weiteren Pokalspiele der Frauen wurden zu wahren Highlights im Frauenfu\u00dfball dieser Stadt. Bei beiden Partien gegen die Kickers aus Offenbach (3:0) und den VfL Wolfsburg (1:4) zeigten Fanaktionen wie Luftballon-Choreos oder Chaos-Intros, dass der Frauenfu\u00dfball im Verein angekommen ist und die Menschen (wieder) nuff gehen &#8211; mehr als 2 500 beim Spiel gegen das Team aus der Autostadt! Der Frauenfu\u00dfball findet in der aktuellen Saison auch durch die Social Media-Abteilung von 05 seine Anerkennung. Dass es am Ende gegen die Dauerpokalsiegerinnen rund um Alex Popp und Svenja Huth nicht ganz zur Sensation gereicht hat, ist ein Wehrmutstropfen \u2013 aber dieses Flutlichtspiel war, wie der Auftritt der U19 in der Youth League, ein absolutes Highlight, das ich nach der offiziellen Verabschiedung der S\u00fcdtrib\u00fcne im Sp\u00e4tsommer 2023 dort nie und nimmer mehr erwartet h\u00e4tte.<\/p>\n\n\n\n<p>War das Erstrunden-Pokalwochenende noch ziemlich verregnet und k\u00fchl, wurde es Ende August nochmal richtig hei\u00df. Und damit gab es die n\u00e4chste Gelegenheit f\u00fcr unseren Verein sich alles andere als Menschen mitnehmend, sondern eher unterk\u00fchlt zu zeigen: W\u00e4hrend in einigen Stadien an diesem Wochenende die Preise f\u00fcr Wasser gesenkt wurden, in Freiburg sogar beim Stadionbau Trinkwasserspender installiert wurden, blieben im Stadion am Europakreisel bei Temperaturen jenseits der 30 Grad Celsius-Marke die Preise stabil. 32 Grad im Schatten h\u00e4lt der Verein f\u00fcr \u201enicht au\u00dfergew\u00f6hnlich\u201c und \u201eplanbar\u201c. 3,50 Euro f\u00fcr 0,5 Liter Wasser seien auch \u201emoderat\u201c. Dass in der Stadionordnung zwischen Heim- und G\u00e4stefans unterschieden wird, was die Mitnahme von Getr\u00e4nkekartons angeht, machte die Sache noch abstruser. Und dass die Supporters Mainz darauf hinwiesen, dass sie gerne Trinkwasserspender im Stadion finanziert h\u00e4tten, zeigt wieder eine gewisse Abgehobenheit der handelnden Personen den gew\u00f6hnlichen Fans gegen\u00fcber. Beeindruckende Choreos d\u00fcrfen sie aber nat\u00fcrlich trotzdem gerne weiter durchf\u00fchren und tats\u00e4chlich hat die aktive Fanszene auch in diesem Jahr wieder f\u00fcr visuell grandiose Intros gesorgt &#8211; danke daf\u00fcr! Die Choreos kann man als Verein perfekt vermarkten und damit den Umsatz steigern &#8211; vielleicht bleibt ja 2025 der eine oder andere Euro f\u00fcr eine Subvention des Wasserpreises bei Spielen \u00fcber 30 Grad Celsius \u00fcbrig?<\/p>\n\n\n\n<p>Was im Oktober 2022 seinen Anfang nahm, wurde im <strong>September <\/strong>nach fast zwei Jahren zu Ende gebracht: nach einer Wohnungsdurchsuchung fr\u00fch morgens, bei der nichts Verd\u00e4chtiges gefunden wurde, einem Stadionverbot, das im Raum stand, aber letztlich abgewendet wurde und einem nicht akzeptierten Strafbefehl mit einer Geldstrafe in H\u00f6he von 120 Tagess\u00e4tzen &#8211; damit w\u00e4re ich vorbestraft gewesen &#8211; &#8222;wegen gef\u00e4hrlicher K\u00f6rperverletzung&#8220; ging es zum Amtsgericht! <a href=\"https:\/\/www.allgemeine-zeitung.de\/sport\/fussball\/fussball-bundesliga\/becherwurf-so-schnell-landet-ein-mainz-05-fan-vor-gericht-3954544\" target=\"_blank\" rel=\"noreferrer noopener\">Ich stand wegen eines Becherwurfs vor Gericht, mit dem ich gar nichts zu tun hatte<\/a>. Der Wurf fand am 21. Oktober 2022 beim Spiel gegen den 1. FC K\u00f6ln im Q-Bock statt \u2013 ich befand mich mit meiner Dauerkarte an diesem Abend aber wie bei jedem besuchten Heimspiel seit 2011 im M-Block, was zwei Zeugen vor Gericht best\u00e4tigten. W\u00e4hrend der Werfer Vollbart trug, wie Videos zeigten, konnten wir mit Hilfe von Bildern vom Pokalspielaufenthalt in L\u00fcbeck zeigen, dass ich zwei Tage vor dem K\u00f6ln-Spiel noch glatt rasiert war. Zum Gl\u00fcck leben wir in einem Rechtsstaat mit einer unabh\u00e4ngigen Justiz. Am Ende des Verfahrens forderte selbst die Staatsanwaltschaft einen Freispruch f\u00fcr mich. Die Verfahrenskosten von mehreren tausend Euro tr\u00e4gt nun die Staatskasse, nachdem mich der Richter freigesprochen hatte. Ein Dank geht raus an die Stadionverbotskommission von Mainz 05, die meiner Argumentation, dass ich nicht der Werfer sein konnte, folgte, meinen <a href=\"https:\/\/www.beimfananwalt.de\/\" target=\"_blank\" rel=\"noreferrer noopener\">Anwalt Ren\u00e9 Lau<\/a> und an die Mainzer Fanhilfe, die im Umgang bei Problemen mit Verwaltungsbeh\u00f6rden, Polizei oder Justiz hilft, genauso wie bei der Vermittlung von erfahrenen, mit der Fu\u00dfballfanszene vertrauten Rechtsanw\u00e4lt:innen. Eine <a href=\"https:\/\/mainzer-fanhilfe.de\/ueber-uns\/mitgliedschaft\/\" target=\"_blank\" rel=\"noreferrer noopener\">Fanhilfe-Mitgliedschaft<\/a> kann ich allen empfehlen, die zum M\u00e4nner-Fu\u00dfball gehen &#8211; insbesondere, wenn man Fotos von sich in den sozialen Netzwerken teilt. So ist leider diese Verwechselung entstanden und das oben beschriebene Szenario ins Rollen gekommen.<\/p>\n\n\n\n<p>Emotional ging es auch im <strong>Oktober <\/strong>weiter, als Mainz 05 wieder zum Klimaverteidiger-Spieltag mobilisierte. Gemeinsam mit drei anderen Fans des FSV verfassen wir w\u00f6chentlich abwechselnd eine Fan-Kolumne in der Allgemeinen Zeitung. Hoch her ging es besonders auf Facebook, nachdem meine Kolumne mit dem Titel \u201e<a href=\"https:\/\/www.allgemeine-zeitung.de\/sport\/fussball\/fussball-bundesliga\/mainz-05-sollte-am-naechsten-spieltag-kein-fleisch-anbieten-4073938\">Mainz 05 sollte am n\u00e4chsten Spieltag kein Fleisch anbieten<\/a>\u201c publiziert wurde. Dass pflanzenbasierte Kost eine wesentlich bessere Klimabilanz als Fleisch aufweist, ist Fakt. Daher meine Idee, am Klimaverteidiger-Spieltag diesen zugegebenerma\u00dfen sehr mutigen Schritt zu gehen. Das ist nat\u00fcrlich alles andere als &#8222;Menschen mitnehmen&#8220; und mir war bewusst, dass dieser Schritt aktuell zu fr\u00fch kommen w\u00fcrde. Aber der Sinn einer Kolumne besteht darin, Menschen aufzur\u00fctteln, damit sie \u00fcber konkrete Dinge nachdenken und ihr Verhalten reflektieren. Das war f\u00fcr manche User*innen bereits zu viel. Eine Person betrieb besonders viel Aufwand und recherchierte meinen privaten Facebook-Account. Sie schickte mir eine besonders \u201enette\u201c pers\u00f6nliche Nachricht. Tenor war in ihrer Nachricht und in den abwertenden Kommentaren auf Facebook, dass ich mit einem solchen nicht so tollen Text mein Geld verdienen w\u00fcrde. Dem Absender der pers\u00f6nlichen Nachricht erkl\u00e4rte ich gerne, dass wir vier Fans allesamt unser Geld jenseits der Fu\u00dfball-Branche verdienen und das Geld, das wir von der AZ erhalten, spenden.<\/p>\n\n\n\n<p>Schlie\u00dflich ist das eine Art von Ehrenamt. Das gilt nicht nur f\u00fcr mich, sondern auch f\u00fcr die anderen Fan-Kolumnist*innen, die Choreo-Macher*innen, die Podcaster*innen, die Blogger*innen, die Fanfotograf*innen, die Aktiven in der Fanhilfe, bei den Supporters und im F\u00f6rderverein des Fanprojekts und die Spenden-Sammler*innen f\u00fcr Choreos und gute Zwecke. Wir alle stecken sehr viel Zeit und Geld in unsere Leidenschaft. Ich denke, wir alle wollen in einem Umfeld, in dem es nur um Geld geht, gerade keinen Reibach machen, keine VIP-Karten erhalten oder sonst wie von dem profitieren, was wir mit gro\u00dfer Lust tagt\u00e4glich machen, um Mainz 05 voranzubringen. Dementsprechend habe ich mich pers\u00f6nlich auch sehr gefreut, dass der Erl\u00f6s des Q-Block-Weihnachtsmarkts im <strong>Dezember <\/strong>an zwei andere eingetragene Vereine ging, darunter auch an das Tierheim Mainz. Anders als dem Fu\u00dfball fehlt dem Tierschutz dauernd Geld &#8211; daher ist eine <a href=\"https:\/\/www.tierheim-mainz.de\/hilfe\/spenden\/\" target=\"_blank\" rel=\"noreferrer noopener\">Spende <\/a>dort nat\u00fcrlich auch in allen anderen Monaten des Jahres sehr willkommen &#8211; und wenn es nur <a href=\"https:\/\/www.facebook.com\/groups\/178746738983163\/posts\/2546241532233660\/\" target=\"_blank\" rel=\"noreferrer noopener\">alte Zeitungen<\/a> sind.<\/p>\n\n\n\n<p>Am Klimaverteidiger-Spieltag gab es wie immer Fleisch und (veganes) Bier. Zuvor fand jedoch eine interessante <a href=\"https:\/\/merkurist.de\/mainz\/gastbeitrag-wie-fussballspiele-und-biodiversitaet-zusammenpassen_3yyU\" target=\"_blank\" rel=\"noreferrer noopener\">F\u00fchrung des Nabu zum Thema Biodiversit\u00e4t rund ums Stadion<\/a> statt &#8211; sie war ausgebucht! Das zeigt, dass das Thema Umweltschutz und Fu\u00dfball gut miteinander harmonieren k\u00f6nnen. Es wurden auch Taschenaschenbecher vor dem Spiel von der CSR-Abteilung des Vereins ausgegeben. Nur hat davon leider kaum jemand etwas mitbekommen, weil so viele Vereinsnews auf uns einprasseln, dass zumindest ich einfach irgendwann abschalte. Wer noch einen Ascher m\u00f6chte, meldet sich einfach bei mir, denn das CSR-Team hat mir einige zum Verteilen mitgegeben.<\/p>\n\n\n\n<p>Wer glaubte, dass so langsam das Jahr genug an Emotionen abseits des Platzes ausgel\u00f6st hatte, hatte die Rechnung nat\u00fcrlich ohne <a href=\"https:\/\/www.meenzer-on-tour.de\/blog\/im-schatten-der-dos\/\" target=\"_blank\" rel=\"noreferrer noopener\">Klopp<\/a> und ohne die Wahlkommission von Mainz 05 gemacht. Wir Menschen neigen wohl dazu \u2013 jeweils auf einem unterschiedlichen Level versteht sich \u2013 Macht auszukosten und stur an Dingen festzuhalten. Dieses Gef\u00fchl hat mich schon das ganze Jahr beschlichen. Bei den gro\u00dfen Themen dieser Welt sowieso \u2013 aber auch in unserer 05-Welt. Was zum Beispiel st\u00f6rt jemanden an einen * in einem Text, dass er mir schreiben muss, dass ich das mit dem Gendern gef\u00e4lligst lassen soll? Warum halten es Menschen nicht aus, an einem einzigen Spieltag mal auf eine Wurst aus Fleisch zu verzichten, um einmal klimaschonender 90 Minuten lang ein Fu\u00dfballspiel bei den selbst ernannten Klimaverteidigern zu verfolgen? Und warum setzt man sich nicht mal f\u00fcr ein paar Minuten mit dem <a href=\"https:\/\/www.meenzer-on-tour.de\/blog\/im-schatten-der-dos\/\">Dosenkonstrukt auseinander<\/a>, ehe man wegen eines <a href=\"https:\/\/www.meenzer-on-tour.de\/blog\/bannerbeben\/\">Spruchbands<\/a> auf die Verfasser*innen losgeht?<\/p>\n\n\n\n<p>Vielleicht sollten wir uns gerade jetzt zwischen den Jahren einmal besinnen und uns fragen, ob wir die Macht, die wir haben, jederzeit immer aussch\u00f6pfen m\u00fcssen \u2013 im Privaten, aber auch, wenn wir uns in den Dienst einer Sache stellen, zum Beispiel der Pr\u00fcfung von Aufsichtsratskandidat*innen bei Mainz 05. Damit zumindest bei Mainz 05 diese Machtf\u00fclle angepasst wird, um solche Situationen wie im <strong>November <\/strong>bei der Zulassung der Kandidat*innen zur Wahl des Aufsichtsrats zu vermeiden, sollten wir in 2025 als Mitglieder alles daransetzen, die Rechte und Pflichten der Wahlkommission f\u00fcr die Zukunft so zu gestalten, dass es am Ende die Mitglieder sind, die bestimmen, wer von den Kandidat*innen, die die formalen (und nicht gef\u00fchlten) Voraussetzungen f\u00fcr die Kandidatur erf\u00fcllen, in das Gremium im Rahmen der Mitgliederversammlung 2027 gew\u00e4hlt wird \u2013 ohne intransparente Vorauswahl im Hinterzimmer. Denn als Mitglieder des FSV haben wir ein Privileg, das nicht mehr viele Fu\u00dfballfans in Deutschland haben: Direkt Einfluss auf den Verein nehmen. In diesem Sinne: Alles f\u00fcr den FSV \u2013 auch in 2025!<\/p>\n\n\n\n<p>Rot-wei\u00dfe Gr\u00fc\u00dfe,<\/p>\n\n\n\n<p>Christoph \u2013 Meenzer on Tour<\/p>\n\n\n\n<ul class=\"wp-block-social-links is-layout-flex wp-block-social-links-is-layout-flex\"><li class=\"wp-social-link wp-social-link-wordpress  wp-block-social-link\"><a href=\"https:\/\/www.meenzer-on-tour.de\/\" class=\"wp-block-social-link-anchor\"><svg width=\"24\" height=\"24\" viewBox=\"0 0 24 24\" version=\"1.1\" xmlns=\"http:\/\/www.w3.org\/2000\/svg\" aria-hidden=\"true\" focusable=\"false\"><path d=\"M12.158,12.786L9.46,20.625c0.806,0.237,1.657,0.366,2.54,0.366c1.047,0,2.051-0.181,2.986-0.51 c-0.024-0.038-0.046-0.079-0.065-0.124L12.158,12.786z M3.009,12c0,3.559,2.068,6.634,5.067,8.092L3.788,8.341 C3.289,9.459,3.009,10.696,3.009,12z M18.069,11.546c0-1.112-0.399-1.881-0.741-2.48c-0.456-0.741-0.883-1.368-0.883-2.109 c0-0.826,0.627-1.596,1.51-1.596c0.04,0,0.078,0.005,0.116,0.007C16.472,3.904,14.34,3.009,12,3.009 c-3.141,0-5.904,1.612-7.512,4.052c0.211,0.007,0.41,0.011,0.579,0.011c0.94,0,2.396-0.114,2.396-0.114 C7.947,6.93,8.004,7.642,7.52,7.699c0,0-0.487,0.057-1.029,0.085l3.274,9.739l1.968-5.901l-1.401-3.838 C9.848,7.756,9.389,7.699,9.389,7.699C8.904,7.67,8.961,6.93,9.446,6.958c0,0,1.484,0.114,2.368,0.114 c0.94,0,2.397-0.114,2.397-0.114c0.485-0.028,0.542,0.684,0.057,0.741c0,0-0.488,0.057-1.029,0.085l3.249,9.665l0.897-2.996 C17.841,13.284,18.069,12.316,18.069,11.546z M19.889,7.686c0.039,0.286,0.06,0.593,0.06,0.924c0,0.912-0.171,1.938-0.684,3.22 l-2.746,7.94c2.673-1.558,4.47-4.454,4.47-7.771C20.991,10.436,20.591,8.967,19.889,7.686z M12,22C6.486,22,2,17.514,2,12 C2,6.486,6.486,2,12,2c5.514,0,10,4.486,10,10C22,17.514,17.514,22,12,22z\"><\/path><\/svg><span class=\"wp-block-social-link-label screen-reader-text\">WordPress<\/span><\/a><\/li>\n\n<li class=\"wp-social-link wp-social-link-amazon  wp-block-social-link\"><a href=\"https:\/\/www.amazon.de\/Christoph-Kessel\/e\/B07L2H8194?ref=sr_ntt_srch_lnk_7&#038;qid=1610638290&#038;sr=1-7-catcorr\" class=\"wp-block-social-link-anchor\"><svg width=\"24\" height=\"24\" viewBox=\"0 0 24 24\" version=\"1.1\" xmlns=\"http:\/\/www.w3.org\/2000\/svg\" aria-hidden=\"true\" focusable=\"false\"><path d=\"M13.582,8.182C11.934,8.367,9.78,8.49,8.238,9.166c-1.781,0.769-3.03,2.337-3.03,4.644 c0,2.953,1.86,4.429,4.253,4.429c2.02,0,3.125-0.477,4.685-2.065c0.516,0.747,0.685,1.109,1.629,1.894 c0.212,0.114,0.483,0.103,0.672-0.066l0.006,0.006c0.567-0.505,1.599-1.401,2.18-1.888c0.231-0.188,0.19-0.496,0.009-0.754 c-0.52-0.718-1.072-1.303-1.072-2.634V8.305c0-1.876,0.133-3.599-1.249-4.891C15.23,2.369,13.422,2,12.04,2 C9.336,2,6.318,3.01,5.686,6.351C5.618,6.706,5.877,6.893,6.109,6.945l2.754,0.298C9.121,7.23,9.308,6.977,9.357,6.72 c0.236-1.151,1.2-1.706,2.284-1.706c0.584,0,1.249,0.215,1.595,0.738c0.398,0.584,0.346,1.384,0.346,2.061V8.182z M13.049,14.088 c-0.451,0.8-1.169,1.291-1.967,1.291c-1.09,0-1.728-0.83-1.728-2.061c0-2.42,2.171-2.86,4.227-2.86v0.615 C13.582,12.181,13.608,13.104,13.049,14.088z M20.683,19.339C18.329,21.076,14.917,22,11.979,22c-4.118,0-7.826-1.522-10.632-4.057 c-0.22-0.199-0.024-0.471,0.241-0.317c3.027,1.762,6.771,2.823,10.639,2.823c2.608,0,5.476-0.541,8.115-1.66 C20.739,18.62,21.072,19.051,20.683,19.339z M21.336,21.043c-0.194,0.163-0.379,0.076-0.293-0.139 c0.284-0.71,0.92-2.298,0.619-2.684c-0.301-0.386-1.99-0.183-2.749-0.092c-0.23,0.027-0.266-0.173-0.059-0.319 c1.348-0.946,3.555-0.673,3.811-0.356C22.925,17.773,22.599,19.986,21.336,21.043z\"><\/path><\/svg><span class=\"wp-block-social-link-label screen-reader-text\">Amazon<\/span><\/a><\/li>\n\n<li class=\"wp-social-link wp-social-link-facebook  wp-block-social-link\"><a href=\"https:\/\/www.facebook.com\/MeenzerOnTour\/\" class=\"wp-block-social-link-anchor\"><svg width=\"24\" height=\"24\" viewBox=\"0 0 24 24\" version=\"1.1\" xmlns=\"http:\/\/www.w3.org\/2000\/svg\" aria-hidden=\"true\" focusable=\"false\"><path d=\"M12 2C6.5 2 2 6.5 2 12c0 5 3.7 9.1 8.4 9.9v-7H7.9V12h2.5V9.8c0-2.5 1.5-3.9 3.8-3.9 1.1 0 2.2.2 2.2.2v2.5h-1.3c-1.2 0-1.6.8-1.6 1.6V12h2.8l-.4 2.9h-2.3v7C18.3 21.1 22 17 22 12c0-5.5-4.5-10-10-10z\"><\/path><\/svg><span class=\"wp-block-social-link-label screen-reader-text\">Facebook<\/span><\/a><\/li>\n\n<li class=\"wp-social-link wp-social-link-instagram  wp-block-social-link\"><a href=\"https:\/\/www.instagram.com\/meenzer_on_tour\" class=\"wp-block-social-link-anchor\"><svg width=\"24\" height=\"24\" viewBox=\"0 0 24 24\" version=\"1.1\" xmlns=\"http:\/\/www.w3.org\/2000\/svg\" aria-hidden=\"true\" focusable=\"false\"><path d=\"M12,4.622c2.403,0,2.688,0.009,3.637,0.052c0.877,0.04,1.354,0.187,1.671,0.31c0.42,0.163,0.72,0.358,1.035,0.673 c0.315,0.315,0.51,0.615,0.673,1.035c0.123,0.317,0.27,0.794,0.31,1.671c0.043,0.949,0.052,1.234,0.052,3.637 s-0.009,2.688-0.052,3.637c-0.04,0.877-0.187,1.354-0.31,1.671c-0.163,0.42-0.358,0.72-0.673,1.035 c-0.315,0.315-0.615,0.51-1.035,0.673c-0.317,0.123-0.794,0.27-1.671,0.31c-0.949,0.043-1.233,0.052-3.637,0.052 s-2.688-0.009-3.637-0.052c-0.877-0.04-1.354-0.187-1.671-0.31c-0.42-0.163-0.72-0.358-1.035-0.673 c-0.315-0.315-0.51-0.615-0.673-1.035c-0.123-0.317-0.27-0.794-0.31-1.671C4.631,14.688,4.622,14.403,4.622,12 s0.009-2.688,0.052-3.637c0.04-0.877,0.187-1.354,0.31-1.671c0.163-0.42,0.358-0.72,0.673-1.035 c0.315-0.315,0.615-0.51,1.035-0.673c0.317-0.123,0.794-0.27,1.671-0.31C9.312,4.631,9.597,4.622,12,4.622 M12,3 C9.556,3,9.249,3.01,8.289,3.054C7.331,3.098,6.677,3.25,6.105,3.472C5.513,3.702,5.011,4.01,4.511,4.511 c-0.5,0.5-0.808,1.002-1.038,1.594C3.25,6.677,3.098,7.331,3.054,8.289C3.01,9.249,3,9.556,3,12c0,2.444,0.01,2.751,0.054,3.711 c0.044,0.958,0.196,1.612,0.418,2.185c0.23,0.592,0.538,1.094,1.038,1.594c0.5,0.5,1.002,0.808,1.594,1.038 c0.572,0.222,1.227,0.375,2.185,0.418C9.249,20.99,9.556,21,12,21s2.751-0.01,3.711-0.054c0.958-0.044,1.612-0.196,2.185-0.418 c0.592-0.23,1.094-0.538,1.594-1.038c0.5-0.5,0.808-1.002,1.038-1.594c0.222-0.572,0.375-1.227,0.418-2.185 C20.99,14.751,21,14.444,21,12s-0.01-2.751-0.054-3.711c-0.044-0.958-0.196-1.612-0.418-2.185c-0.23-0.592-0.538-1.094-1.038-1.594 c-0.5-0.5-1.002-0.808-1.594-1.038c-0.572-0.222-1.227-0.375-2.185-0.418C14.751,3.01,14.444,3,12,3L12,3z M12,7.378 c-2.552,0-4.622,2.069-4.622,4.622S9.448,16.622,12,16.622s4.622-2.069,4.622-4.622S14.552,7.378,12,7.378z M12,15 c-1.657,0-3-1.343-3-3s1.343-3,3-3s3,1.343,3,3S13.657,15,12,15z M16.804,6.116c-0.596,0-1.08,0.484-1.08,1.08 s0.484,1.08,1.08,1.08c0.596,0,1.08-0.484,1.08-1.08S17.401,6.116,16.804,6.116z\"><\/path><\/svg><span class=\"wp-block-social-link-label screen-reader-text\">Instagram<\/span><\/a><\/li>\n\n<li class=\"wp-social-link wp-social-link-twitter  wp-block-social-link\"><a href=\"https:\/\/twitter.com\/meenzer_on_tour\" class=\"wp-block-social-link-anchor\"><svg width=\"24\" height=\"24\" viewBox=\"0 0 24 24\" version=\"1.1\" xmlns=\"http:\/\/www.w3.org\/2000\/svg\" aria-hidden=\"true\" focusable=\"false\"><path d=\"M22.23,5.924c-0.736,0.326-1.527,0.547-2.357,0.646c0.847-0.508,1.498-1.312,1.804-2.27 c-0.793,0.47-1.671,0.812-2.606,0.996C18.324,4.498,17.257,4,16.077,4c-2.266,0-4.103,1.837-4.103,4.103 c0,0.322,0.036,0.635,0.106,0.935C8.67,8.867,5.647,7.234,3.623,4.751C3.27,5.357,3.067,6.062,3.067,6.814 c0,1.424,0.724,2.679,1.825,3.415c-0.673-0.021-1.305-0.206-1.859-0.513c0,0.017,0,0.034,0,0.052c0,1.988,1.414,3.647,3.292,4.023 c-0.344,0.094-0.707,0.144-1.081,0.144c-0.264,0-0.521-0.026-0.772-0.074c0.522,1.63,2.038,2.816,3.833,2.85 c-1.404,1.1-3.174,1.756-5.096,1.756c-0.331,0-0.658-0.019-0.979-0.057c1.816,1.164,3.973,1.843,6.29,1.843 c7.547,0,11.675-6.252,11.675-11.675c0-0.178-0.004-0.355-0.012-0.531C20.985,7.47,21.68,6.747,22.23,5.924z\"><\/path><\/svg><span class=\"wp-block-social-link-label screen-reader-text\">Twitter<\/span><\/a><\/li>\n\n<\/ul>\n","protected":false},"excerpt":{"rendered":"<p>Die \u201eDas darf in keinem Jahresr\u00fcckblick fehlen\u201c-Momente h\u00e4uften sich in diesem nun zu Ende gehenden Jahr 2024, wenn ich an Mainz 05 denke, ziemlich an. Allerdings ist die Social Media-Abteilung des FSV gerade dabei, sie so viel besser aufzubereiten als ich es je k\u00f6nnte. Daher fokussiere ich mich lieber auf meine 2024er-Momente mit unserem Fu\u00dfballsportverein, &hellip; <\/p>\n<p class=\"link-more\"><a href=\"https:\/\/www.meenzer-on-tour.de\/blog\/meine-mainz-05-momente-2024\/\" class=\"more-link\"><span class=\"screen-reader-text\">\u201eMeine Mainz-05-Momente 2024\u201c <\/span>weiterlesen<\/a><\/p>\n","protected":false},"author":1,"featured_media":0,"comment_status":"closed","ping_status":"open","sticky":false,"template":"","format":"standard","meta":{"footnotes":""},"categories":[4,5],"tags":[422,11],"class_list":["post-3297","post","type-post","status-publish","format-standard","hentry","category-fussball","category-meinung","tag-jahresabschluss","tag-mainz-05"],"yoast_head":"<!-- This site is optimized with the Yoast SEO plugin v27.4 - https:\/\/yoast.com\/product\/yoast-seo-wordpress\/ -->\n<title>Meine Mainz-05-Momente 2024 - Meenzer on Tour Blog<\/title>\n<meta name=\"description\" content=\"Mein pers\u00f6nlicher R\u00fcckblick auf das Jahr 2024 mit dem 1. FSV Mainz 05.\" \/>\n<meta name=\"robots\" content=\"index, follow, max-snippet:-1, max-image-preview:large, max-video-preview:-1\" \/>\n<link rel=\"canonical\" href=\"https:\/\/www.meenzer-on-tour.de\/blog\/meine-mainz-05-momente-2024\/\" \/>\n<meta property=\"og:locale\" content=\"de_DE\" \/>\n<meta property=\"og:type\" content=\"article\" \/>\n<meta property=\"og:title\" content=\"Meine Mainz-05-Momente 2024 - Meenzer on Tour Blog\" \/>\n<meta property=\"og:description\" content=\"Mein pers\u00f6nlicher R\u00fcckblick auf das Jahr 2024 mit dem 1. FSV Mainz 05.\" \/>\n<meta property=\"og:url\" content=\"https:\/\/www.meenzer-on-tour.de\/blog\/meine-mainz-05-momente-2024\/\" \/>\n<meta property=\"og:site_name\" content=\"Meenzer on Tour Blog\" \/>\n<meta property=\"article:published_time\" content=\"2024-12-29T08:30:34+00:00\" \/>\n<meta property=\"article:modified_time\" content=\"2024-12-30T13:53:11+00:00\" \/>\n<meta property=\"og:image\" content=\"https:\/\/www.meenzer-on-tour.de\/blog\/wp-content\/uploads\/2024\/12\/B6230B5D-B593-49CC-9F43-468FC089D3F0-scaled.jpeg\" \/>\n\t<meta property=\"og:image:width\" content=\"2560\" \/>\n\t<meta property=\"og:image:height\" content=\"2048\" \/>\n\t<meta property=\"og:image:type\" content=\"image\/jpeg\" \/>\n<meta name=\"author\" content=\"Christoph\" \/>\n<meta name=\"twitter:card\" content=\"summary_large_image\" \/>\n<meta name=\"twitter:label1\" content=\"Verfasst von\" \/>\n\t<meta name=\"twitter:data1\" content=\"Christoph\" \/>\n\t<meta name=\"twitter:label2\" content=\"Gesch\u00e4tzte Lesezeit\" \/>\n\t<meta name=\"twitter:data2\" content=\"16\u00a0Minuten\" \/>\n<script type=\"application\/ld+json\" class=\"yoast-schema-graph\">{\"@context\":\"https:\\\/\\\/schema.org\",\"@graph\":[{\"@type\":\"Article\",\"@id\":\"https:\\\/\\\/www.meenzer-on-tour.de\\\/blog\\\/meine-mainz-05-momente-2024\\\/#article\",\"isPartOf\":{\"@id\":\"https:\\\/\\\/www.meenzer-on-tour.de\\\/blog\\\/meine-mainz-05-momente-2024\\\/\"},\"author\":{\"name\":\"Christoph\",\"@id\":\"https:\\\/\\\/www.meenzer-on-tour.de\\\/blog\\\/#\\\/schema\\\/person\\\/e8a97e9efa1062d69a2cbb01f96b919f\"},\"headline\":\"Meine Mainz-05-Momente 2024\",\"datePublished\":\"2024-12-29T08:30:34+00:00\",\"dateModified\":\"2024-12-30T13:53:11+00:00\",\"mainEntityOfPage\":{\"@id\":\"https:\\\/\\\/www.meenzer-on-tour.de\\\/blog\\\/meine-mainz-05-momente-2024\\\/\"},\"wordCount\":2895,\"publisher\":{\"@id\":\"https:\\\/\\\/www.meenzer-on-tour.de\\\/blog\\\/#\\\/schema\\\/person\\\/e8a97e9efa1062d69a2cbb01f96b919f\"},\"image\":{\"@id\":\"https:\\\/\\\/www.meenzer-on-tour.de\\\/blog\\\/meine-mainz-05-momente-2024\\\/#primaryimage\"},\"thumbnailUrl\":\"https:\\\/\\\/www.meenzer-on-tour.de\\\/blog\\\/wp-content\\\/uploads\\\/2024\\\/12\\\/B6230B5D-B593-49CC-9F43-468FC089D3F0-1024x819.jpeg\",\"keywords\":[\"Jahresabschluss\",\"Mainz 05\"],\"articleSection\":[\"Fu\u00dfball\",\"Meinung\"],\"inLanguage\":\"de\"},{\"@type\":\"WebPage\",\"@id\":\"https:\\\/\\\/www.meenzer-on-tour.de\\\/blog\\\/meine-mainz-05-momente-2024\\\/\",\"url\":\"https:\\\/\\\/www.meenzer-on-tour.de\\\/blog\\\/meine-mainz-05-momente-2024\\\/\",\"name\":\"Meine Mainz-05-Momente 2024 - Meenzer on Tour Blog\",\"isPartOf\":{\"@id\":\"https:\\\/\\\/www.meenzer-on-tour.de\\\/blog\\\/#website\"},\"primaryImageOfPage\":{\"@id\":\"https:\\\/\\\/www.meenzer-on-tour.de\\\/blog\\\/meine-mainz-05-momente-2024\\\/#primaryimage\"},\"image\":{\"@id\":\"https:\\\/\\\/www.meenzer-on-tour.de\\\/blog\\\/meine-mainz-05-momente-2024\\\/#primaryimage\"},\"thumbnailUrl\":\"https:\\\/\\\/www.meenzer-on-tour.de\\\/blog\\\/wp-content\\\/uploads\\\/2024\\\/12\\\/B6230B5D-B593-49CC-9F43-468FC089D3F0-1024x819.jpeg\",\"datePublished\":\"2024-12-29T08:30:34+00:00\",\"dateModified\":\"2024-12-30T13:53:11+00:00\",\"description\":\"Mein pers\u00f6nlicher R\u00fcckblick auf das Jahr 2024 mit dem 1. FSV Mainz 05.\",\"breadcrumb\":{\"@id\":\"https:\\\/\\\/www.meenzer-on-tour.de\\\/blog\\\/meine-mainz-05-momente-2024\\\/#breadcrumb\"},\"inLanguage\":\"de\",\"potentialAction\":[{\"@type\":\"ReadAction\",\"target\":[\"https:\\\/\\\/www.meenzer-on-tour.de\\\/blog\\\/meine-mainz-05-momente-2024\\\/\"]}]},{\"@type\":\"ImageObject\",\"inLanguage\":\"de\",\"@id\":\"https:\\\/\\\/www.meenzer-on-tour.de\\\/blog\\\/meine-mainz-05-momente-2024\\\/#primaryimage\",\"url\":\"https:\\\/\\\/www.meenzer-on-tour.de\\\/blog\\\/wp-content\\\/uploads\\\/2024\\\/12\\\/B6230B5D-B593-49CC-9F43-468FC089D3F0-scaled.jpeg\",\"contentUrl\":\"https:\\\/\\\/www.meenzer-on-tour.de\\\/blog\\\/wp-content\\\/uploads\\\/2024\\\/12\\\/B6230B5D-B593-49CC-9F43-468FC089D3F0-scaled.jpeg\",\"width\":2560,\"height\":2048},{\"@type\":\"BreadcrumbList\",\"@id\":\"https:\\\/\\\/www.meenzer-on-tour.de\\\/blog\\\/meine-mainz-05-momente-2024\\\/#breadcrumb\",\"itemListElement\":[{\"@type\":\"ListItem\",\"position\":1,\"name\":\"Startseite\",\"item\":\"https:\\\/\\\/www.meenzer-on-tour.de\\\/blog\\\/\"},{\"@type\":\"ListItem\",\"position\":2,\"name\":\"Meine Mainz-05-Momente 2024\"}]},{\"@type\":\"WebSite\",\"@id\":\"https:\\\/\\\/www.meenzer-on-tour.de\\\/blog\\\/#website\",\"url\":\"https:\\\/\\\/www.meenzer-on-tour.de\\\/blog\\\/\",\"name\":\"Meenzer on Tour Blog\",\"description\":\"Reisen - Fankultur - B&uuml;cher - Mainz\",\"publisher\":{\"@id\":\"https:\\\/\\\/www.meenzer-on-tour.de\\\/blog\\\/#\\\/schema\\\/person\\\/e8a97e9efa1062d69a2cbb01f96b919f\"},\"potentialAction\":[{\"@type\":\"SearchAction\",\"target\":{\"@type\":\"EntryPoint\",\"urlTemplate\":\"https:\\\/\\\/www.meenzer-on-tour.de\\\/blog\\\/?s={search_term_string}\"},\"query-input\":{\"@type\":\"PropertyValueSpecification\",\"valueRequired\":true,\"valueName\":\"search_term_string\"}}],\"inLanguage\":\"de\"},{\"@type\":[\"Person\",\"Organization\"],\"@id\":\"https:\\\/\\\/www.meenzer-on-tour.de\\\/blog\\\/#\\\/schema\\\/person\\\/e8a97e9efa1062d69a2cbb01f96b919f\",\"name\":\"Christoph\",\"image\":{\"@type\":\"ImageObject\",\"inLanguage\":\"de\",\"@id\":\"https:\\\/\\\/www.meenzer-on-tour.de\\\/blog\\\/wp-content\\\/uploads\\\/2021\\\/08\\\/A107190A-FC35-48EA-8B44-CF4EB9117345.jpeg\",\"url\":\"https:\\\/\\\/www.meenzer-on-tour.de\\\/blog\\\/wp-content\\\/uploads\\\/2021\\\/08\\\/A107190A-FC35-48EA-8B44-CF4EB9117345.jpeg\",\"contentUrl\":\"https:\\\/\\\/www.meenzer-on-tour.de\\\/blog\\\/wp-content\\\/uploads\\\/2021\\\/08\\\/A107190A-FC35-48EA-8B44-CF4EB9117345.jpeg\",\"width\":2000,\"height\":1200,\"caption\":\"Christoph\"},\"logo\":{\"@id\":\"https:\\\/\\\/www.meenzer-on-tour.de\\\/blog\\\/wp-content\\\/uploads\\\/2021\\\/08\\\/A107190A-FC35-48EA-8B44-CF4EB9117345.jpeg\"},\"url\":\"https:\\\/\\\/www.meenzer-on-tour.de\\\/blog\\\/author\\\/admin\\\/\"}]}<\/script>\n<!-- \/ Yoast SEO plugin. -->","yoast_head_json":{"title":"Meine Mainz-05-Momente 2024 - Meenzer on Tour Blog","description":"Mein pers\u00f6nlicher R\u00fcckblick auf das Jahr 2024 mit dem 1. FSV Mainz 05.","robots":{"index":"index","follow":"follow","max-snippet":"max-snippet:-1","max-image-preview":"max-image-preview:large","max-video-preview":"max-video-preview:-1"},"canonical":"https:\/\/www.meenzer-on-tour.de\/blog\/meine-mainz-05-momente-2024\/","og_locale":"de_DE","og_type":"article","og_title":"Meine Mainz-05-Momente 2024 - Meenzer on Tour Blog","og_description":"Mein pers\u00f6nlicher R\u00fcckblick auf das Jahr 2024 mit dem 1. FSV Mainz 05.","og_url":"https:\/\/www.meenzer-on-tour.de\/blog\/meine-mainz-05-momente-2024\/","og_site_name":"Meenzer on Tour Blog","article_published_time":"2024-12-29T08:30:34+00:00","article_modified_time":"2024-12-30T13:53:11+00:00","og_image":[{"width":2560,"height":2048,"url":"https:\/\/www.meenzer-on-tour.de\/blog\/wp-content\/uploads\/2024\/12\/B6230B5D-B593-49CC-9F43-468FC089D3F0-scaled.jpeg","type":"image\/jpeg"}],"author":"Christoph","twitter_card":"summary_large_image","twitter_misc":{"Verfasst von":"Christoph","Gesch\u00e4tzte Lesezeit":"16\u00a0Minuten"},"schema":{"@context":"https:\/\/schema.org","@graph":[{"@type":"Article","@id":"https:\/\/www.meenzer-on-tour.de\/blog\/meine-mainz-05-momente-2024\/#article","isPartOf":{"@id":"https:\/\/www.meenzer-on-tour.de\/blog\/meine-mainz-05-momente-2024\/"},"author":{"name":"Christoph","@id":"https:\/\/www.meenzer-on-tour.de\/blog\/#\/schema\/person\/e8a97e9efa1062d69a2cbb01f96b919f"},"headline":"Meine Mainz-05-Momente 2024","datePublished":"2024-12-29T08:30:34+00:00","dateModified":"2024-12-30T13:53:11+00:00","mainEntityOfPage":{"@id":"https:\/\/www.meenzer-on-tour.de\/blog\/meine-mainz-05-momente-2024\/"},"wordCount":2895,"publisher":{"@id":"https:\/\/www.meenzer-on-tour.de\/blog\/#\/schema\/person\/e8a97e9efa1062d69a2cbb01f96b919f"},"image":{"@id":"https:\/\/www.meenzer-on-tour.de\/blog\/meine-mainz-05-momente-2024\/#primaryimage"},"thumbnailUrl":"https:\/\/www.meenzer-on-tour.de\/blog\/wp-content\/uploads\/2024\/12\/B6230B5D-B593-49CC-9F43-468FC089D3F0-1024x819.jpeg","keywords":["Jahresabschluss","Mainz 05"],"articleSection":["Fu\u00dfball","Meinung"],"inLanguage":"de"},{"@type":"WebPage","@id":"https:\/\/www.meenzer-on-tour.de\/blog\/meine-mainz-05-momente-2024\/","url":"https:\/\/www.meenzer-on-tour.de\/blog\/meine-mainz-05-momente-2024\/","name":"Meine Mainz-05-Momente 2024 - Meenzer on Tour Blog","isPartOf":{"@id":"https:\/\/www.meenzer-on-tour.de\/blog\/#website"},"primaryImageOfPage":{"@id":"https:\/\/www.meenzer-on-tour.de\/blog\/meine-mainz-05-momente-2024\/#primaryimage"},"image":{"@id":"https:\/\/www.meenzer-on-tour.de\/blog\/meine-mainz-05-momente-2024\/#primaryimage"},"thumbnailUrl":"https:\/\/www.meenzer-on-tour.de\/blog\/wp-content\/uploads\/2024\/12\/B6230B5D-B593-49CC-9F43-468FC089D3F0-1024x819.jpeg","datePublished":"2024-12-29T08:30:34+00:00","dateModified":"2024-12-30T13:53:11+00:00","description":"Mein pers\u00f6nlicher R\u00fcckblick auf das Jahr 2024 mit dem 1. FSV Mainz 05.","breadcrumb":{"@id":"https:\/\/www.meenzer-on-tour.de\/blog\/meine-mainz-05-momente-2024\/#breadcrumb"},"inLanguage":"de","potentialAction":[{"@type":"ReadAction","target":["https:\/\/www.meenzer-on-tour.de\/blog\/meine-mainz-05-momente-2024\/"]}]},{"@type":"ImageObject","inLanguage":"de","@id":"https:\/\/www.meenzer-on-tour.de\/blog\/meine-mainz-05-momente-2024\/#primaryimage","url":"https:\/\/www.meenzer-on-tour.de\/blog\/wp-content\/uploads\/2024\/12\/B6230B5D-B593-49CC-9F43-468FC089D3F0-scaled.jpeg","contentUrl":"https:\/\/www.meenzer-on-tour.de\/blog\/wp-content\/uploads\/2024\/12\/B6230B5D-B593-49CC-9F43-468FC089D3F0-scaled.jpeg","width":2560,"height":2048},{"@type":"BreadcrumbList","@id":"https:\/\/www.meenzer-on-tour.de\/blog\/meine-mainz-05-momente-2024\/#breadcrumb","itemListElement":[{"@type":"ListItem","position":1,"name":"Startseite","item":"https:\/\/www.meenzer-on-tour.de\/blog\/"},{"@type":"ListItem","position":2,"name":"Meine Mainz-05-Momente 2024"}]},{"@type":"WebSite","@id":"https:\/\/www.meenzer-on-tour.de\/blog\/#website","url":"https:\/\/www.meenzer-on-tour.de\/blog\/","name":"Meenzer on Tour Blog","description":"Reisen - Fankultur - B&uuml;cher - Mainz","publisher":{"@id":"https:\/\/www.meenzer-on-tour.de\/blog\/#\/schema\/person\/e8a97e9efa1062d69a2cbb01f96b919f"},"potentialAction":[{"@type":"SearchAction","target":{"@type":"EntryPoint","urlTemplate":"https:\/\/www.meenzer-on-tour.de\/blog\/?s={search_term_string}"},"query-input":{"@type":"PropertyValueSpecification","valueRequired":true,"valueName":"search_term_string"}}],"inLanguage":"de"},{"@type":["Person","Organization"],"@id":"https:\/\/www.meenzer-on-tour.de\/blog\/#\/schema\/person\/e8a97e9efa1062d69a2cbb01f96b919f","name":"Christoph","image":{"@type":"ImageObject","inLanguage":"de","@id":"https:\/\/www.meenzer-on-tour.de\/blog\/wp-content\/uploads\/2021\/08\/A107190A-FC35-48EA-8B44-CF4EB9117345.jpeg","url":"https:\/\/www.meenzer-on-tour.de\/blog\/wp-content\/uploads\/2021\/08\/A107190A-FC35-48EA-8B44-CF4EB9117345.jpeg","contentUrl":"https:\/\/www.meenzer-on-tour.de\/blog\/wp-content\/uploads\/2021\/08\/A107190A-FC35-48EA-8B44-CF4EB9117345.jpeg","width":2000,"height":1200,"caption":"Christoph"},"logo":{"@id":"https:\/\/www.meenzer-on-tour.de\/blog\/wp-content\/uploads\/2021\/08\/A107190A-FC35-48EA-8B44-CF4EB9117345.jpeg"},"url":"https:\/\/www.meenzer-on-tour.de\/blog\/author\/admin\/"}]}},"_links":{"self":[{"href":"https:\/\/www.meenzer-on-tour.de\/blog\/wp-json\/wp\/v2\/posts\/3297","targetHints":{"allow":["GET"]}}],"collection":[{"href":"https:\/\/www.meenzer-on-tour.de\/blog\/wp-json\/wp\/v2\/posts"}],"about":[{"href":"https:\/\/www.meenzer-on-tour.de\/blog\/wp-json\/wp\/v2\/types\/post"}],"author":[{"embeddable":true,"href":"https:\/\/www.meenzer-on-tour.de\/blog\/wp-json\/wp\/v2\/users\/1"}],"replies":[{"embeddable":true,"href":"https:\/\/www.meenzer-on-tour.de\/blog\/wp-json\/wp\/v2\/comments?post=3297"}],"version-history":[{"count":20,"href":"https:\/\/www.meenzer-on-tour.de\/blog\/wp-json\/wp\/v2\/posts\/3297\/revisions"}],"predecessor-version":[{"id":3319,"href":"https:\/\/www.meenzer-on-tour.de\/blog\/wp-json\/wp\/v2\/posts\/3297\/revisions\/3319"}],"wp:attachment":[{"href":"https:\/\/www.meenzer-on-tour.de\/blog\/wp-json\/wp\/v2\/media?parent=3297"}],"wp:term":[{"taxonomy":"category","embeddable":true,"href":"https:\/\/www.meenzer-on-tour.de\/blog\/wp-json\/wp\/v2\/categories?post=3297"},{"taxonomy":"post_tag","embeddable":true,"href":"https:\/\/www.meenzer-on-tour.de\/blog\/wp-json\/wp\/v2\/tags?post=3297"}],"curies":[{"name":"wp","href":"https:\/\/api.w.org\/{rel}","templated":true}]}}