{"id":2893,"date":"2024-03-23T14:41:24","date_gmt":"2024-03-23T12:41:24","guid":{"rendered":"https:\/\/www.meenzer-on-tour.de\/blog\/?p=2893"},"modified":"2024-04-05T20:55:56","modified_gmt":"2024-04-05T18:55:56","slug":"spaetlese-sg-99-andernach-ii-saison-2023-2024","status":"publish","type":"post","link":"https:\/\/www.meenzer-on-tour.de\/blog\/spaetlese-sg-99-andernach-ii-saison-2023-2024\/","title":{"rendered":"Sp\u00e4tlese SG 99 Andernach II Saison 2023\/2024"},"content":{"rendered":"\n<p>Ausw\u00e4rts fahren bietet in unserem komplett verplanten Alltag eine M\u00f6glichkeit, Unplanm\u00e4\u00dfiges geschehen zu lassen, \u00fcberraschend positive Erlebnisse zu sammeln oder auch negative Erfahrungen zu machen. An dieser Stelle berichte ich \u00fcber meine rein subjektiven Eindr\u00fccke rund um die jeweilige Ausw\u00e4rtsfahrt, jeweils mit ein wenig Abstand betrachtet \u2013 eine Sp\u00e4tlese eben!<\/p>\n\n\n\n<p><a href=\"#Hin\">01 Hin und weg<\/a><br><a href=\"#Nimmer\">02 (N)immer nuff<\/a><br><a href=\"#Kontrolle\">03 Kon-Trolle<\/a><br><a href=\"#Kampf\">04 Kampf um den Mampf<\/a><br><a href=\"#K\u00e4fig\">05 K\u00e4fighaltung<\/a><\/p>\n\n\n\n<figure class=\"wp-block-image size-large is-resized\"><a href=\"https:\/\/www.meenzer-on-tour.de\/blog\/wp-content\/uploads\/2024\/03\/DDQV16611-scaled.jpeg\"><img loading=\"lazy\" decoding=\"async\" width=\"1024\" height=\"768\" src=\"https:\/\/www.meenzer-on-tour.de\/blog\/wp-content\/uploads\/2024\/03\/DDQV16611-1024x768.jpeg\" alt=\"\" class=\"wp-image-2896\" style=\"width:675px;height:auto\" srcset=\"https:\/\/www.meenzer-on-tour.de\/blog\/wp-content\/uploads\/2024\/03\/DDQV16611-1024x768.jpeg 1024w, https:\/\/www.meenzer-on-tour.de\/blog\/wp-content\/uploads\/2024\/03\/DDQV16611-300x225.jpeg 300w, https:\/\/www.meenzer-on-tour.de\/blog\/wp-content\/uploads\/2024\/03\/DDQV16611-768x576.jpeg 768w, https:\/\/www.meenzer-on-tour.de\/blog\/wp-content\/uploads\/2024\/03\/DDQV16611-1536x1152.jpeg 1536w, https:\/\/www.meenzer-on-tour.de\/blog\/wp-content\/uploads\/2024\/03\/DDQV16611-2048x1536.jpeg 2048w\" sizes=\"auto, (max-width: 767px) 89vw, (max-width: 1000px) 54vw, (max-width: 1071px) 543px, 580px\" \/><\/a><figcaption class=\"wp-element-caption\">05er-&#8222;Deich&#8220;-Beflaggung <\/figcaption><\/figure>\n\n\n\n<p id=\"Hin\">01 Hin und weg:<\/p>\n\n\n\n<p>Habt Ihr schon mal ein 05-Ligaspiel gegen eine Zweitvertretung besucht? F\u00fcr mich war es ein Novum im Ligaalltag. Nach langem gemeinsamem Gr\u00fcbeln stand es fest:  Die Begegnung der Mainz 05 Frauen bei der SG Andernach II am letzten Sonntag war keine komplett neue Konstellation. Selbst f\u00fcr mich nicht. Schlie\u00dflich f\u00fchrte uns der DFB-Pokal der M\u00e4nner 2005 zwischen den Gastspielen in Eriwan und Reyjav\u00edk zu Hansa Rostock II. Wer kann sich noch an den einpr\u00e4gsamen Chant der Rostocker*innen erinnern: \u201eIhr wollt nach Hause, doch der Bus kippt um!\u201c?<\/p>\n\n\n\n<p>Dieser schallte den 50 05er*innen damals nach dem dritten Tor f\u00fcr Mainz entgegen. Dann war pl\u00f6tzlich der Heimblock leer und der Mob wartete schon vor dem G\u00e4steblock auf den Fanbus der 05er*innen. Damals wie heute ging es f\u00fcr mich mit der Deutschen Bahn zum Ausw\u00e4rtsspiel. Ob der Bus damals zumindest wackelte, m\u00fcssen andere beantworten, die damals im August mit an die Ostsee ged\u00fcst sind. Leider schafften es diesmal keine 50 Leute nach Andernach. Dabei l\u00e4sst sich der Spielort locker und l\u00e4ssig mit dem Deutschland-Ticket erreichen.<\/p>\n\n\n\n<figure class=\"wp-block-image size-large\"><a href=\"https:\/\/www.meenzer-on-tour.de\/blog\/wp-content\/uploads\/2024\/03\/UBZI82981.jpeg\"><img loading=\"lazy\" decoding=\"async\" width=\"1024\" height=\"768\" src=\"https:\/\/www.meenzer-on-tour.de\/blog\/wp-content\/uploads\/2024\/03\/UBZI82981-1024x768.jpeg\" alt=\"\" class=\"wp-image-2897\" srcset=\"https:\/\/www.meenzer-on-tour.de\/blog\/wp-content\/uploads\/2024\/03\/UBZI82981-1024x768.jpeg 1024w, https:\/\/www.meenzer-on-tour.de\/blog\/wp-content\/uploads\/2024\/03\/UBZI82981-300x225.jpeg 300w, https:\/\/www.meenzer-on-tour.de\/blog\/wp-content\/uploads\/2024\/03\/UBZI82981-768x576.jpeg 768w, https:\/\/www.meenzer-on-tour.de\/blog\/wp-content\/uploads\/2024\/03\/UBZI82981-1536x1152.jpeg 1536w, https:\/\/www.meenzer-on-tour.de\/blog\/wp-content\/uploads\/2024\/03\/UBZI82981-2048x1536.jpeg 2048w\" sizes=\"auto, (max-width: 767px) 89vw, (max-width: 1000px) 54vw, (max-width: 1071px) 543px, 580px\" \/><\/a><figcaption class=\"wp-element-caption\">In Andernach wird ein angemessener Eintrittspreis f\u00fcr das Spiel aufgerufen<\/figcaption><\/figure>\n\n\n\n<p id=\"Nimmer\">02 (N)immer nuff:<\/p>\n\n\n\n<p>Vier Nasen haben sich dann doch am Bahnhof in Andernach am Gleis getroffen. Die beiden Kolumnen f\u00fcr die <a href=\"https:\/\/www.allgemeine-zeitung.de\/sport\/fussball\/fussball-bundesliga\/fan-kolumne-mainz-05-besticht-als-gesamtverein-3423524\" target=\"_blank\" rel=\"noreferrer noopener\">AZ<\/a> und den <a href=\"https:\/\/merkurist.de\/mainz\/fussball-bundesliga-veganes-essen-in-der-mewa-arena-was-gut-ist-was-noch-besser-werden-muss_dulU\" target=\"_blank\" rel=\"noreferrer noopener\">Merkurist <\/a>konnte ich vorher in aller Ruhe den Rhein hinab herunterschreiben. Nach dem Pokalspiel in Erfurt und dem Derby in Ober-Olm war es f\u00fcr mich erst das dritte Ausw\u00e4rtsspiel mit den 05erinnen. Meine drei Begleitungen hingegen waren quasi (Fast)-Allesfahrer*innen in der Frauen-Regionalliga S\u00fcdwest der aktuellen Saison. <\/p>\n\n\n\n<p>Dieses Engagement ist nicht hoch genug zu bewerten, genauso wie die Anfertigung des \u201eMainz 05 Frauen\u201c-Banners. Dieses wird seit dem Start der R\u00fcckrunde an Heimspieltagen der 05erinnen aufgeh\u00e4ngt. Zu nennen sind auch die \u201eMainz 05 Frauen\u201c-Eckf\u00e4hnchen, die den Schott-Kunstrasenplatz seit dem Kantersieg gegen Ober-Olm zieren. Dahinter steckt das Engagement des \u201eEs war einmal\u2026\u201c-Fanzines. Es hat dar\u00fcber hinaus in dieser Saison auch die Wimpel f\u00fcr die Pokalspiele der Frauen, M\u00e4nner und der U19 anfertigen lassen. Das ist das Sch\u00f6ne an unserem Verein \u2013 er lebt vom Engagement seiner Mitglieder! Da wird dann auch mal darauf hingewiesen, wenn auf Insta und Facebook auf dem offiziellen 05-Frauen-Kanal vom Anpfiff um 14 Uhr die Rede ist, und der tats\u00e4chliche Spielbeginn aber auf 13 Uhr terminiert ist. &nbsp;<\/p>\n\n\n\n<figure class=\"wp-block-image size-large\"><a href=\"https:\/\/www.meenzer-on-tour.de\/blog\/wp-content\/uploads\/2024\/03\/QBQW80191-scaled.jpeg\"><img loading=\"lazy\" decoding=\"async\" width=\"1024\" height=\"768\" src=\"https:\/\/www.meenzer-on-tour.de\/blog\/wp-content\/uploads\/2024\/03\/QBQW80191-1024x768.jpeg\" alt=\"\" class=\"wp-image-2899\" srcset=\"https:\/\/www.meenzer-on-tour.de\/blog\/wp-content\/uploads\/2024\/03\/QBQW80191-1024x768.jpeg 1024w, https:\/\/www.meenzer-on-tour.de\/blog\/wp-content\/uploads\/2024\/03\/QBQW80191-300x225.jpeg 300w, https:\/\/www.meenzer-on-tour.de\/blog\/wp-content\/uploads\/2024\/03\/QBQW80191-768x576.jpeg 768w, https:\/\/www.meenzer-on-tour.de\/blog\/wp-content\/uploads\/2024\/03\/QBQW80191-1536x1152.jpeg 1536w, https:\/\/www.meenzer-on-tour.de\/blog\/wp-content\/uploads\/2024\/03\/QBQW80191-2048x1536.jpeg 2048w\" sizes=\"auto, (max-width: 767px) 89vw, (max-width: 1000px) 54vw, (max-width: 1071px) 543px, 580px\" \/><\/a><figcaption class=\"wp-element-caption\">Echte Flora am Kunstrasenplatz<\/figcaption><\/figure>\n\n\n\n<p>03 Kon-Trolle<\/p>\n\n\n\n<p>Eine Dreiviertelstunde vor dem Anpfiff war au\u00dfer dem Teams noch niemand zu sehen. Das Tor zum Kunstrasenplatz stand offen und erinnerte mich schon wieder an die Saison 2005\/2006. Damals in Reykjav\u00edk sollte es mittwochs eine Trainingseinheit der 05er-M\u00e4nnermannschaft im ber\u00fchmten Wei\u00dfbier-Waldi-Laugardalsv\u00f6llur-Stadion geben, doch der Haupteingang war zu. Also stapfte Kloppo mit den Jungs um die Haupttrib\u00fcne herum und fand ebenfalls ein ge\u00f6ffnetes Tor. Wir f\u00fcnf Fans standen vor dem Tor und Kloppo meinte, dass wir einfach mit durchschl\u00fcpfen sollten. So konnten wir das zweite Ausw\u00e4rts-Abschlusstraining von Mainz 05 auf europ\u00e4ischer Ebene im Innenraum des Stadions erleben, in dem 2003 der Rudi beim Waldi komplett durchdrehte. Hach Kloppo!<\/p>\n\n\n\n<figure class=\"wp-block-image size-large\"><a href=\"https:\/\/www.meenzer-on-tour.de\/blog\/wp-content\/uploads\/2024\/03\/WDPV35791-scaled.jpeg\"><img loading=\"lazy\" decoding=\"async\" width=\"1024\" height=\"768\" src=\"https:\/\/www.meenzer-on-tour.de\/blog\/wp-content\/uploads\/2024\/03\/WDPV35791-1024x768.jpeg\" alt=\"\" class=\"wp-image-2900\" srcset=\"https:\/\/www.meenzer-on-tour.de\/blog\/wp-content\/uploads\/2024\/03\/WDPV35791-1024x768.jpeg 1024w, https:\/\/www.meenzer-on-tour.de\/blog\/wp-content\/uploads\/2024\/03\/WDPV35791-300x225.jpeg 300w, https:\/\/www.meenzer-on-tour.de\/blog\/wp-content\/uploads\/2024\/03\/WDPV35791-768x576.jpeg 768w, https:\/\/www.meenzer-on-tour.de\/blog\/wp-content\/uploads\/2024\/03\/WDPV35791-1536x1152.jpeg 1536w, https:\/\/www.meenzer-on-tour.de\/blog\/wp-content\/uploads\/2024\/03\/WDPV35791-2048x1536.jpeg 2048w\" sizes=\"auto, (max-width: 767px) 89vw, (max-width: 1000px) 54vw, (max-width: 1071px) 543px, 580px\" \/><\/a><figcaption class=\"wp-element-caption\">Perfekte Sicht vom &#8222;Deich&#8220; auf das Spielgeschehen<\/figcaption><\/figure>\n\n\n\n<p>Auch in Andernach wurden wir vom Staff freudig begr\u00fc\u00dft. Das Team und das Team hinter dem Team der 05erinnen ist so derma\u00dfen dankbar, Unterst\u00fctzung von uns Fans zu erhalten. Sie sehen es wohl noch nicht als selbstverst\u00e4ndlich an, dass man sehr viel Zeit und Geld investiert, um den Verein zu unterst\u00fctzen: sei es beim Fu\u00dfball, Handball oder Tischtennis und egal ob Frauen oder M\u00e4nner.<\/p>\n\n\n\n<p>Zirka 30 Minuten vor Anpfiff wurde die Anlage angeworfen. Es gab nette Warm-up-Mucke f\u00fcr die Zuschauenden. Das gibt es leider bei den Heimspielen der 05erinnen noch genauso wenig, wie ein Eintrittsgeld. Als dieser Umstand bei der letzten Mitgliederversammlung angesprochen wurde, verstand der Don die Welt nicht mehr. Er ist es gewohnt, dass \u00fcber zu hohe Preise f\u00fcr Bier, Wurst und Merch gemeckert wird. Dass aber jemand fordert, dass f\u00fcr die Spiele der 05erinnen Eintritt zu zahlen ist , scheint in seiner Welt nicht vorzukommen.<\/p>\n\n\n\n<p>Dass diese Forderung etwas mit Wertsch\u00e4tzung zu tun hat, scheint der Don nicht zu bedenken. Ein Produkt, das gratis ist, hat in unserer Gesellschaft keinen oder nur geringen Wert. Einen angemessenen Preis sollten wir eigentlich bereit sein, f\u00fcr alles zu zahlen, was wir konsumieren. Manchmal sind wir sogar bereit, vollkommen \u00fcberzogene Preise zu bezahlen. Zum Beispiel fast 100 Euro f\u00fcr ein wahlweise rosa- oder wei\u00dfes Trikot. Bei diesem wei\u00df man noch nicht mal, wieviel Geld bei demjenigen landet, der es hergestellt hat.<\/p>\n\n\n\n<p>Mich hat die Reaktion vom Don, auf die Forderung, Eintritt f\u00fcr die Spiele der 05erinnen zu verlangen, nicht wirklich gewundert. Es war die Art und Weise, die mich  ins Gr\u00fcbeln brachte. Zum einen war die Reaktion dem Fordernden gegen\u00fcber herablassend und zum anderen der Ton. Man muss auf unseren Mitgliederversammlungen schon ein ziemlich dickes Fell haben, um Kritik zu \u00fcben. Dabei w\u00e4re es Aufgabe vom Leiter der Mitgliederversammlung eine Atmosph\u00e4re zu schaffen, die es Mitgliedern leicht macht, Fragen zu stellen. So hat f\u00fcr mich die Mitgliederversammlung den Anschein, dass sie die Verantwortlichen schnell hinter sich bringen m\u00f6chten, um sich wieder dem Tagesgesch\u00e4ft zuwenden zu k\u00f6nnen. Zum Beispiel einem Investoren-Deal, der Einfluss auf die Einnahmen des Vereins f\u00fcr die n\u00e4chsten 20 Jahre hat.<\/p>\n\n\n\n<figure class=\"wp-block-image size-large\"><a href=\"https:\/\/www.meenzer-on-tour.de\/blog\/wp-content\/uploads\/2024\/03\/TFNH58061-scaled.jpeg\"><img loading=\"lazy\" decoding=\"async\" width=\"1024\" height=\"768\" src=\"https:\/\/www.meenzer-on-tour.de\/blog\/wp-content\/uploads\/2024\/03\/TFNH58061-1024x768.jpeg\" alt=\"\" class=\"wp-image-2901\" srcset=\"https:\/\/www.meenzer-on-tour.de\/blog\/wp-content\/uploads\/2024\/03\/TFNH58061-1024x768.jpeg 1024w, https:\/\/www.meenzer-on-tour.de\/blog\/wp-content\/uploads\/2024\/03\/TFNH58061-300x225.jpeg 300w, https:\/\/www.meenzer-on-tour.de\/blog\/wp-content\/uploads\/2024\/03\/TFNH58061-768x576.jpeg 768w, https:\/\/www.meenzer-on-tour.de\/blog\/wp-content\/uploads\/2024\/03\/TFNH58061-1536x1152.jpeg 1536w, https:\/\/www.meenzer-on-tour.de\/blog\/wp-content\/uploads\/2024\/03\/TFNH58061-2048x1536.jpeg 2048w\" sizes=\"auto, (max-width: 767px) 89vw, (max-width: 1000px) 54vw, (max-width: 1071px) 543px, 580px\" \/><\/a><figcaption class=\"wp-element-caption\">Wozu Pfandbecher wenn es auch Glasflaschen gibt? <\/figcaption><\/figure>\n\n\n\n<p>In Andernach kam w\u00e4hrend des Spiels der Kassenwart zu den Zuschauenden gelaufen. Er kassierte das Eintrittsgeld in H\u00f6he von 4 Euro f\u00fcr Vollzahlende ab \u2013 und das bei einem Spiel der Zweitvertretung. &nbsp;Wertsch\u00e4tzung &#8211; so wichtig!<\/p>\n\n\n\n<p id=\"Kampf\">04 Kampf um den Mampf<\/p>\n\n\n\n<p>Neben der Mucke aus dem Lautsprecher, war das Ger\u00e4usch eines nach oben gezogenen Rollladens Musik in meinen Ohren. Der Kiosk mit Speis und Trank wurde ge\u00f6ffnet. Die Karte war ellenlang, aber die vegetarischen herzhaften Optionen Brezel und Pommes gab es dieses Mal nicht. Daf\u00fcr h\u00e4tte ich mich am Kuchenb\u00fcffet laben k\u00f6nnen. Ich w\u00e4hlte dann doch lieber die Afri-Cola im Pfandglas, die eine der vielen Getr\u00e4nkeoptionen war. Sp\u00e4ter am Bahnhof gab es eine Mini-Brezel f\u00fcr 2,50 \u20ac. Wie gesagt, man gibt auch mal Geld f\u00fcr v\u00f6llig \u00fcberteuerte Dinge aus\u2026<\/p>\n\n\n\n<figure class=\"wp-block-image size-large\"><a href=\"https:\/\/www.meenzer-on-tour.de\/blog\/wp-content\/uploads\/2024\/03\/MZUV36141-scaled.jpeg\"><img loading=\"lazy\" decoding=\"async\" width=\"1024\" height=\"768\" src=\"https:\/\/www.meenzer-on-tour.de\/blog\/wp-content\/uploads\/2024\/03\/MZUV36141-1024x768.jpeg\" alt=\"\" class=\"wp-image-2902\" srcset=\"https:\/\/www.meenzer-on-tour.de\/blog\/wp-content\/uploads\/2024\/03\/MZUV36141-1024x768.jpeg 1024w, https:\/\/www.meenzer-on-tour.de\/blog\/wp-content\/uploads\/2024\/03\/MZUV36141-300x225.jpeg 300w, https:\/\/www.meenzer-on-tour.de\/blog\/wp-content\/uploads\/2024\/03\/MZUV36141-768x576.jpeg 768w, https:\/\/www.meenzer-on-tour.de\/blog\/wp-content\/uploads\/2024\/03\/MZUV36141-1536x1152.jpeg 1536w, https:\/\/www.meenzer-on-tour.de\/blog\/wp-content\/uploads\/2024\/03\/MZUV36141-2048x1536.jpeg 2048w\" sizes=\"auto, (max-width: 767px) 89vw, (max-width: 1000px) 54vw, (max-width: 1071px) 543px, 580px\" \/><\/a><figcaption class=\"wp-element-caption\">6 Tore nach 2 Pflichtspielen f\u00fcr Mainz 05: Sarah Khalifa<\/figcaption><\/figure>\n\n\n\n<p id=\"K\u00e4fig\"> 05 K\u00e4fighaltung<\/p>\n\n\n\n<p>\u201eDeichcharakter\u201c meinte Jannis, einer der pl\u00f6tzlich wie aus dem Nichts auftauchenden 05ern, die es ebenfalls p\u00fcnktlich zum Anpfiff nach Andernach schafften. Damit hat er wunderbar die Trib\u00fcne beschrieben, auf der sich der Support-Mob platziert hatte: Ein langgezogener Wiesenh\u00fcgel, auf dem der L\u00f6wenzahn in der Sonne bl\u00fchte, der von betonierten Treppen eingefasst war und auf dem eine leichte Brise wehte. Eine Metallbr\u00fcstung mit riesigen Aschenbechern, die man auch als Getr\u00e4nkehalter zweckentfremden konnte, machte es m\u00f6glich, Fahnen zu befestigen und von oben eine perfekte Sicht auf das Spielgeschehen zu erhalten.<\/p>\n\n\n\n<p>Auf dem Platz gab es lange keine gro\u00dfen Torchancen auf beiden Seiten und pl\u00f6tzlich sorgte ein Eigentor f\u00fcr die F\u00fchrung der Andernacherinnen. Sie wurde aber quasi mit dem Pausenpfiff egalisiert. In der zweiten Halbzeit wurden die 05erinnen immer st\u00e4rker und Sarah Khalifa, die erst in der Winterpause zum Team zugesto\u00dfen war, machte mit ihrem zweiten Dreierpack in zwei Spielen alles klar. Es gab wohl in der 119-j\u00e4hrigen Geschichte von Mainz 05 noch keinen Neuzugang, der nach zwei Pflichtspielen schon 6 Tore auf der Habenseite hatte.<\/p>\n\n\n\n<figure class=\"wp-block-image size-large\"><a href=\"https:\/\/www.meenzer-on-tour.de\/blog\/wp-content\/uploads\/2024\/03\/OWNL94512.jpeg\"><img loading=\"lazy\" decoding=\"async\" width=\"1024\" height=\"768\" src=\"https:\/\/www.meenzer-on-tour.de\/blog\/wp-content\/uploads\/2024\/03\/OWNL94512-1024x768.jpeg\" alt=\"\" class=\"wp-image-2903\" srcset=\"https:\/\/www.meenzer-on-tour.de\/blog\/wp-content\/uploads\/2024\/03\/OWNL94512-1024x768.jpeg 1024w, https:\/\/www.meenzer-on-tour.de\/blog\/wp-content\/uploads\/2024\/03\/OWNL94512-300x225.jpeg 300w, https:\/\/www.meenzer-on-tour.de\/blog\/wp-content\/uploads\/2024\/03\/OWNL94512-768x576.jpeg 768w, https:\/\/www.meenzer-on-tour.de\/blog\/wp-content\/uploads\/2024\/03\/OWNL94512.jpeg 1171w\" sizes=\"auto, (max-width: 767px) 89vw, (max-width: 1000px) 54vw, (max-width: 1071px) 543px, 580px\" \/><\/a><figcaption class=\"wp-element-caption\">Zweites Spiel, zweite Humba f\u00fcr Sarah Khalifa<\/figcaption><\/figure>\n\n\n\n<p>Nach dem Abpfiff hatte Sarah Khalifa, wie am Sonntag in der vorherigen Woche, wieder gro\u00dfen Bock auf eine Humba. Hier beim Frauenfu\u00dfball sind es mittlerweile die Spielerinnen, die die Fans zur Humba auffordern. Es macht einfach riesigen Spa\u00df, diese Lust am Siege feiern mitzuerleben. Nach dem Sieg der M\u00e4nner tags zuvor \u2013 war dies ein fast perfektes Wochenende. Es schmerzte nur, dass die U19 leider den Weg nach Potsdam zum Pokalfinale verpasste und an den Hoffis scheiterte.<\/p>\n\n\n\n<p>&nbsp;Fazit: Der Jahrgang 2023\/2024 weckt beim Ausw\u00e4rtsspiel gegen eine R\u00f6misch-Zwo-Auswahl nette Gedanken an Begegnungen, die fast eine Generation zur\u00fcckliegen.<\/p>\n\n\n\n<p>Rot-wei\u00dfe Gr\u00fc\u00dfe,<\/p>\n\n\n\n<p>Christoph<\/p>\n\n\n\n<ul class=\"wp-block-social-links is-layout-flex wp-block-social-links-is-layout-flex\"><li class=\"wp-social-link wp-social-link-wordpress  wp-block-social-link\"><a href=\"https:\/\/www.meenzer-on-tour.de\/\" class=\"wp-block-social-link-anchor\"><svg width=\"24\" height=\"24\" viewBox=\"0 0 24 24\" version=\"1.1\" xmlns=\"http:\/\/www.w3.org\/2000\/svg\" aria-hidden=\"true\" focusable=\"false\"><path d=\"M12.158,12.786L9.46,20.625c0.806,0.237,1.657,0.366,2.54,0.366c1.047,0,2.051-0.181,2.986-0.51 c-0.024-0.038-0.046-0.079-0.065-0.124L12.158,12.786z M3.009,12c0,3.559,2.068,6.634,5.067,8.092L3.788,8.341 C3.289,9.459,3.009,10.696,3.009,12z M18.069,11.546c0-1.112-0.399-1.881-0.741-2.48c-0.456-0.741-0.883-1.368-0.883-2.109 c0-0.826,0.627-1.596,1.51-1.596c0.04,0,0.078,0.005,0.116,0.007C16.472,3.904,14.34,3.009,12,3.009 c-3.141,0-5.904,1.612-7.512,4.052c0.211,0.007,0.41,0.011,0.579,0.011c0.94,0,2.396-0.114,2.396-0.114 C7.947,6.93,8.004,7.642,7.52,7.699c0,0-0.487,0.057-1.029,0.085l3.274,9.739l1.968-5.901l-1.401-3.838 C9.848,7.756,9.389,7.699,9.389,7.699C8.904,7.67,8.961,6.93,9.446,6.958c0,0,1.484,0.114,2.368,0.114 c0.94,0,2.397-0.114,2.397-0.114c0.485-0.028,0.542,0.684,0.057,0.741c0,0-0.488,0.057-1.029,0.085l3.249,9.665l0.897-2.996 C17.841,13.284,18.069,12.316,18.069,11.546z M19.889,7.686c0.039,0.286,0.06,0.593,0.06,0.924c0,0.912-0.171,1.938-0.684,3.22 l-2.746,7.94c2.673-1.558,4.47-4.454,4.47-7.771C20.991,10.436,20.591,8.967,19.889,7.686z M12,22C6.486,22,2,17.514,2,12 C2,6.486,6.486,2,12,2c5.514,0,10,4.486,10,10C22,17.514,17.514,22,12,22z\"><\/path><\/svg><span class=\"wp-block-social-link-label screen-reader-text\">WordPress<\/span><\/a><\/li>\n\n<li class=\"wp-social-link wp-social-link-amazon  wp-block-social-link\"><a href=\"https:\/\/www.amazon.de\/Christoph-Kessel\/e\/B07L2H8194?ref=sr_ntt_srch_lnk_7&#038;qid=1610638290&#038;sr=1-7-catcorr\" class=\"wp-block-social-link-anchor\"><svg width=\"24\" height=\"24\" viewBox=\"0 0 24 24\" version=\"1.1\" xmlns=\"http:\/\/www.w3.org\/2000\/svg\" aria-hidden=\"true\" focusable=\"false\"><path d=\"M13.582,8.182C11.934,8.367,9.78,8.49,8.238,9.166c-1.781,0.769-3.03,2.337-3.03,4.644 c0,2.953,1.86,4.429,4.253,4.429c2.02,0,3.125-0.477,4.685-2.065c0.516,0.747,0.685,1.109,1.629,1.894 c0.212,0.114,0.483,0.103,0.672-0.066l0.006,0.006c0.567-0.505,1.599-1.401,2.18-1.888c0.231-0.188,0.19-0.496,0.009-0.754 c-0.52-0.718-1.072-1.303-1.072-2.634V8.305c0-1.876,0.133-3.599-1.249-4.891C15.23,2.369,13.422,2,12.04,2 C9.336,2,6.318,3.01,5.686,6.351C5.618,6.706,5.877,6.893,6.109,6.945l2.754,0.298C9.121,7.23,9.308,6.977,9.357,6.72 c0.236-1.151,1.2-1.706,2.284-1.706c0.584,0,1.249,0.215,1.595,0.738c0.398,0.584,0.346,1.384,0.346,2.061V8.182z M13.049,14.088 c-0.451,0.8-1.169,1.291-1.967,1.291c-1.09,0-1.728-0.83-1.728-2.061c0-2.42,2.171-2.86,4.227-2.86v0.615 C13.582,12.181,13.608,13.104,13.049,14.088z M20.683,19.339C18.329,21.076,14.917,22,11.979,22c-4.118,0-7.826-1.522-10.632-4.057 c-0.22-0.199-0.024-0.471,0.241-0.317c3.027,1.762,6.771,2.823,10.639,2.823c2.608,0,5.476-0.541,8.115-1.66 C20.739,18.62,21.072,19.051,20.683,19.339z M21.336,21.043c-0.194,0.163-0.379,0.076-0.293-0.139 c0.284-0.71,0.92-2.298,0.619-2.684c-0.301-0.386-1.99-0.183-2.749-0.092c-0.23,0.027-0.266-0.173-0.059-0.319 c1.348-0.946,3.555-0.673,3.811-0.356C22.925,17.773,22.599,19.986,21.336,21.043z\"><\/path><\/svg><span class=\"wp-block-social-link-label screen-reader-text\">Amazon<\/span><\/a><\/li>\n\n<li class=\"wp-social-link wp-social-link-facebook  wp-block-social-link\"><a href=\"https:\/\/www.facebook.com\/MeenzerOnTour\/\" class=\"wp-block-social-link-anchor\"><svg width=\"24\" height=\"24\" viewBox=\"0 0 24 24\" version=\"1.1\" xmlns=\"http:\/\/www.w3.org\/2000\/svg\" aria-hidden=\"true\" focusable=\"false\"><path d=\"M12 2C6.5 2 2 6.5 2 12c0 5 3.7 9.1 8.4 9.9v-7H7.9V12h2.5V9.8c0-2.5 1.5-3.9 3.8-3.9 1.1 0 2.2.2 2.2.2v2.5h-1.3c-1.2 0-1.6.8-1.6 1.6V12h2.8l-.4 2.9h-2.3v7C18.3 21.1 22 17 22 12c0-5.5-4.5-10-10-10z\"><\/path><\/svg><span class=\"wp-block-social-link-label screen-reader-text\">Facebook<\/span><\/a><\/li>\n\n<li class=\"wp-social-link wp-social-link-instagram  wp-block-social-link\"><a href=\"https:\/\/www.instagram.com\/meenzer_on_tour\" class=\"wp-block-social-link-anchor\"><svg width=\"24\" height=\"24\" viewBox=\"0 0 24 24\" version=\"1.1\" xmlns=\"http:\/\/www.w3.org\/2000\/svg\" aria-hidden=\"true\" focusable=\"false\"><path d=\"M12,4.622c2.403,0,2.688,0.009,3.637,0.052c0.877,0.04,1.354,0.187,1.671,0.31c0.42,0.163,0.72,0.358,1.035,0.673 c0.315,0.315,0.51,0.615,0.673,1.035c0.123,0.317,0.27,0.794,0.31,1.671c0.043,0.949,0.052,1.234,0.052,3.637 s-0.009,2.688-0.052,3.637c-0.04,0.877-0.187,1.354-0.31,1.671c-0.163,0.42-0.358,0.72-0.673,1.035 c-0.315,0.315-0.615,0.51-1.035,0.673c-0.317,0.123-0.794,0.27-1.671,0.31c-0.949,0.043-1.233,0.052-3.637,0.052 s-2.688-0.009-3.637-0.052c-0.877-0.04-1.354-0.187-1.671-0.31c-0.42-0.163-0.72-0.358-1.035-0.673 c-0.315-0.315-0.51-0.615-0.673-1.035c-0.123-0.317-0.27-0.794-0.31-1.671C4.631,14.688,4.622,14.403,4.622,12 s0.009-2.688,0.052-3.637c0.04-0.877,0.187-1.354,0.31-1.671c0.163-0.42,0.358-0.72,0.673-1.035 c0.315-0.315,0.615-0.51,1.035-0.673c0.317-0.123,0.794-0.27,1.671-0.31C9.312,4.631,9.597,4.622,12,4.622 M12,3 C9.556,3,9.249,3.01,8.289,3.054C7.331,3.098,6.677,3.25,6.105,3.472C5.513,3.702,5.011,4.01,4.511,4.511 c-0.5,0.5-0.808,1.002-1.038,1.594C3.25,6.677,3.098,7.331,3.054,8.289C3.01,9.249,3,9.556,3,12c0,2.444,0.01,2.751,0.054,3.711 c0.044,0.958,0.196,1.612,0.418,2.185c0.23,0.592,0.538,1.094,1.038,1.594c0.5,0.5,1.002,0.808,1.594,1.038 c0.572,0.222,1.227,0.375,2.185,0.418C9.249,20.99,9.556,21,12,21s2.751-0.01,3.711-0.054c0.958-0.044,1.612-0.196,2.185-0.418 c0.592-0.23,1.094-0.538,1.594-1.038c0.5-0.5,0.808-1.002,1.038-1.594c0.222-0.572,0.375-1.227,0.418-2.185 C20.99,14.751,21,14.444,21,12s-0.01-2.751-0.054-3.711c-0.044-0.958-0.196-1.612-0.418-2.185c-0.23-0.592-0.538-1.094-1.038-1.594 c-0.5-0.5-1.002-0.808-1.594-1.038c-0.572-0.222-1.227-0.375-2.185-0.418C14.751,3.01,14.444,3,12,3L12,3z M12,7.378 c-2.552,0-4.622,2.069-4.622,4.622S9.448,16.622,12,16.622s4.622-2.069,4.622-4.622S14.552,7.378,12,7.378z M12,15 c-1.657,0-3-1.343-3-3s1.343-3,3-3s3,1.343,3,3S13.657,15,12,15z M16.804,6.116c-0.596,0-1.08,0.484-1.08,1.08 s0.484,1.08,1.08,1.08c0.596,0,1.08-0.484,1.08-1.08S17.401,6.116,16.804,6.116z\"><\/path><\/svg><span class=\"wp-block-social-link-label screen-reader-text\">Instagram<\/span><\/a><\/li>\n\n<li class=\"wp-social-link wp-social-link-twitter  wp-block-social-link\"><a href=\"https:\/\/twitter.com\/meenzer_on_tour\" class=\"wp-block-social-link-anchor\"><svg width=\"24\" height=\"24\" viewBox=\"0 0 24 24\" version=\"1.1\" xmlns=\"http:\/\/www.w3.org\/2000\/svg\" aria-hidden=\"true\" focusable=\"false\"><path d=\"M22.23,5.924c-0.736,0.326-1.527,0.547-2.357,0.646c0.847-0.508,1.498-1.312,1.804-2.27 c-0.793,0.47-1.671,0.812-2.606,0.996C18.324,4.498,17.257,4,16.077,4c-2.266,0-4.103,1.837-4.103,4.103 c0,0.322,0.036,0.635,0.106,0.935C8.67,8.867,5.647,7.234,3.623,4.751C3.27,5.357,3.067,6.062,3.067,6.814 c0,1.424,0.724,2.679,1.825,3.415c-0.673-0.021-1.305-0.206-1.859-0.513c0,0.017,0,0.034,0,0.052c0,1.988,1.414,3.647,3.292,4.023 c-0.344,0.094-0.707,0.144-1.081,0.144c-0.264,0-0.521-0.026-0.772-0.074c0.522,1.63,2.038,2.816,3.833,2.85 c-1.404,1.1-3.174,1.756-5.096,1.756c-0.331,0-0.658-0.019-0.979-0.057c1.816,1.164,3.973,1.843,6.29,1.843 c7.547,0,11.675-6.252,11.675-11.675c0-0.178-0.004-0.355-0.012-0.531C20.985,7.47,21.68,6.747,22.23,5.924z\"><\/path><\/svg><span class=\"wp-block-social-link-label screen-reader-text\">Twitter<\/span><\/a><\/li>\n\n<\/ul>\n","protected":false},"excerpt":{"rendered":"<p>Ausw\u00e4rts fahren bietet in unserem komplett verplanten Alltag eine M\u00f6glichkeit, Unplanm\u00e4\u00dfiges geschehen zu lassen, \u00fcberraschend positive Erlebnisse zu sammeln oder auch negative Erfahrungen zu machen. An dieser Stelle berichte ich \u00fcber meine rein subjektiven Eindr\u00fccke rund um die jeweilige Ausw\u00e4rtsfahrt, jeweils mit ein wenig Abstand betrachtet \u2013 eine Sp\u00e4tlese eben! 01 Hin und weg02 (N)immer &hellip; <\/p>\n<p class=\"link-more\"><a href=\"https:\/\/www.meenzer-on-tour.de\/blog\/spaetlese-sg-99-andernach-ii-saison-2023-2024\/\" class=\"more-link\"><span class=\"screen-reader-text\">\u201eSp\u00e4tlese SG 99 Andernach II Saison 2023\/2024\u201c <\/span>weiterlesen<\/a><\/p>\n","protected":false},"author":1,"featured_media":0,"comment_status":"closed","ping_status":"open","sticky":false,"template":"","format":"standard","meta":{"footnotes":""},"categories":[4,1],"tags":[398,369,370,11,408,407],"class_list":["post-2893","post","type-post","status-publish","format-standard","hentry","category-fussball","category-spaetlese","tag-frauenfussball","tag-fussballblog","tag-fussballblogger","tag-mainz-05","tag-mainz-05-frauen","tag-sg-99-andernach"],"yoast_head":"<!-- This site is optimized with the Yoast SEO plugin v27.4 - https:\/\/yoast.com\/product\/yoast-seo-wordpress\/ -->\n<title>Sp\u00e4tlese SG 99 Andernach II Saison 2023\/2024 - Meenzer on Tour Blog<\/title>\n<meta name=\"description\" content=\"Die Ausw\u00e4rtsfahrt zum Spiel der 1. FSV Mainz 05 Frauen bei der SG 99 Andernach II in der Nachbetrachtung aus Fansicht.\" \/>\n<meta name=\"robots\" content=\"index, follow, max-snippet:-1, max-image-preview:large, max-video-preview:-1\" \/>\n<link rel=\"canonical\" href=\"https:\/\/www.meenzer-on-tour.de\/blog\/spaetlese-sg-99-andernach-ii-saison-2023-2024\/\" \/>\n<meta property=\"og:locale\" content=\"de_DE\" \/>\n<meta property=\"og:type\" content=\"article\" \/>\n<meta property=\"og:title\" content=\"Sp\u00e4tlese SG 99 Andernach II Saison 2023\/2024 - Meenzer on Tour Blog\" \/>\n<meta property=\"og:description\" content=\"Die Ausw\u00e4rtsfahrt zum Spiel der 1. FSV Mainz 05 Frauen bei der SG 99 Andernach II in der Nachbetrachtung aus Fansicht.\" \/>\n<meta property=\"og:url\" content=\"https:\/\/www.meenzer-on-tour.de\/blog\/spaetlese-sg-99-andernach-ii-saison-2023-2024\/\" \/>\n<meta property=\"og:site_name\" content=\"Meenzer on Tour Blog\" \/>\n<meta property=\"article:published_time\" content=\"2024-03-23T12:41:24+00:00\" \/>\n<meta property=\"article:modified_time\" content=\"2024-04-05T18:55:56+00:00\" \/>\n<meta property=\"og:image\" content=\"https:\/\/www.meenzer-on-tour.de\/blog\/wp-content\/uploads\/2024\/03\/DDQV16611-1024x768.jpeg\" \/>\n<meta name=\"author\" content=\"Christoph\" \/>\n<meta name=\"twitter:card\" content=\"summary_large_image\" \/>\n<meta name=\"twitter:label1\" content=\"Verfasst von\" \/>\n\t<meta name=\"twitter:data1\" content=\"Christoph\" \/>\n\t<meta name=\"twitter:label2\" content=\"Gesch\u00e4tzte Lesezeit\" \/>\n\t<meta name=\"twitter:data2\" content=\"9\u00a0Minuten\" \/>\n<script type=\"application\/ld+json\" class=\"yoast-schema-graph\">{\"@context\":\"https:\\\/\\\/schema.org\",\"@graph\":[{\"@type\":\"Article\",\"@id\":\"https:\\\/\\\/www.meenzer-on-tour.de\\\/blog\\\/spaetlese-sg-99-andernach-ii-saison-2023-2024\\\/#article\",\"isPartOf\":{\"@id\":\"https:\\\/\\\/www.meenzer-on-tour.de\\\/blog\\\/spaetlese-sg-99-andernach-ii-saison-2023-2024\\\/\"},\"author\":{\"name\":\"Christoph\",\"@id\":\"https:\\\/\\\/www.meenzer-on-tour.de\\\/blog\\\/#\\\/schema\\\/person\\\/e8a97e9efa1062d69a2cbb01f96b919f\"},\"headline\":\"Sp\u00e4tlese SG 99 Andernach II Saison 2023\\\/2024\",\"datePublished\":\"2024-03-23T12:41:24+00:00\",\"dateModified\":\"2024-04-05T18:55:56+00:00\",\"mainEntityOfPage\":{\"@id\":\"https:\\\/\\\/www.meenzer-on-tour.de\\\/blog\\\/spaetlese-sg-99-andernach-ii-saison-2023-2024\\\/\"},\"wordCount\":1444,\"publisher\":{\"@id\":\"https:\\\/\\\/www.meenzer-on-tour.de\\\/blog\\\/#\\\/schema\\\/person\\\/e8a97e9efa1062d69a2cbb01f96b919f\"},\"image\":{\"@id\":\"https:\\\/\\\/www.meenzer-on-tour.de\\\/blog\\\/spaetlese-sg-99-andernach-ii-saison-2023-2024\\\/#primaryimage\"},\"thumbnailUrl\":\"https:\\\/\\\/www.meenzer-on-tour.de\\\/blog\\\/wp-content\\\/uploads\\\/2024\\\/03\\\/DDQV16611-1024x768.jpeg\",\"keywords\":[\"Frauenfu\u00dfball\",\"Fu\u00dfballblog\",\"Fu\u00dfballblogger\",\"Mainz 05\",\"Mainz 05 Frauen\",\"SG 99 Andernach\"],\"articleSection\":[\"Fu\u00dfball\",\"Sp\u00e4tlese\"],\"inLanguage\":\"de\"},{\"@type\":\"WebPage\",\"@id\":\"https:\\\/\\\/www.meenzer-on-tour.de\\\/blog\\\/spaetlese-sg-99-andernach-ii-saison-2023-2024\\\/\",\"url\":\"https:\\\/\\\/www.meenzer-on-tour.de\\\/blog\\\/spaetlese-sg-99-andernach-ii-saison-2023-2024\\\/\",\"name\":\"Sp\u00e4tlese SG 99 Andernach II Saison 2023\\\/2024 - Meenzer on Tour Blog\",\"isPartOf\":{\"@id\":\"https:\\\/\\\/www.meenzer-on-tour.de\\\/blog\\\/#website\"},\"primaryImageOfPage\":{\"@id\":\"https:\\\/\\\/www.meenzer-on-tour.de\\\/blog\\\/spaetlese-sg-99-andernach-ii-saison-2023-2024\\\/#primaryimage\"},\"image\":{\"@id\":\"https:\\\/\\\/www.meenzer-on-tour.de\\\/blog\\\/spaetlese-sg-99-andernach-ii-saison-2023-2024\\\/#primaryimage\"},\"thumbnailUrl\":\"https:\\\/\\\/www.meenzer-on-tour.de\\\/blog\\\/wp-content\\\/uploads\\\/2024\\\/03\\\/DDQV16611-1024x768.jpeg\",\"datePublished\":\"2024-03-23T12:41:24+00:00\",\"dateModified\":\"2024-04-05T18:55:56+00:00\",\"description\":\"Die Ausw\u00e4rtsfahrt zum Spiel der 1. FSV Mainz 05 Frauen bei der SG 99 Andernach II in der Nachbetrachtung aus Fansicht.\",\"breadcrumb\":{\"@id\":\"https:\\\/\\\/www.meenzer-on-tour.de\\\/blog\\\/spaetlese-sg-99-andernach-ii-saison-2023-2024\\\/#breadcrumb\"},\"inLanguage\":\"de\",\"potentialAction\":[{\"@type\":\"ReadAction\",\"target\":[\"https:\\\/\\\/www.meenzer-on-tour.de\\\/blog\\\/spaetlese-sg-99-andernach-ii-saison-2023-2024\\\/\"]}]},{\"@type\":\"ImageObject\",\"inLanguage\":\"de\",\"@id\":\"https:\\\/\\\/www.meenzer-on-tour.de\\\/blog\\\/spaetlese-sg-99-andernach-ii-saison-2023-2024\\\/#primaryimage\",\"url\":\"https:\\\/\\\/www.meenzer-on-tour.de\\\/blog\\\/wp-content\\\/uploads\\\/2024\\\/03\\\/DDQV16611-scaled.jpeg\",\"contentUrl\":\"https:\\\/\\\/www.meenzer-on-tour.de\\\/blog\\\/wp-content\\\/uploads\\\/2024\\\/03\\\/DDQV16611-scaled.jpeg\",\"width\":2560,\"height\":1920},{\"@type\":\"BreadcrumbList\",\"@id\":\"https:\\\/\\\/www.meenzer-on-tour.de\\\/blog\\\/spaetlese-sg-99-andernach-ii-saison-2023-2024\\\/#breadcrumb\",\"itemListElement\":[{\"@type\":\"ListItem\",\"position\":1,\"name\":\"Startseite\",\"item\":\"https:\\\/\\\/www.meenzer-on-tour.de\\\/blog\\\/\"},{\"@type\":\"ListItem\",\"position\":2,\"name\":\"Sp\u00e4tlese SG 99 Andernach II Saison 2023\\\/2024\"}]},{\"@type\":\"WebSite\",\"@id\":\"https:\\\/\\\/www.meenzer-on-tour.de\\\/blog\\\/#website\",\"url\":\"https:\\\/\\\/www.meenzer-on-tour.de\\\/blog\\\/\",\"name\":\"Meenzer on Tour Blog\",\"description\":\"Reisen - Fankultur - B&uuml;cher - Mainz\",\"publisher\":{\"@id\":\"https:\\\/\\\/www.meenzer-on-tour.de\\\/blog\\\/#\\\/schema\\\/person\\\/e8a97e9efa1062d69a2cbb01f96b919f\"},\"potentialAction\":[{\"@type\":\"SearchAction\",\"target\":{\"@type\":\"EntryPoint\",\"urlTemplate\":\"https:\\\/\\\/www.meenzer-on-tour.de\\\/blog\\\/?s={search_term_string}\"},\"query-input\":{\"@type\":\"PropertyValueSpecification\",\"valueRequired\":true,\"valueName\":\"search_term_string\"}}],\"inLanguage\":\"de\"},{\"@type\":[\"Person\",\"Organization\"],\"@id\":\"https:\\\/\\\/www.meenzer-on-tour.de\\\/blog\\\/#\\\/schema\\\/person\\\/e8a97e9efa1062d69a2cbb01f96b919f\",\"name\":\"Christoph\",\"image\":{\"@type\":\"ImageObject\",\"inLanguage\":\"de\",\"@id\":\"https:\\\/\\\/www.meenzer-on-tour.de\\\/blog\\\/wp-content\\\/uploads\\\/2021\\\/08\\\/A107190A-FC35-48EA-8B44-CF4EB9117345.jpeg\",\"url\":\"https:\\\/\\\/www.meenzer-on-tour.de\\\/blog\\\/wp-content\\\/uploads\\\/2021\\\/08\\\/A107190A-FC35-48EA-8B44-CF4EB9117345.jpeg\",\"contentUrl\":\"https:\\\/\\\/www.meenzer-on-tour.de\\\/blog\\\/wp-content\\\/uploads\\\/2021\\\/08\\\/A107190A-FC35-48EA-8B44-CF4EB9117345.jpeg\",\"width\":2000,\"height\":1200,\"caption\":\"Christoph\"},\"logo\":{\"@id\":\"https:\\\/\\\/www.meenzer-on-tour.de\\\/blog\\\/wp-content\\\/uploads\\\/2021\\\/08\\\/A107190A-FC35-48EA-8B44-CF4EB9117345.jpeg\"},\"url\":\"https:\\\/\\\/www.meenzer-on-tour.de\\\/blog\\\/author\\\/admin\\\/\"}]}<\/script>\n<!-- \/ Yoast SEO plugin. -->","yoast_head_json":{"title":"Sp\u00e4tlese SG 99 Andernach II Saison 2023\/2024 - Meenzer on Tour Blog","description":"Die Ausw\u00e4rtsfahrt zum Spiel der 1. FSV Mainz 05 Frauen bei der SG 99 Andernach II in der Nachbetrachtung aus Fansicht.","robots":{"index":"index","follow":"follow","max-snippet":"max-snippet:-1","max-image-preview":"max-image-preview:large","max-video-preview":"max-video-preview:-1"},"canonical":"https:\/\/www.meenzer-on-tour.de\/blog\/spaetlese-sg-99-andernach-ii-saison-2023-2024\/","og_locale":"de_DE","og_type":"article","og_title":"Sp\u00e4tlese SG 99 Andernach II Saison 2023\/2024 - Meenzer on Tour Blog","og_description":"Die Ausw\u00e4rtsfahrt zum Spiel der 1. FSV Mainz 05 Frauen bei der SG 99 Andernach II in der Nachbetrachtung aus Fansicht.","og_url":"https:\/\/www.meenzer-on-tour.de\/blog\/spaetlese-sg-99-andernach-ii-saison-2023-2024\/","og_site_name":"Meenzer on Tour Blog","article_published_time":"2024-03-23T12:41:24+00:00","article_modified_time":"2024-04-05T18:55:56+00:00","og_image":[{"url":"https:\/\/www.meenzer-on-tour.de\/blog\/wp-content\/uploads\/2024\/03\/DDQV16611-1024x768.jpeg","type":"","width":"","height":""}],"author":"Christoph","twitter_card":"summary_large_image","twitter_misc":{"Verfasst von":"Christoph","Gesch\u00e4tzte Lesezeit":"9\u00a0Minuten"},"schema":{"@context":"https:\/\/schema.org","@graph":[{"@type":"Article","@id":"https:\/\/www.meenzer-on-tour.de\/blog\/spaetlese-sg-99-andernach-ii-saison-2023-2024\/#article","isPartOf":{"@id":"https:\/\/www.meenzer-on-tour.de\/blog\/spaetlese-sg-99-andernach-ii-saison-2023-2024\/"},"author":{"name":"Christoph","@id":"https:\/\/www.meenzer-on-tour.de\/blog\/#\/schema\/person\/e8a97e9efa1062d69a2cbb01f96b919f"},"headline":"Sp\u00e4tlese SG 99 Andernach II Saison 2023\/2024","datePublished":"2024-03-23T12:41:24+00:00","dateModified":"2024-04-05T18:55:56+00:00","mainEntityOfPage":{"@id":"https:\/\/www.meenzer-on-tour.de\/blog\/spaetlese-sg-99-andernach-ii-saison-2023-2024\/"},"wordCount":1444,"publisher":{"@id":"https:\/\/www.meenzer-on-tour.de\/blog\/#\/schema\/person\/e8a97e9efa1062d69a2cbb01f96b919f"},"image":{"@id":"https:\/\/www.meenzer-on-tour.de\/blog\/spaetlese-sg-99-andernach-ii-saison-2023-2024\/#primaryimage"},"thumbnailUrl":"https:\/\/www.meenzer-on-tour.de\/blog\/wp-content\/uploads\/2024\/03\/DDQV16611-1024x768.jpeg","keywords":["Frauenfu\u00dfball","Fu\u00dfballblog","Fu\u00dfballblogger","Mainz 05","Mainz 05 Frauen","SG 99 Andernach"],"articleSection":["Fu\u00dfball","Sp\u00e4tlese"],"inLanguage":"de"},{"@type":"WebPage","@id":"https:\/\/www.meenzer-on-tour.de\/blog\/spaetlese-sg-99-andernach-ii-saison-2023-2024\/","url":"https:\/\/www.meenzer-on-tour.de\/blog\/spaetlese-sg-99-andernach-ii-saison-2023-2024\/","name":"Sp\u00e4tlese SG 99 Andernach II Saison 2023\/2024 - Meenzer on Tour Blog","isPartOf":{"@id":"https:\/\/www.meenzer-on-tour.de\/blog\/#website"},"primaryImageOfPage":{"@id":"https:\/\/www.meenzer-on-tour.de\/blog\/spaetlese-sg-99-andernach-ii-saison-2023-2024\/#primaryimage"},"image":{"@id":"https:\/\/www.meenzer-on-tour.de\/blog\/spaetlese-sg-99-andernach-ii-saison-2023-2024\/#primaryimage"},"thumbnailUrl":"https:\/\/www.meenzer-on-tour.de\/blog\/wp-content\/uploads\/2024\/03\/DDQV16611-1024x768.jpeg","datePublished":"2024-03-23T12:41:24+00:00","dateModified":"2024-04-05T18:55:56+00:00","description":"Die Ausw\u00e4rtsfahrt zum Spiel der 1. FSV Mainz 05 Frauen bei der SG 99 Andernach II in der Nachbetrachtung aus Fansicht.","breadcrumb":{"@id":"https:\/\/www.meenzer-on-tour.de\/blog\/spaetlese-sg-99-andernach-ii-saison-2023-2024\/#breadcrumb"},"inLanguage":"de","potentialAction":[{"@type":"ReadAction","target":["https:\/\/www.meenzer-on-tour.de\/blog\/spaetlese-sg-99-andernach-ii-saison-2023-2024\/"]}]},{"@type":"ImageObject","inLanguage":"de","@id":"https:\/\/www.meenzer-on-tour.de\/blog\/spaetlese-sg-99-andernach-ii-saison-2023-2024\/#primaryimage","url":"https:\/\/www.meenzer-on-tour.de\/blog\/wp-content\/uploads\/2024\/03\/DDQV16611-scaled.jpeg","contentUrl":"https:\/\/www.meenzer-on-tour.de\/blog\/wp-content\/uploads\/2024\/03\/DDQV16611-scaled.jpeg","width":2560,"height":1920},{"@type":"BreadcrumbList","@id":"https:\/\/www.meenzer-on-tour.de\/blog\/spaetlese-sg-99-andernach-ii-saison-2023-2024\/#breadcrumb","itemListElement":[{"@type":"ListItem","position":1,"name":"Startseite","item":"https:\/\/www.meenzer-on-tour.de\/blog\/"},{"@type":"ListItem","position":2,"name":"Sp\u00e4tlese SG 99 Andernach II Saison 2023\/2024"}]},{"@type":"WebSite","@id":"https:\/\/www.meenzer-on-tour.de\/blog\/#website","url":"https:\/\/www.meenzer-on-tour.de\/blog\/","name":"Meenzer on Tour Blog","description":"Reisen - Fankultur - B&uuml;cher - Mainz","publisher":{"@id":"https:\/\/www.meenzer-on-tour.de\/blog\/#\/schema\/person\/e8a97e9efa1062d69a2cbb01f96b919f"},"potentialAction":[{"@type":"SearchAction","target":{"@type":"EntryPoint","urlTemplate":"https:\/\/www.meenzer-on-tour.de\/blog\/?s={search_term_string}"},"query-input":{"@type":"PropertyValueSpecification","valueRequired":true,"valueName":"search_term_string"}}],"inLanguage":"de"},{"@type":["Person","Organization"],"@id":"https:\/\/www.meenzer-on-tour.de\/blog\/#\/schema\/person\/e8a97e9efa1062d69a2cbb01f96b919f","name":"Christoph","image":{"@type":"ImageObject","inLanguage":"de","@id":"https:\/\/www.meenzer-on-tour.de\/blog\/wp-content\/uploads\/2021\/08\/A107190A-FC35-48EA-8B44-CF4EB9117345.jpeg","url":"https:\/\/www.meenzer-on-tour.de\/blog\/wp-content\/uploads\/2021\/08\/A107190A-FC35-48EA-8B44-CF4EB9117345.jpeg","contentUrl":"https:\/\/www.meenzer-on-tour.de\/blog\/wp-content\/uploads\/2021\/08\/A107190A-FC35-48EA-8B44-CF4EB9117345.jpeg","width":2000,"height":1200,"caption":"Christoph"},"logo":{"@id":"https:\/\/www.meenzer-on-tour.de\/blog\/wp-content\/uploads\/2021\/08\/A107190A-FC35-48EA-8B44-CF4EB9117345.jpeg"},"url":"https:\/\/www.meenzer-on-tour.de\/blog\/author\/admin\/"}]}},"_links":{"self":[{"href":"https:\/\/www.meenzer-on-tour.de\/blog\/wp-json\/wp\/v2\/posts\/2893","targetHints":{"allow":["GET"]}}],"collection":[{"href":"https:\/\/www.meenzer-on-tour.de\/blog\/wp-json\/wp\/v2\/posts"}],"about":[{"href":"https:\/\/www.meenzer-on-tour.de\/blog\/wp-json\/wp\/v2\/types\/post"}],"author":[{"embeddable":true,"href":"https:\/\/www.meenzer-on-tour.de\/blog\/wp-json\/wp\/v2\/users\/1"}],"replies":[{"embeddable":true,"href":"https:\/\/www.meenzer-on-tour.de\/blog\/wp-json\/wp\/v2\/comments?post=2893"}],"version-history":[{"count":15,"href":"https:\/\/www.meenzer-on-tour.de\/blog\/wp-json\/wp\/v2\/posts\/2893\/revisions"}],"predecessor-version":[{"id":2927,"href":"https:\/\/www.meenzer-on-tour.de\/blog\/wp-json\/wp\/v2\/posts\/2893\/revisions\/2927"}],"wp:attachment":[{"href":"https:\/\/www.meenzer-on-tour.de\/blog\/wp-json\/wp\/v2\/media?parent=2893"}],"wp:term":[{"taxonomy":"category","embeddable":true,"href":"https:\/\/www.meenzer-on-tour.de\/blog\/wp-json\/wp\/v2\/categories?post=2893"},{"taxonomy":"post_tag","embeddable":true,"href":"https:\/\/www.meenzer-on-tour.de\/blog\/wp-json\/wp\/v2\/tags?post=2893"}],"curies":[{"name":"wp","href":"https:\/\/api.w.org\/{rel}","templated":true}]}}