{"id":235,"date":"2002-02-22T15:55:40","date_gmt":"2002-02-22T15:55:40","guid":{"rendered":"http:\/\/www.meenzer-on-tour.de\/blog\/?p=235"},"modified":"2019-04-10T15:56:03","modified_gmt":"2019-04-10T15:56:03","slug":"madeira-2002","status":"publish","type":"post","link":"https:\/\/www.meenzer-on-tour.de\/blog\/madeira-2002\/","title":{"rendered":"Madeira 2002"},"content":{"rendered":"\n<p>Nein, nein ich bin nicht an der Meenzer Fassenacht in eine Flasche Madeira geplumpst, und gebe erst jetzt wieder ein Lebenszeichen von mir. Da aber diese f\u00fcnf Tage in meiner geliebten Heimat doch \u00e4u\u00dferst anstrengend waren, und zudem mein Studium &nbsp;nun hoffentlich der Vergangenheit angeh\u00f6rt, musste es jetzt endlich wieder rausgehen, aus dem allseits geliebten deutschen Nebelregensturmwetter, auf eine kleine Insel im Atlantik, die dem ber\u00fchmten Wein seinen Namen gab. &nbsp;<\/p>\n\n\n\n<p>Da das n\u00e4rrische Treiben nat\u00fcrlich auch meine grauen Zellen arg in Mitleidenschaft gezogen hat, war ich nat\u00fcrlich dankbar, an diesem Fleckchen Erde, rund 700 km s\u00fcdwestlich von Portugal gelegen, mit unserer neuen W\u00e4hrung zahlen zu d\u00fcrfen, und damit jegliche Umrechnungsanstrengungen meinen Denkapparat zu ersparen. Die portugiesischen Eurom\u00fcnzen haben \u00fcbrigens alle das selbe Motiv aus nicht n\u00e4her identifizierbaren Zeichen. &nbsp;<\/p>\n\n\n\n<p>Beim Anflug auf diese, aus einem Unterwasservulkan entstandenen Insel, wird sofort klar, dass Ebenen hier ein Fremdwort sind. Dementsprechend ist der Flughafen auf Stelzen ins Meer gebaut worden, und die Bergh\u00e4nge sind mit Scheinwerfen und Blitzlichtern ausgestattet: Ein kleines Abweichen von der unmittelbar vor der Landung zu fliegenden Kurve h\u00e4tte fatale Folgen. Da die Startbahn etwa halb so kurz ist, wie die in Frankfurt muss sofort nach &#8222;Touch Down&#8220; die Sch\u00fcssel eine Vollbremsung hinlegen, um nicht auf direkten Wege in die Brandung oder auf den schwarzen Lava-Strand zu rutschen. Das Anlegen von Sicherheitsgurten ist bei dieser Art von Landung ein \u00e4u\u00dferst n\u00fctzlicher Ratschlag. &nbsp;<\/p>\n\n\n\n<p>Die Hauptstadt Funchal (von portugiesisch Wort f\u00fcr Fenchel) erinnert wegen der fehlenden Ebenen stark an ein riesiges Amphitheater, das von der Meeresh\u00f6he bis auf ca. 1.200 m empor ragt. Die anderen D\u00f6rfer der Insel sind wie mit Pattex irgendwie in die steilen H\u00e4ngen geklebt. Jedes Dorf ist durch eine Stra\u00dfe mit der Au\u00dfenwelt verbunden. Dadurch erinnern die Stra\u00dfen, die sich kreuz und quer durch die H\u00e4nge mit Haarnadelkurven und nicht enden wollenden Serpentinen an Buchten und Schluchten entlang schl\u00e4ngeln, an einen Haufen Spaghetti. &nbsp;<\/p>\n\n\n\n<p>Die h\u00f6chsten Berge dieser sogenannten Blumeninsel erreichen rund 1.800 m, aber die Gipfel liegen praktisch die ganze Zeit unter einer dichten Wolkendecke. Trotz der relativ s\u00fcdlichen Lage (selber Breitengrad wie \u00c4gypten oder Marokko), wird es hier nie w\u00e4rmer als 25\u00b0C, und mit Regen haupts\u00e4chlich auf der Nordwestseite ist st\u00e4ndig zu rechnen.<\/p>\n\n\n\n<p>Dadurch sticht die Farbe gr\u00fcn \u00fcberall hervor: Oben in den Bergen existiert ein Nebelwald, in dem die B\u00e4ume mit Flechten \u00fcberzogen sind. Weiter unten bl\u00fchen das ganze Jahr \u00fcber Blumen auf Wiesen, die man hier nur als Einzelexemplare f\u00fcr ein paar Euro beim Floristen bekommt (Callas, Strelizien, Orchideen etc.). Aber auch Fr\u00fcchte, die selbst ich noch nie vorher gesehen habe (Englische Tomate, Chirimoya etc.), gedeihen &nbsp;das ganze Jahr. Allerdings muss man als Landwirt auf Madeira doch relativ schwindelfrei sein. Die \u00c4cker sind zwar alle in Terrassenform angelegt, doch meist im Steigungswinkel von mindestens 45\u00b0! Seil und Gurt w\u00e4ren sicherlich beim Bestellen mancher \u00c4cker echt angebracht.<\/p>\n\n\n\n<p>Obwohl die Insel nur 57 km lang ist, herrscht in den verschiedenen Teilen jeweils ein anderes Mikroklima. Im Nordwesten regnet es t\u00e4glich, w\u00e4hrend hinter den Bergen im S\u00fcden es oft trocken ist. Da die Hauptorte mit den Feldern im S\u00fcden liegen, bauten die Bewohner Madeiras vor hunderten von Jahren sog. Levadas. Das sind Bew\u00e4sserungskan\u00e4le, die um die ganze Insel herum angelegt wurden, um das Wasser aus dem Quellen- und Wasserfallreichen Nordwesten, in den trockenen S\u00fcdosten zu leiten. Noch heute werden die Levadas von sog. Levadores von Gestr\u00fcpp gereinigt und repariert. Dazu wurde neben der eigentlichen Levada ein kleiner Trampelpfad angelegt, der f\u00fcr den Traveller aus Deutschland nat\u00fcrlich als perfekter Wanderweg umfunktioniert wird. An den Levadas l\u00e4sst sich wunderbar und ohne gro\u00dfe M\u00fche stundenlang auf gleicher H\u00f6he um die Insel herumwandern, Schwindelfreiheit vorausgesetzt.<\/p>\n\n\n\n<p>Oft kommt man hier zu Fu\u00df eh schneller voran als mit \u00f6ffentlichen Verkehrsmitteln. Denn die Busse keuchen bergauf bergab von Dorf zu Dorf und erreichen H\u00f6chstgeschwindigkeiten von 30km\/h. Dazu existieren alle 200 m Haltestellen und zwischendrin wird man nat\u00fcrlich auch aufgegabelt. F\u00fcr die 60 km Fahrt in den \u00e4u\u00dfersten Westen der Insel brauchte das alte Unget\u00fcm dreieinhalb Stunden &#8211; von Frankfurt nach Lissabon brauchte die gute Lufthansa 2 Stunden und 40 Minuten. Aber das Bus fahren hat den Vorteil, dass man mal kurz Aussteigen kann, um ein Schw\u00e4tzchen zu halten: Viele der D\u00f6rfer sind nur durch Stichstra\u00dfen zu erreichen. Dadurch zuckelt der Bus erstmal durch das ganze Kaff nach oben (oder unten), um dann am Stra\u00dfen-Ende Wenden in 30 Z\u00fcgen zu \u00fcben, ehe es dann in umgekehrter Richtung wieder zur\u00fcck zur Hauptstra\u00dfe geht. Die geschw\u00e4tzigen Passagiere steigen einfach an der Hauptstra\u00dfe vorher aus, halten ihren Plausch und nachdem die Neuigkeiten ausgetauscht wurden, steigen sie wieder in den Bus ein, um im n\u00e4chsten Dorf diesen Vorgang zu wiederholen. &nbsp;<\/p>\n\n\n\n<p>Leider hei\u00dft es nun auch f\u00fcr mich: Adeus Madeira &#8211; Willkommen Mainz und der Alltag hat mich bald wieder. Doch die n\u00e4chste Reise steht hoffentlich schon bald wieder vor der T\u00fcr!<\/p>\n","protected":false},"excerpt":{"rendered":"<p>Nein, nein ich bin nicht an der Meenzer Fassenacht in eine Flasche Madeira geplumpst, und gebe erst jetzt wieder ein Lebenszeichen von mir. Da aber diese f\u00fcnf Tage in meiner geliebten Heimat doch \u00e4u\u00dferst anstrengend waren, und zudem mein Studium &nbsp;nun hoffentlich der Vergangenheit angeh\u00f6rt, musste es jetzt endlich wieder rausgehen, aus dem allseits geliebten &hellip; <\/p>\n<p class=\"link-more\"><a href=\"https:\/\/www.meenzer-on-tour.de\/blog\/madeira-2002\/\" class=\"more-link\"><span class=\"screen-reader-text\">\u201eMadeira 2002\u201c <\/span>weiterlesen<\/a><\/p>\n","protected":false},"author":1,"featured_media":0,"comment_status":"open","ping_status":"open","sticky":false,"template":"","format":"standard","meta":{"footnotes":""},"categories":[168],"tags":[169,174,167,90,89],"class_list":["post-235","post","type-post","status-publish","format-standard","hentry","category-europa","tag-europa","tag-madeira","tag-portugal","tag-reiseberichte","tag-reisen"],"yoast_head":"<!-- This site is optimized with the Yoast SEO plugin v27.5 - https:\/\/yoast.com\/product\/yoast-seo-wordpress\/ -->\n<title>Madeira 2002 - Meenzer on Tour Blog<\/title>\n<meta name=\"robots\" content=\"index, follow, max-snippet:-1, max-image-preview:large, max-video-preview:-1\" \/>\n<link rel=\"canonical\" href=\"https:\/\/www.meenzer-on-tour.de\/blog\/madeira-2002\/\" \/>\n<meta property=\"og:locale\" content=\"de_DE\" \/>\n<meta property=\"og:type\" content=\"article\" \/>\n<meta property=\"og:title\" content=\"Madeira 2002 - Meenzer on Tour Blog\" \/>\n<meta property=\"og:description\" content=\"Nein, nein ich bin nicht an der Meenzer Fassenacht in eine Flasche Madeira geplumpst, und gebe erst jetzt wieder ein Lebenszeichen von mir. Da aber diese f\u00fcnf Tage in meiner geliebten Heimat doch \u00e4u\u00dferst anstrengend waren, und zudem mein Studium &nbsp;nun hoffentlich der Vergangenheit angeh\u00f6rt, musste es jetzt endlich wieder rausgehen, aus dem allseits geliebten &hellip; \u201eMadeira 2002\u201c weiterlesen\" \/>\n<meta property=\"og:url\" content=\"https:\/\/www.meenzer-on-tour.de\/blog\/madeira-2002\/\" \/>\n<meta property=\"og:site_name\" content=\"Meenzer on Tour Blog\" \/>\n<meta property=\"article:published_time\" content=\"2002-02-22T15:55:40+00:00\" \/>\n<meta property=\"article:modified_time\" content=\"2019-04-10T15:56:03+00:00\" \/>\n<meta property=\"og:image\" content=\"https:\/\/www.meenzer-on-tour.de\/blog\/wp-content\/uploads\/2021\/08\/A107190A-FC35-48EA-8B44-CF4EB9117345.jpeg\" \/>\n\t<meta property=\"og:image:width\" content=\"2000\" \/>\n\t<meta property=\"og:image:height\" content=\"1200\" \/>\n\t<meta property=\"og:image:type\" content=\"image\/jpeg\" \/>\n<meta name=\"author\" content=\"Christoph\" \/>\n<meta name=\"twitter:card\" content=\"summary_large_image\" \/>\n<meta name=\"twitter:label1\" content=\"Verfasst von\" \/>\n\t<meta name=\"twitter:data1\" content=\"Christoph\" \/>\n\t<meta name=\"twitter:label2\" content=\"Gesch\u00e4tzte Lesezeit\" \/>\n\t<meta name=\"twitter:data2\" content=\"4\u00a0Minuten\" \/>\n<script type=\"application\/ld+json\" class=\"yoast-schema-graph\">{\"@context\":\"https:\\\/\\\/schema.org\",\"@graph\":[{\"@type\":\"Article\",\"@id\":\"https:\\\/\\\/www.meenzer-on-tour.de\\\/blog\\\/madeira-2002\\\/#article\",\"isPartOf\":{\"@id\":\"https:\\\/\\\/www.meenzer-on-tour.de\\\/blog\\\/madeira-2002\\\/\"},\"author\":{\"name\":\"Christoph\",\"@id\":\"https:\\\/\\\/www.meenzer-on-tour.de\\\/blog\\\/#\\\/schema\\\/person\\\/e8a97e9efa1062d69a2cbb01f96b919f\"},\"headline\":\"Madeira 2002\",\"datePublished\":\"2002-02-22T15:55:40+00:00\",\"dateModified\":\"2019-04-10T15:56:03+00:00\",\"mainEntityOfPage\":{\"@id\":\"https:\\\/\\\/www.meenzer-on-tour.de\\\/blog\\\/madeira-2002\\\/\"},\"wordCount\":869,\"commentCount\":0,\"publisher\":{\"@id\":\"https:\\\/\\\/www.meenzer-on-tour.de\\\/blog\\\/#\\\/schema\\\/person\\\/e8a97e9efa1062d69a2cbb01f96b919f\"},\"keywords\":[\"Europa\",\"Madeira\",\"Portugal\",\"Reiseberichte\",\"Reisen\"],\"articleSection\":[\"Europa\"],\"inLanguage\":\"de\",\"potentialAction\":[{\"@type\":\"CommentAction\",\"name\":\"Comment\",\"target\":[\"https:\\\/\\\/www.meenzer-on-tour.de\\\/blog\\\/madeira-2002\\\/#respond\"]}]},{\"@type\":\"WebPage\",\"@id\":\"https:\\\/\\\/www.meenzer-on-tour.de\\\/blog\\\/madeira-2002\\\/\",\"url\":\"https:\\\/\\\/www.meenzer-on-tour.de\\\/blog\\\/madeira-2002\\\/\",\"name\":\"Madeira 2002 - Meenzer on Tour Blog\",\"isPartOf\":{\"@id\":\"https:\\\/\\\/www.meenzer-on-tour.de\\\/blog\\\/#website\"},\"datePublished\":\"2002-02-22T15:55:40+00:00\",\"dateModified\":\"2019-04-10T15:56:03+00:00\",\"breadcrumb\":{\"@id\":\"https:\\\/\\\/www.meenzer-on-tour.de\\\/blog\\\/madeira-2002\\\/#breadcrumb\"},\"inLanguage\":\"de\",\"potentialAction\":[{\"@type\":\"ReadAction\",\"target\":[\"https:\\\/\\\/www.meenzer-on-tour.de\\\/blog\\\/madeira-2002\\\/\"]}]},{\"@type\":\"BreadcrumbList\",\"@id\":\"https:\\\/\\\/www.meenzer-on-tour.de\\\/blog\\\/madeira-2002\\\/#breadcrumb\",\"itemListElement\":[{\"@type\":\"ListItem\",\"position\":1,\"name\":\"Startseite\",\"item\":\"https:\\\/\\\/www.meenzer-on-tour.de\\\/blog\\\/\"},{\"@type\":\"ListItem\",\"position\":2,\"name\":\"Madeira 2002\"}]},{\"@type\":\"WebSite\",\"@id\":\"https:\\\/\\\/www.meenzer-on-tour.de\\\/blog\\\/#website\",\"url\":\"https:\\\/\\\/www.meenzer-on-tour.de\\\/blog\\\/\",\"name\":\"Meenzer on Tour Blog\",\"description\":\"Reisen - Fankultur - B&uuml;cher - Mainz\",\"publisher\":{\"@id\":\"https:\\\/\\\/www.meenzer-on-tour.de\\\/blog\\\/#\\\/schema\\\/person\\\/e8a97e9efa1062d69a2cbb01f96b919f\"},\"potentialAction\":[{\"@type\":\"SearchAction\",\"target\":{\"@type\":\"EntryPoint\",\"urlTemplate\":\"https:\\\/\\\/www.meenzer-on-tour.de\\\/blog\\\/?s={search_term_string}\"},\"query-input\":{\"@type\":\"PropertyValueSpecification\",\"valueRequired\":true,\"valueName\":\"search_term_string\"}}],\"inLanguage\":\"de\"},{\"@type\":[\"Person\",\"Organization\"],\"@id\":\"https:\\\/\\\/www.meenzer-on-tour.de\\\/blog\\\/#\\\/schema\\\/person\\\/e8a97e9efa1062d69a2cbb01f96b919f\",\"name\":\"Christoph\",\"image\":{\"@type\":\"ImageObject\",\"inLanguage\":\"de\",\"@id\":\"https:\\\/\\\/www.meenzer-on-tour.de\\\/blog\\\/wp-content\\\/uploads\\\/2021\\\/08\\\/A107190A-FC35-48EA-8B44-CF4EB9117345.jpeg\",\"url\":\"https:\\\/\\\/www.meenzer-on-tour.de\\\/blog\\\/wp-content\\\/uploads\\\/2021\\\/08\\\/A107190A-FC35-48EA-8B44-CF4EB9117345.jpeg\",\"contentUrl\":\"https:\\\/\\\/www.meenzer-on-tour.de\\\/blog\\\/wp-content\\\/uploads\\\/2021\\\/08\\\/A107190A-FC35-48EA-8B44-CF4EB9117345.jpeg\",\"width\":2000,\"height\":1200,\"caption\":\"Christoph\"},\"logo\":{\"@id\":\"https:\\\/\\\/www.meenzer-on-tour.de\\\/blog\\\/wp-content\\\/uploads\\\/2021\\\/08\\\/A107190A-FC35-48EA-8B44-CF4EB9117345.jpeg\"},\"url\":\"https:\\\/\\\/www.meenzer-on-tour.de\\\/blog\\\/author\\\/admin\\\/\"}]}<\/script>\n<!-- \/ Yoast SEO plugin. -->","yoast_head_json":{"title":"Madeira 2002 - Meenzer on Tour Blog","robots":{"index":"index","follow":"follow","max-snippet":"max-snippet:-1","max-image-preview":"max-image-preview:large","max-video-preview":"max-video-preview:-1"},"canonical":"https:\/\/www.meenzer-on-tour.de\/blog\/madeira-2002\/","og_locale":"de_DE","og_type":"article","og_title":"Madeira 2002 - Meenzer on Tour Blog","og_description":"Nein, nein ich bin nicht an der Meenzer Fassenacht in eine Flasche Madeira geplumpst, und gebe erst jetzt wieder ein Lebenszeichen von mir. Da aber diese f\u00fcnf Tage in meiner geliebten Heimat doch \u00e4u\u00dferst anstrengend waren, und zudem mein Studium &nbsp;nun hoffentlich der Vergangenheit angeh\u00f6rt, musste es jetzt endlich wieder rausgehen, aus dem allseits geliebten &hellip; \u201eMadeira 2002\u201c weiterlesen","og_url":"https:\/\/www.meenzer-on-tour.de\/blog\/madeira-2002\/","og_site_name":"Meenzer on Tour Blog","article_published_time":"2002-02-22T15:55:40+00:00","article_modified_time":"2019-04-10T15:56:03+00:00","og_image":[{"width":2000,"height":1200,"url":"https:\/\/www.meenzer-on-tour.de\/blog\/wp-content\/uploads\/2021\/08\/A107190A-FC35-48EA-8B44-CF4EB9117345.jpeg","type":"image\/jpeg"}],"author":"Christoph","twitter_card":"summary_large_image","twitter_misc":{"Verfasst von":"Christoph","Gesch\u00e4tzte Lesezeit":"4\u00a0Minuten"},"schema":{"@context":"https:\/\/schema.org","@graph":[{"@type":"Article","@id":"https:\/\/www.meenzer-on-tour.de\/blog\/madeira-2002\/#article","isPartOf":{"@id":"https:\/\/www.meenzer-on-tour.de\/blog\/madeira-2002\/"},"author":{"name":"Christoph","@id":"https:\/\/www.meenzer-on-tour.de\/blog\/#\/schema\/person\/e8a97e9efa1062d69a2cbb01f96b919f"},"headline":"Madeira 2002","datePublished":"2002-02-22T15:55:40+00:00","dateModified":"2019-04-10T15:56:03+00:00","mainEntityOfPage":{"@id":"https:\/\/www.meenzer-on-tour.de\/blog\/madeira-2002\/"},"wordCount":869,"commentCount":0,"publisher":{"@id":"https:\/\/www.meenzer-on-tour.de\/blog\/#\/schema\/person\/e8a97e9efa1062d69a2cbb01f96b919f"},"keywords":["Europa","Madeira","Portugal","Reiseberichte","Reisen"],"articleSection":["Europa"],"inLanguage":"de","potentialAction":[{"@type":"CommentAction","name":"Comment","target":["https:\/\/www.meenzer-on-tour.de\/blog\/madeira-2002\/#respond"]}]},{"@type":"WebPage","@id":"https:\/\/www.meenzer-on-tour.de\/blog\/madeira-2002\/","url":"https:\/\/www.meenzer-on-tour.de\/blog\/madeira-2002\/","name":"Madeira 2002 - Meenzer on Tour Blog","isPartOf":{"@id":"https:\/\/www.meenzer-on-tour.de\/blog\/#website"},"datePublished":"2002-02-22T15:55:40+00:00","dateModified":"2019-04-10T15:56:03+00:00","breadcrumb":{"@id":"https:\/\/www.meenzer-on-tour.de\/blog\/madeira-2002\/#breadcrumb"},"inLanguage":"de","potentialAction":[{"@type":"ReadAction","target":["https:\/\/www.meenzer-on-tour.de\/blog\/madeira-2002\/"]}]},{"@type":"BreadcrumbList","@id":"https:\/\/www.meenzer-on-tour.de\/blog\/madeira-2002\/#breadcrumb","itemListElement":[{"@type":"ListItem","position":1,"name":"Startseite","item":"https:\/\/www.meenzer-on-tour.de\/blog\/"},{"@type":"ListItem","position":2,"name":"Madeira 2002"}]},{"@type":"WebSite","@id":"https:\/\/www.meenzer-on-tour.de\/blog\/#website","url":"https:\/\/www.meenzer-on-tour.de\/blog\/","name":"Meenzer on Tour Blog","description":"Reisen - Fankultur - B&uuml;cher - Mainz","publisher":{"@id":"https:\/\/www.meenzer-on-tour.de\/blog\/#\/schema\/person\/e8a97e9efa1062d69a2cbb01f96b919f"},"potentialAction":[{"@type":"SearchAction","target":{"@type":"EntryPoint","urlTemplate":"https:\/\/www.meenzer-on-tour.de\/blog\/?s={search_term_string}"},"query-input":{"@type":"PropertyValueSpecification","valueRequired":true,"valueName":"search_term_string"}}],"inLanguage":"de"},{"@type":["Person","Organization"],"@id":"https:\/\/www.meenzer-on-tour.de\/blog\/#\/schema\/person\/e8a97e9efa1062d69a2cbb01f96b919f","name":"Christoph","image":{"@type":"ImageObject","inLanguage":"de","@id":"https:\/\/www.meenzer-on-tour.de\/blog\/wp-content\/uploads\/2021\/08\/A107190A-FC35-48EA-8B44-CF4EB9117345.jpeg","url":"https:\/\/www.meenzer-on-tour.de\/blog\/wp-content\/uploads\/2021\/08\/A107190A-FC35-48EA-8B44-CF4EB9117345.jpeg","contentUrl":"https:\/\/www.meenzer-on-tour.de\/blog\/wp-content\/uploads\/2021\/08\/A107190A-FC35-48EA-8B44-CF4EB9117345.jpeg","width":2000,"height":1200,"caption":"Christoph"},"logo":{"@id":"https:\/\/www.meenzer-on-tour.de\/blog\/wp-content\/uploads\/2021\/08\/A107190A-FC35-48EA-8B44-CF4EB9117345.jpeg"},"url":"https:\/\/www.meenzer-on-tour.de\/blog\/author\/admin\/"}]}},"_links":{"self":[{"href":"https:\/\/www.meenzer-on-tour.de\/blog\/wp-json\/wp\/v2\/posts\/235","targetHints":{"allow":["GET"]}}],"collection":[{"href":"https:\/\/www.meenzer-on-tour.de\/blog\/wp-json\/wp\/v2\/posts"}],"about":[{"href":"https:\/\/www.meenzer-on-tour.de\/blog\/wp-json\/wp\/v2\/types\/post"}],"author":[{"embeddable":true,"href":"https:\/\/www.meenzer-on-tour.de\/blog\/wp-json\/wp\/v2\/users\/1"}],"replies":[{"embeddable":true,"href":"https:\/\/www.meenzer-on-tour.de\/blog\/wp-json\/wp\/v2\/comments?post=235"}],"version-history":[{"count":1,"href":"https:\/\/www.meenzer-on-tour.de\/blog\/wp-json\/wp\/v2\/posts\/235\/revisions"}],"predecessor-version":[{"id":236,"href":"https:\/\/www.meenzer-on-tour.de\/blog\/wp-json\/wp\/v2\/posts\/235\/revisions\/236"}],"wp:attachment":[{"href":"https:\/\/www.meenzer-on-tour.de\/blog\/wp-json\/wp\/v2\/media?parent=235"}],"wp:term":[{"taxonomy":"category","embeddable":true,"href":"https:\/\/www.meenzer-on-tour.de\/blog\/wp-json\/wp\/v2\/categories?post=235"},{"taxonomy":"post_tag","embeddable":true,"href":"https:\/\/www.meenzer-on-tour.de\/blog\/wp-json\/wp\/v2\/tags?post=235"}],"curies":[{"name":"wp","href":"https:\/\/api.w.org\/{rel}","templated":true}]}}