{"id":22,"date":"2018-05-29T08:45:52","date_gmt":"2018-05-29T08:45:52","guid":{"rendered":"http:\/\/www.meenzer-on-tour.de\/blog\/?p=22"},"modified":"2019-04-07T12:44:44","modified_gmt":"2019-04-07T12:44:44","slug":"ehrenmaenner-und-so","status":"publish","type":"post","link":"https:\/\/www.meenzer-on-tour.de\/blog\/ehrenmaenner-und-so\/","title":{"rendered":"Ehrenm\u00e4nner und so"},"content":{"rendered":"\n<p>Die Sommerpause ist da und mit ihr kommt zeitgleich die Transferperiode, die f\u00fcr Spielerberater das Schlaraffenland, f\u00fcr Manager das Zahlen jonglieren und f\u00fcr uns Fans die Mischung aus Freud und Leid bedeutet \u2013 letzteres gilt zumindest f\u00fcr diejenigen unter uns, die noch an Spielern h\u00e4ngen, sich \u00fcber manchen Transfer freuen und sich \u00fcber andere richtig \u00e4rgern. Dann wird in den sozialen Netzwerken so sicher wie das Amen in der Kirche der Begriff &#8222;Ehrenmann&#8220; ins Kommentarfeld getippt. Der \u201eEhrenmann\u201c-Faktor schlug in dieser Woche ganz krass aus, als Mainz 05 Philipp Mwene verpflichtet hat. Er kam vom 1. FCK abl\u00f6sefrei, da sein Vertrag nicht f\u00fcr die 3. Liga galt. Auch Leon Balogun wechselte in dieser Woche seinen Verein, um seinen Traum, einmal in der Premier League aufzulaufen, zu realisieren. Sein Vertrag lief einfach so aus. Gleichzeitig werden teilweise Vertr\u00e4ge ein Jahr vor Ablauf des Vertrages noch schnell mal, wie bei Julian Baumgartliner, verl\u00e4ngert \u2013 zu verbesserten Konditionen f\u00fcr die Spieler(berater) und ruckzuck ist der Spieler dann sp\u00e4testens am Ende der n\u00e4chsten Saison weg. Ferner gibt es Spieler, die noch ein Jahr Vertrag haben, und bei denen es hei\u00dft, die m\u00fcssten jetzt schnell noch verkauft werden, damit man noch Geld machen kann. Dies wird interessanterweise oft von uns Fans gefordert. Und dann gibt es noch die Ausstiegsklauseln, wie bei Suat Serdar. Umgekehrt gibt es Spieler wie aktuell beim Effzeh und beim Ex-Dino, die ihre Vertr\u00e4ge verl\u00e4ngern \u2013 trotz Abstieg in die zweite Liga. Bei letzteren wird das Wort \u201eEhrenm\u00e4nner\u201c auch genutzt und da sind sich dann eigentlich alle einig, dass dieses Wort zurecht Verwendung findet \u2013 bei Vereinen, die es sich auch mal leisten k\u00f6nnen, Erstligageh\u00e4lter in Liga 2 zu zahlen, (was den ideellen Wert der Verl\u00e4ngerung keinesfalls in Frage sondern nur relativieren soll).<\/p>\n\n\n\n<figure class=\"wp-block-image\"><img decoding=\"async\" src=\"http:\/\/www.christophkessel.de\/images\/P1110743.jpg\" alt=\"Der Wechsel von Baumi nach einer Vertragsverl\u00e4ngerung nach Leverkusen wurde von vielen Fans kritisiert. \"\/><figcaption>Der Wechsel von Baumi nach einer Vertragsverl\u00e4ngerung nach Leverkusen wurde von vielen Fans kritisiert. <\/figcaption><\/figure>\n\n\n\n<p>Was bedeutet \u201eEhrenmann\u201c denn eigentlich? F\u00fcr den Duden sind dies ehrenhafte M\u00e4nner, auf deren Wort man sich verlassen kann. Als Synonyme werden Gentlemen, Herr, Kavalier genannt \u2013 drei Begriffe, die im Fu\u00dfball dann doch eher wenig Verwendung finden, beziehen sie sich doch eher auf das Verh\u00e4ltnis Mann\/Frau. Und von Ehrenfrauen liest man sehr wenig und der Duden gibt das Synonym Hofdame an. Alleine an den Synonymen und dem Verweis des Dudens auf den Gebrauch \u201everaltet\u201c (bei der Ehrenfrau), erkennt man, dass dieser Begriff im kommerziellen Fu\u00dfball vielleicht einfach nicht seinen Platz hat. Um auf Philipp Mwene zur\u00fcckzukommen: Er hat seinen Vertrag erf\u00fcllt, m\u00fcsste also gemeinhin als Ehrenmann gelten. Gilt er bei vielen nicht, weil er von Lautern nach Mainz wechselte. Dabei hat er ja Wort gehalten. Ich bin mir ziemlich sicher, dass in dem Vertrag nicht stand, dass er nach Ende des Vertrages nicht nach Mainz wechseln d\u00fcrfe. Gleiches gilt f\u00fcr Leon, der seinen Vertrag erf\u00fcllt hatte. Und nat\u00fcrlich&nbsp;f\u00fcr Suat, der sich ja auch &#8222;nur&#8220; an den Vertrag gehalten hat. Nat\u00fcrlich erhalten die Vereine bei diesen Transfers keine oder vergleichsweise wenig Kohle. Und wenn dann so richtig Kohle flie\u00dft, dann handeln wir da auch nicht wirklich stringent. Baumis Wechsel zu Leverkusen kam nicht wirklich gut an, Shinjis Wechsel zu Leicester hingegen wurde&nbsp;irgendwie als \u201everst\u00e4ndlich\u201c abgetan und der Wechsel von Jhon zum Effzeh war als Meisterst\u00fcck von Rouven gefeiert worden. Die meisten von uns kennen die Spieler doch gar nicht pers\u00f6nlich. Wir erhalten durch Vereine weichgesp\u00fclte Verlautbarungen und auch Journalisten bekommen nur selten bis gar nicht mehr die M\u00f6glichkeit, die tats\u00e4chlichen Beweggr\u00fcnde f\u00fcr einen Wechsel zu recherchieren.<\/p>\n\n\n\n<figure class=\"wp-block-image\"><img decoding=\"async\" src=\"http:\/\/www.christophkessel.de\/images\/P1110648.jpg\" alt=\"Bei Shinji wurde der Wechsel als &quot;verst\u00e4ndlich&quot; bewertet.\ufeff\"\/><figcaption>Bei Shinji wurde der Wechsel als &#8222;verst\u00e4ndlich&#8220; bewertet.\ufeff<\/figcaption><\/figure>\n\n\n\n<p>Ich pers\u00f6nlich versuche die Transferperiode mittlerweile m\u00f6glichst emotionslos zu verfolgen. Ich freue mich vielmehr \u00fcber die Art des Abschieds von Spielern, mit der ich nicht gerechnet h\u00e4tte, wie j\u00fcngst bei Leon, der teilweise sehr humoresk und wundersch\u00f6n die gemeinsamen drei Jahre zusammengefasst hat und chronologisch einen tollen Bogen gespannt hat vom Ausw\u00e4rtssieg bei den Bayern, \u00fcber die Feier des Klassenerhalts gegen die SGE hin zum ersten Ausw\u00e4rtssieg beim BVB. Und selbst der Wechsel vom Killermiffel 2006 zur launischen Diva vom Main, wird, zumindest bei mir, nach 12 Jahren mittlerweile nur noch mit einem Grummeln im Bauch abgearbeitet. Ich hoffe, dass man in Lautern (und in Mainz) irgendwann mal sagen kann, cool, dass der Philipp mal bei uns gespielt hat \u2013 wie z.B. auch der&nbsp;Loris.<\/p>\n\n\n\n<figure class=\"wp-block-image\"><img decoding=\"async\" src=\"http:\/\/www.christophkessel.de\/images\/P1140169.jpg\" alt=\"Loris hilft Junior wieder auf - bleibt zu hoffen, dass die LFC-Fans Loris wieder aufgebaut haben.\ufeff\"\/><figcaption>Loris hilft Junior wieder auf &#8211; bleibt zu hoffen, dass die LFC-Fans Loris wieder aufgebaut haben.\ufeff<\/figcaption><\/figure>\n\n\n\n<p>Halten wir es doch daher lieber so, wie es die Fans des FC Liverpool gestern in Bezug auf Loris taten: Einen Spieler mit YNWA versuchen wieder aufzubauen. Diejenigen, die teilweise auch durch den Mantel der Satire, einen Menschen, der bereits psychisch am Boden liegt, verbal weiter runter putzen, handeln f\u00fcr mich ehrlos. Die Reaktion der Fans aus Liverpool hingegen war aller Ehren wert! Ehrenfrauen und -m\u00e4nner halt!<br><\/p>\n\n\n\n<p><br><br><br><\/p>\n\n\n\n<p><br><br><\/p>\n","protected":false},"excerpt":{"rendered":"<p>Die Sommerpause ist da und mit ihr kommt zeitgleich die Transferperiode, die f\u00fcr Spielerberater das Schlaraffenland, f\u00fcr Manager das Zahlen jonglieren und f\u00fcr uns Fans die Mischung aus Freud und Leid bedeutet \u2013 letzteres gilt zumindest f\u00fcr diejenigen unter uns, die noch an Spielern h\u00e4ngen, sich \u00fcber manchen Transfer freuen und sich \u00fcber andere richtig &hellip; <\/p>\n<p class=\"link-more\"><a href=\"https:\/\/www.meenzer-on-tour.de\/blog\/ehrenmaenner-und-so\/\" class=\"more-link\"><span class=\"screen-reader-text\">\u201eEhrenm\u00e4nner und so\u201c <\/span>weiterlesen<\/a><\/p>\n","protected":false},"author":1,"featured_media":0,"comment_status":"open","ping_status":"open","sticky":false,"template":"","format":"standard","meta":{"footnotes":""},"categories":[5],"tags":[6,19,11,20,16],"class_list":["post-22","post","type-post","status-publish","format-standard","hentry","category-meinung","tag-fussball","tag-karius","tag-mainz-05","tag-okazaki","tag-sommerpause"],"yoast_head":"<!-- This site is optimized with the Yoast SEO plugin v27.5 - https:\/\/yoast.com\/product\/yoast-seo-wordpress\/ -->\n<title>Ehrenm\u00e4nner und so - Meenzer on Tour Blog<\/title>\n<meta name=\"robots\" content=\"index, follow, max-snippet:-1, max-image-preview:large, max-video-preview:-1\" \/>\n<link rel=\"canonical\" href=\"https:\/\/www.meenzer-on-tour.de\/blog\/ehrenmaenner-und-so\/\" \/>\n<meta property=\"og:locale\" content=\"de_DE\" \/>\n<meta property=\"og:type\" content=\"article\" \/>\n<meta property=\"og:title\" content=\"Ehrenm\u00e4nner und so - Meenzer on Tour Blog\" \/>\n<meta property=\"og:description\" content=\"Die Sommerpause ist da und mit ihr kommt zeitgleich die Transferperiode, die f\u00fcr Spielerberater das Schlaraffenland, f\u00fcr Manager das Zahlen jonglieren und f\u00fcr uns Fans die Mischung aus Freud und Leid bedeutet \u2013 letzteres gilt zumindest f\u00fcr diejenigen unter uns, die noch an Spielern h\u00e4ngen, sich \u00fcber manchen Transfer freuen und sich \u00fcber andere richtig &hellip; \u201eEhrenm\u00e4nner und so\u201c weiterlesen\" \/>\n<meta property=\"og:url\" content=\"https:\/\/www.meenzer-on-tour.de\/blog\/ehrenmaenner-und-so\/\" \/>\n<meta property=\"og:site_name\" content=\"Meenzer on Tour Blog\" \/>\n<meta property=\"article:published_time\" content=\"2018-05-29T08:45:52+00:00\" \/>\n<meta property=\"article:modified_time\" content=\"2019-04-07T12:44:44+00:00\" \/>\n<meta property=\"og:image\" content=\"http:\/\/www.christophkessel.de\/images\/P1110743.jpg\" \/>\n<meta name=\"author\" content=\"Christoph\" \/>\n<meta name=\"twitter:card\" content=\"summary_large_image\" \/>\n<meta name=\"twitter:label1\" content=\"Verfasst von\" \/>\n\t<meta name=\"twitter:data1\" content=\"Christoph\" \/>\n\t<meta name=\"twitter:label2\" content=\"Gesch\u00e4tzte Lesezeit\" \/>\n\t<meta name=\"twitter:data2\" content=\"4\u00a0Minuten\" \/>\n<script type=\"application\/ld+json\" class=\"yoast-schema-graph\">{\"@context\":\"https:\\\/\\\/schema.org\",\"@graph\":[{\"@type\":\"Article\",\"@id\":\"https:\\\/\\\/www.meenzer-on-tour.de\\\/blog\\\/ehrenmaenner-und-so\\\/#article\",\"isPartOf\":{\"@id\":\"https:\\\/\\\/www.meenzer-on-tour.de\\\/blog\\\/ehrenmaenner-und-so\\\/\"},\"author\":{\"name\":\"Christoph\",\"@id\":\"https:\\\/\\\/www.meenzer-on-tour.de\\\/blog\\\/#\\\/schema\\\/person\\\/e8a97e9efa1062d69a2cbb01f96b919f\"},\"headline\":\"Ehrenm\u00e4nner und so\",\"datePublished\":\"2018-05-29T08:45:52+00:00\",\"dateModified\":\"2019-04-07T12:44:44+00:00\",\"mainEntityOfPage\":{\"@id\":\"https:\\\/\\\/www.meenzer-on-tour.de\\\/blog\\\/ehrenmaenner-und-so\\\/\"},\"wordCount\":842,\"commentCount\":0,\"publisher\":{\"@id\":\"https:\\\/\\\/www.meenzer-on-tour.de\\\/blog\\\/#\\\/schema\\\/person\\\/e8a97e9efa1062d69a2cbb01f96b919f\"},\"image\":{\"@id\":\"https:\\\/\\\/www.meenzer-on-tour.de\\\/blog\\\/ehrenmaenner-und-so\\\/#primaryimage\"},\"thumbnailUrl\":\"http:\\\/\\\/www.christophkessel.de\\\/images\\\/P1110743.jpg\",\"keywords\":[\"Fu\u00dfball\",\"Karius\",\"Mainz 05\",\"Okazaki\",\"Sommerpause\"],\"articleSection\":[\"Meinung\"],\"inLanguage\":\"de\",\"potentialAction\":[{\"@type\":\"CommentAction\",\"name\":\"Comment\",\"target\":[\"https:\\\/\\\/www.meenzer-on-tour.de\\\/blog\\\/ehrenmaenner-und-so\\\/#respond\"]}]},{\"@type\":\"WebPage\",\"@id\":\"https:\\\/\\\/www.meenzer-on-tour.de\\\/blog\\\/ehrenmaenner-und-so\\\/\",\"url\":\"https:\\\/\\\/www.meenzer-on-tour.de\\\/blog\\\/ehrenmaenner-und-so\\\/\",\"name\":\"Ehrenm\u00e4nner und so - Meenzer on Tour Blog\",\"isPartOf\":{\"@id\":\"https:\\\/\\\/www.meenzer-on-tour.de\\\/blog\\\/#website\"},\"primaryImageOfPage\":{\"@id\":\"https:\\\/\\\/www.meenzer-on-tour.de\\\/blog\\\/ehrenmaenner-und-so\\\/#primaryimage\"},\"image\":{\"@id\":\"https:\\\/\\\/www.meenzer-on-tour.de\\\/blog\\\/ehrenmaenner-und-so\\\/#primaryimage\"},\"thumbnailUrl\":\"http:\\\/\\\/www.christophkessel.de\\\/images\\\/P1110743.jpg\",\"datePublished\":\"2018-05-29T08:45:52+00:00\",\"dateModified\":\"2019-04-07T12:44:44+00:00\",\"breadcrumb\":{\"@id\":\"https:\\\/\\\/www.meenzer-on-tour.de\\\/blog\\\/ehrenmaenner-und-so\\\/#breadcrumb\"},\"inLanguage\":\"de\",\"potentialAction\":[{\"@type\":\"ReadAction\",\"target\":[\"https:\\\/\\\/www.meenzer-on-tour.de\\\/blog\\\/ehrenmaenner-und-so\\\/\"]}]},{\"@type\":\"ImageObject\",\"inLanguage\":\"de\",\"@id\":\"https:\\\/\\\/www.meenzer-on-tour.de\\\/blog\\\/ehrenmaenner-und-so\\\/#primaryimage\",\"url\":\"http:\\\/\\\/www.christophkessel.de\\\/images\\\/P1110743.jpg\",\"contentUrl\":\"http:\\\/\\\/www.christophkessel.de\\\/images\\\/P1110743.jpg\"},{\"@type\":\"BreadcrumbList\",\"@id\":\"https:\\\/\\\/www.meenzer-on-tour.de\\\/blog\\\/ehrenmaenner-und-so\\\/#breadcrumb\",\"itemListElement\":[{\"@type\":\"ListItem\",\"position\":1,\"name\":\"Startseite\",\"item\":\"https:\\\/\\\/www.meenzer-on-tour.de\\\/blog\\\/\"},{\"@type\":\"ListItem\",\"position\":2,\"name\":\"Ehrenm\u00e4nner und so\"}]},{\"@type\":\"WebSite\",\"@id\":\"https:\\\/\\\/www.meenzer-on-tour.de\\\/blog\\\/#website\",\"url\":\"https:\\\/\\\/www.meenzer-on-tour.de\\\/blog\\\/\",\"name\":\"Meenzer on Tour Blog\",\"description\":\"Reisen - Fankultur - B&uuml;cher - Mainz\",\"publisher\":{\"@id\":\"https:\\\/\\\/www.meenzer-on-tour.de\\\/blog\\\/#\\\/schema\\\/person\\\/e8a97e9efa1062d69a2cbb01f96b919f\"},\"potentialAction\":[{\"@type\":\"SearchAction\",\"target\":{\"@type\":\"EntryPoint\",\"urlTemplate\":\"https:\\\/\\\/www.meenzer-on-tour.de\\\/blog\\\/?s={search_term_string}\"},\"query-input\":{\"@type\":\"PropertyValueSpecification\",\"valueRequired\":true,\"valueName\":\"search_term_string\"}}],\"inLanguage\":\"de\"},{\"@type\":[\"Person\",\"Organization\"],\"@id\":\"https:\\\/\\\/www.meenzer-on-tour.de\\\/blog\\\/#\\\/schema\\\/person\\\/e8a97e9efa1062d69a2cbb01f96b919f\",\"name\":\"Christoph\",\"image\":{\"@type\":\"ImageObject\",\"inLanguage\":\"de\",\"@id\":\"https:\\\/\\\/www.meenzer-on-tour.de\\\/blog\\\/wp-content\\\/uploads\\\/2021\\\/08\\\/A107190A-FC35-48EA-8B44-CF4EB9117345.jpeg\",\"url\":\"https:\\\/\\\/www.meenzer-on-tour.de\\\/blog\\\/wp-content\\\/uploads\\\/2021\\\/08\\\/A107190A-FC35-48EA-8B44-CF4EB9117345.jpeg\",\"contentUrl\":\"https:\\\/\\\/www.meenzer-on-tour.de\\\/blog\\\/wp-content\\\/uploads\\\/2021\\\/08\\\/A107190A-FC35-48EA-8B44-CF4EB9117345.jpeg\",\"width\":2000,\"height\":1200,\"caption\":\"Christoph\"},\"logo\":{\"@id\":\"https:\\\/\\\/www.meenzer-on-tour.de\\\/blog\\\/wp-content\\\/uploads\\\/2021\\\/08\\\/A107190A-FC35-48EA-8B44-CF4EB9117345.jpeg\"},\"url\":\"https:\\\/\\\/www.meenzer-on-tour.de\\\/blog\\\/author\\\/admin\\\/\"}]}<\/script>\n<!-- \/ Yoast SEO plugin. -->","yoast_head_json":{"title":"Ehrenm\u00e4nner und so - Meenzer on Tour Blog","robots":{"index":"index","follow":"follow","max-snippet":"max-snippet:-1","max-image-preview":"max-image-preview:large","max-video-preview":"max-video-preview:-1"},"canonical":"https:\/\/www.meenzer-on-tour.de\/blog\/ehrenmaenner-und-so\/","og_locale":"de_DE","og_type":"article","og_title":"Ehrenm\u00e4nner und so - Meenzer on Tour Blog","og_description":"Die Sommerpause ist da und mit ihr kommt zeitgleich die Transferperiode, die f\u00fcr Spielerberater das Schlaraffenland, f\u00fcr Manager das Zahlen jonglieren und f\u00fcr uns Fans die Mischung aus Freud und Leid bedeutet \u2013 letzteres gilt zumindest f\u00fcr diejenigen unter uns, die noch an Spielern h\u00e4ngen, sich \u00fcber manchen Transfer freuen und sich \u00fcber andere richtig &hellip; \u201eEhrenm\u00e4nner und so\u201c weiterlesen","og_url":"https:\/\/www.meenzer-on-tour.de\/blog\/ehrenmaenner-und-so\/","og_site_name":"Meenzer on Tour Blog","article_published_time":"2018-05-29T08:45:52+00:00","article_modified_time":"2019-04-07T12:44:44+00:00","og_image":[{"url":"http:\/\/www.christophkessel.de\/images\/P1110743.jpg","type":"","width":"","height":""}],"author":"Christoph","twitter_card":"summary_large_image","twitter_misc":{"Verfasst von":"Christoph","Gesch\u00e4tzte Lesezeit":"4\u00a0Minuten"},"schema":{"@context":"https:\/\/schema.org","@graph":[{"@type":"Article","@id":"https:\/\/www.meenzer-on-tour.de\/blog\/ehrenmaenner-und-so\/#article","isPartOf":{"@id":"https:\/\/www.meenzer-on-tour.de\/blog\/ehrenmaenner-und-so\/"},"author":{"name":"Christoph","@id":"https:\/\/www.meenzer-on-tour.de\/blog\/#\/schema\/person\/e8a97e9efa1062d69a2cbb01f96b919f"},"headline":"Ehrenm\u00e4nner und so","datePublished":"2018-05-29T08:45:52+00:00","dateModified":"2019-04-07T12:44:44+00:00","mainEntityOfPage":{"@id":"https:\/\/www.meenzer-on-tour.de\/blog\/ehrenmaenner-und-so\/"},"wordCount":842,"commentCount":0,"publisher":{"@id":"https:\/\/www.meenzer-on-tour.de\/blog\/#\/schema\/person\/e8a97e9efa1062d69a2cbb01f96b919f"},"image":{"@id":"https:\/\/www.meenzer-on-tour.de\/blog\/ehrenmaenner-und-so\/#primaryimage"},"thumbnailUrl":"http:\/\/www.christophkessel.de\/images\/P1110743.jpg","keywords":["Fu\u00dfball","Karius","Mainz 05","Okazaki","Sommerpause"],"articleSection":["Meinung"],"inLanguage":"de","potentialAction":[{"@type":"CommentAction","name":"Comment","target":["https:\/\/www.meenzer-on-tour.de\/blog\/ehrenmaenner-und-so\/#respond"]}]},{"@type":"WebPage","@id":"https:\/\/www.meenzer-on-tour.de\/blog\/ehrenmaenner-und-so\/","url":"https:\/\/www.meenzer-on-tour.de\/blog\/ehrenmaenner-und-so\/","name":"Ehrenm\u00e4nner und so - Meenzer on Tour Blog","isPartOf":{"@id":"https:\/\/www.meenzer-on-tour.de\/blog\/#website"},"primaryImageOfPage":{"@id":"https:\/\/www.meenzer-on-tour.de\/blog\/ehrenmaenner-und-so\/#primaryimage"},"image":{"@id":"https:\/\/www.meenzer-on-tour.de\/blog\/ehrenmaenner-und-so\/#primaryimage"},"thumbnailUrl":"http:\/\/www.christophkessel.de\/images\/P1110743.jpg","datePublished":"2018-05-29T08:45:52+00:00","dateModified":"2019-04-07T12:44:44+00:00","breadcrumb":{"@id":"https:\/\/www.meenzer-on-tour.de\/blog\/ehrenmaenner-und-so\/#breadcrumb"},"inLanguage":"de","potentialAction":[{"@type":"ReadAction","target":["https:\/\/www.meenzer-on-tour.de\/blog\/ehrenmaenner-und-so\/"]}]},{"@type":"ImageObject","inLanguage":"de","@id":"https:\/\/www.meenzer-on-tour.de\/blog\/ehrenmaenner-und-so\/#primaryimage","url":"http:\/\/www.christophkessel.de\/images\/P1110743.jpg","contentUrl":"http:\/\/www.christophkessel.de\/images\/P1110743.jpg"},{"@type":"BreadcrumbList","@id":"https:\/\/www.meenzer-on-tour.de\/blog\/ehrenmaenner-und-so\/#breadcrumb","itemListElement":[{"@type":"ListItem","position":1,"name":"Startseite","item":"https:\/\/www.meenzer-on-tour.de\/blog\/"},{"@type":"ListItem","position":2,"name":"Ehrenm\u00e4nner und so"}]},{"@type":"WebSite","@id":"https:\/\/www.meenzer-on-tour.de\/blog\/#website","url":"https:\/\/www.meenzer-on-tour.de\/blog\/","name":"Meenzer on Tour Blog","description":"Reisen - Fankultur - B&uuml;cher - Mainz","publisher":{"@id":"https:\/\/www.meenzer-on-tour.de\/blog\/#\/schema\/person\/e8a97e9efa1062d69a2cbb01f96b919f"},"potentialAction":[{"@type":"SearchAction","target":{"@type":"EntryPoint","urlTemplate":"https:\/\/www.meenzer-on-tour.de\/blog\/?s={search_term_string}"},"query-input":{"@type":"PropertyValueSpecification","valueRequired":true,"valueName":"search_term_string"}}],"inLanguage":"de"},{"@type":["Person","Organization"],"@id":"https:\/\/www.meenzer-on-tour.de\/blog\/#\/schema\/person\/e8a97e9efa1062d69a2cbb01f96b919f","name":"Christoph","image":{"@type":"ImageObject","inLanguage":"de","@id":"https:\/\/www.meenzer-on-tour.de\/blog\/wp-content\/uploads\/2021\/08\/A107190A-FC35-48EA-8B44-CF4EB9117345.jpeg","url":"https:\/\/www.meenzer-on-tour.de\/blog\/wp-content\/uploads\/2021\/08\/A107190A-FC35-48EA-8B44-CF4EB9117345.jpeg","contentUrl":"https:\/\/www.meenzer-on-tour.de\/blog\/wp-content\/uploads\/2021\/08\/A107190A-FC35-48EA-8B44-CF4EB9117345.jpeg","width":2000,"height":1200,"caption":"Christoph"},"logo":{"@id":"https:\/\/www.meenzer-on-tour.de\/blog\/wp-content\/uploads\/2021\/08\/A107190A-FC35-48EA-8B44-CF4EB9117345.jpeg"},"url":"https:\/\/www.meenzer-on-tour.de\/blog\/author\/admin\/"}]}},"_links":{"self":[{"href":"https:\/\/www.meenzer-on-tour.de\/blog\/wp-json\/wp\/v2\/posts\/22","targetHints":{"allow":["GET"]}}],"collection":[{"href":"https:\/\/www.meenzer-on-tour.de\/blog\/wp-json\/wp\/v2\/posts"}],"about":[{"href":"https:\/\/www.meenzer-on-tour.de\/blog\/wp-json\/wp\/v2\/types\/post"}],"author":[{"embeddable":true,"href":"https:\/\/www.meenzer-on-tour.de\/blog\/wp-json\/wp\/v2\/users\/1"}],"replies":[{"embeddable":true,"href":"https:\/\/www.meenzer-on-tour.de\/blog\/wp-json\/wp\/v2\/comments?post=22"}],"version-history":[{"count":1,"href":"https:\/\/www.meenzer-on-tour.de\/blog\/wp-json\/wp\/v2\/posts\/22\/revisions"}],"predecessor-version":[{"id":23,"href":"https:\/\/www.meenzer-on-tour.de\/blog\/wp-json\/wp\/v2\/posts\/22\/revisions\/23"}],"wp:attachment":[{"href":"https:\/\/www.meenzer-on-tour.de\/blog\/wp-json\/wp\/v2\/media?parent=22"}],"wp:term":[{"taxonomy":"category","embeddable":true,"href":"https:\/\/www.meenzer-on-tour.de\/blog\/wp-json\/wp\/v2\/categories?post=22"},{"taxonomy":"post_tag","embeddable":true,"href":"https:\/\/www.meenzer-on-tour.de\/blog\/wp-json\/wp\/v2\/tags?post=22"}],"curies":[{"name":"wp","href":"https:\/\/api.w.org\/{rel}","templated":true}]}}