{"id":2081,"date":"2022-08-03T08:25:43","date_gmt":"2022-08-03T06:25:43","guid":{"rendered":"https:\/\/www.meenzer-on-tour.de\/blog\/?p=2081"},"modified":"2022-08-07T16:06:24","modified_gmt":"2022-08-07T14:06:24","slug":"spaetlese-aue-saison-2022-2023","status":"publish","type":"post","link":"https:\/\/www.meenzer-on-tour.de\/blog\/spaetlese-aue-saison-2022-2023\/","title":{"rendered":"Sp\u00e4tlese Aue Saison 2022\/2023"},"content":{"rendered":"\n<p class=\"wp-block-paragraph\">Ausw\u00e4rts fahren bietet in unserem komplett verplanten Alltag eine M\u00f6glichkeit, Unplanm\u00e4\u00dfiges geschehen zu lassen, \u00fcberraschend positive Erlebnisse zu sammeln oder auch negative Erfahrungen zu machen. An dieser Stelle berichte ich \u00fcber meine rein subjektiven Eindr\u00fccke rund um die jeweilige Ausw\u00e4rtsfahrt, jeweils mit ein wenig Abstand betrachtet \u2013 eine Sp\u00e4tlese eben!<\/p>\n\n\n\n<p class=\"wp-block-paragraph\">01 Hin und weg:<\/p>\n\n\n\n<p class=\"wp-block-paragraph\">Zugegeben, ich habe mich zun\u00e4chst \u00fcber die Terminierung dieses Pokalspiels aufgeregt, da Aue nunmal von der Lage her gef\u00fchlt das Vladiwostok der Proficlubs im deutschen M\u00e4nnerfu\u00dfball ist. Um 21.08 Uhr f\u00e4hrt die letzte Bahn nach Zwickau und um 18.00 Uhr sollte der Anpfiff sein. Da Mainz 05 und Pokalwettbewerbe nicht gerade ziemlich beste Freunde sind, m\u00fcssen wir nat\u00fcrlich immer mit Elfmeterschie\u00dfen rechnen. Dadurch w\u00e4re es unm\u00f6glich gewesen, die letzte Bahn in Richtung Fernverkehrsanschluss zu bekommen. Erst vor ein paar Tagen ist schlie\u00dflich auch mir aufgefallen, dass zeitgleich das Finale der Frauen-EM in London stattfinden sollte. Eine bl\u00f6dere Terminierung gibt es wohl wirklich nicht. Es bleibt zu hoffen, dass dies das letzte Mal war, dass der DFB zeitgleich Spiele seiner eigenen Wettbewerbe mit denen von Teams terminiert, die an anderen Wettbewerben teilnehmen. Dass der DFB auf Bahnfahrpl\u00e4ne und damit auf eine klimafreundliche Anreise R\u00fccksicht nimmt, bleibt wohl eine Utopie.<\/p>\n\n\n\n<figure class=\"wp-block-image size-large\"><a href=\"https:\/\/www.meenzer-on-tour.de\/blog\/wp-content\/uploads\/2022\/08\/FPYC67961-scaled.jpeg\"><img loading=\"lazy\" decoding=\"async\" width=\"1024\" height=\"768\" src=\"https:\/\/www.meenzer-on-tour.de\/blog\/wp-content\/uploads\/2022\/08\/FPYC67961-1024x768.jpeg\" alt=\"Zusammengeklapptes Klapprad im Gep\u00e4ckfach des ICEs.\" class=\"wp-image-2084\" srcset=\"https:\/\/www.meenzer-on-tour.de\/blog\/wp-content\/uploads\/2022\/08\/FPYC67961-1024x768.jpeg 1024w, https:\/\/www.meenzer-on-tour.de\/blog\/wp-content\/uploads\/2022\/08\/FPYC67961-300x225.jpeg 300w, https:\/\/www.meenzer-on-tour.de\/blog\/wp-content\/uploads\/2022\/08\/FPYC67961-768x576.jpeg 768w, https:\/\/www.meenzer-on-tour.de\/blog\/wp-content\/uploads\/2022\/08\/FPYC67961-1536x1152.jpeg 1536w, https:\/\/www.meenzer-on-tour.de\/blog\/wp-content\/uploads\/2022\/08\/FPYC67961-2048x1536.jpeg 2048w\" sizes=\"auto, (max-width: 767px) 89vw, (max-width: 1000px) 54vw, (max-width: 1071px) 543px, 580px\" \/><\/a><figcaption>Perfektes Einparken im ICE<\/figcaption><\/figure>\n\n\n\n<p class=\"wp-block-paragraph\">Mit dem Weserfunk-Podcast auf den Ohren, der die CSR-Managerin von Werder Bremen zu Gast hatte, und den Trainingslager-Podcast-Folgen der Hinterhofs\u00e4nger, ging es von Mainz um kurz nach 8 Uhr am Sonntagmorgen mit dem Klapprad im ICE in Richtung Sachsen. Vor einem Jahr feierte diese Kombi Zug\/Klapprad beim Pokalspiel in Elversberg Premiere, da es dort keinen Bahnanschluss gibt und ich vom Bahnhof Neunkirchen zum Stadion fuhr. Diesmal nahm ich den Drahtesel mit, da das einzige Hotel in Aue bereits eine Stunde nach der Terminierung ausgebucht war und ich somit im benachbarten Bad Schlema \u00fcbernachten musste. Zwischen den beiden Orten verkehrt st\u00fcndlich die Bahn, die, bekannterma\u00dfen aber auch nach 21:08 Uhr nicht mehr f\u00e4hrt. Daher nutze ich f\u00fcr die f\u00fcnf Kilometer zwischen Hotel und Stadion wieder das Rad.<\/p>\n\n\n\n<figure class=\"wp-block-image size-large\"><a href=\"https:\/\/www.meenzer-on-tour.de\/blog\/wp-content\/uploads\/2022\/08\/OOLT15981-scaled.jpeg\"><img loading=\"lazy\" decoding=\"async\" width=\"1024\" height=\"768\" src=\"https:\/\/www.meenzer-on-tour.de\/blog\/wp-content\/uploads\/2022\/08\/OOLT15981-1024x768.jpeg\" alt=\"Bewaldeter H\u00fcgel mit vier Flutlichtmasten und einem Neubaugebiet und einer Stra\u00dfenbr\u00fccke.\" class=\"wp-image-2086\" srcset=\"https:\/\/www.meenzer-on-tour.de\/blog\/wp-content\/uploads\/2022\/08\/OOLT15981-1024x768.jpeg 1024w, https:\/\/www.meenzer-on-tour.de\/blog\/wp-content\/uploads\/2022\/08\/OOLT15981-300x225.jpeg 300w, https:\/\/www.meenzer-on-tour.de\/blog\/wp-content\/uploads\/2022\/08\/OOLT15981-768x576.jpeg 768w, https:\/\/www.meenzer-on-tour.de\/blog\/wp-content\/uploads\/2022\/08\/OOLT15981-1536x1152.jpeg 1536w, https:\/\/www.meenzer-on-tour.de\/blog\/wp-content\/uploads\/2022\/08\/OOLT15981-2048x1536.jpeg 2048w\" sizes=\"auto, (max-width: 767px) 89vw, (max-width: 1000px) 54vw, (max-width: 1071px) 543px, 580px\" \/><\/a><figcaption>Blick auf das Erzgebirgsstadion von Bad Schlema aus<\/figcaption><\/figure>\n\n\n\n<p class=\"wp-block-paragraph\">Alle Z\u00fcge waren p\u00fcnktlich, so dass ich gen\u00fcgend Zeit hatte, noch den n\u00e4chsten Blogpost vorzubereiten, denn die Sommerpause bei Mainz 05 hatte es ja doch in sich\u2026Stichwort Leitbild, Saudi-Arabien und die Troph\u00e4e schlecht hin, die &nbsp;\u201eKlimaneutralit\u00e4t\u201c.<\/p>\n\n\n\n<p class=\"wp-block-paragraph\">02 (N)immer nuff:<\/p>\n\n\n\n<p class=\"wp-block-paragraph\">Die kurze Radtour von Bad Schlema zum Erzgebirgsstadion hatte es tats\u00e4chlich in sich. Zun\u00e4chst ging es einen H\u00fcgel in Richtung Aue hoch, weiter durch den Wald mit nettem Blick auf die Flutlichtmasten des Erzgebirgsstadion und auf das Ringer-Leistungszentrum \u201eLothar L\u00e4ssig\u201c (hei\u00dft wirklich so) am Stra\u00dfenrand. Danach ging es im Schuss steil bergab in die Auer Innenstadt und dann wieder steil nach oben hinauf zum Stadion. Nach den sechs Stunden im Zug war das allerdings eine willkommene Abwechslung.<\/p>\n\n\n\n<figure class=\"wp-block-image size-large\"><a href=\"https:\/\/www.meenzer-on-tour.de\/blog\/wp-content\/uploads\/2022\/08\/UEUD38741-scaled.jpeg\"><img loading=\"lazy\" decoding=\"async\" width=\"1024\" height=\"768\" src=\"https:\/\/www.meenzer-on-tour.de\/blog\/wp-content\/uploads\/2022\/08\/UEUD38741-1024x768.jpeg\" alt=\"Klapprad vor einem Stadion.\" class=\"wp-image-2088\" srcset=\"https:\/\/www.meenzer-on-tour.de\/blog\/wp-content\/uploads\/2022\/08\/UEUD38741-1024x768.jpeg 1024w, https:\/\/www.meenzer-on-tour.de\/blog\/wp-content\/uploads\/2022\/08\/UEUD38741-300x225.jpeg 300w, https:\/\/www.meenzer-on-tour.de\/blog\/wp-content\/uploads\/2022\/08\/UEUD38741-768x576.jpeg 768w, https:\/\/www.meenzer-on-tour.de\/blog\/wp-content\/uploads\/2022\/08\/UEUD38741-1536x1152.jpeg 1536w, https:\/\/www.meenzer-on-tour.de\/blog\/wp-content\/uploads\/2022\/08\/UEUD38741-2048x1536.jpeg 2048w\" sizes=\"auto, (max-width: 767px) 89vw, (max-width: 1000px) 54vw, (max-width: 1071px) 543px, 580px\" \/><\/a><figcaption>Ankunft im Schacht<\/figcaption><\/figure>\n\n\n\n<p class=\"wp-block-paragraph\">03 Kon-Trolle<\/p>\n\n\n\n<p class=\"wp-block-paragraph\">Die Security hatte kein Problem damit, das Klapprad an den Zaun anzuschlie\u00dfen. Die folgende Sicherheitskontrolle war ebenso easy absolviert und niemand st\u00f6rte sich daran, dass ich meine Fahrradbeleuchtung mit hineinnehmen wollte \u2013 in Mainz ist das ja immer ein Drama. Als ob jemand seine 50 bis 100 Euro teure Beleuchtung auf den Platz schmei\u00dfen w\u00fcrde\u2026 Allerdings durfte ich eben diesem Grund auch schon mal ein iPad-Mini auf Schalke abgeben. Da lob ich mir den Auer Realismus wirklich.<\/p>\n\n\n\n<p class=\"wp-block-paragraph\">04 Kampf um den Mampf<\/p>\n\n\n\n<p class=\"wp-block-paragraph\">Gab es sie noch oder gibt es sie nicht mehr? Das ist bei jedem Gastspiel in Aue die Frage, die sich Ausw\u00e4rtsfahrende jedes Mal aufs Neue stellen. Ja, es gab die \u201eNudelpfanne\u201c oder den \u201eNudeltopf\u201c, der mittlerweile aber schlicht nur noch \u201eNudeln mit Wurstgulasch\u201c hei\u00dft. An meine erste Nudelpfanne in Aue 2008 habe ich kaum noch Erinnerung.&nbsp; War sie vegetarisch oder mit Fleisch versetzt? Keine Ahnung. Mittlerweile versuche ich, auf Fleisch zu verzichten und landete erstmal bei einer Riesenbrezel f\u00fcr drei Euro. Da ich seit der Abfahrt in Mainz nichts gegessen hatte, s\u00e4ttigte die Brezel mehr so weniger. Also entschied ich mich f\u00fcr die \u201evegetarische\u201c Variante, die aus Nudeln und Gouda-K\u00e4se bestand. Da die Ketchup-T\u00f6pfe zur Selbstbedienung herumstanden, garnierte ich den Nudeltopf mit Ketchup. Das Ergebnis war nicht wirklich prickelnd, aber im Vergleich zu den Br\u00f6tchen, die es letztes Jahr als fleischlose Alternative in Elversberg gab, war das ja schon fast das Paradies. &nbsp;<\/p>\n\n\n\n<figure class=\"wp-block-image size-large\"><a href=\"https:\/\/www.meenzer-on-tour.de\/blog\/wp-content\/uploads\/2022\/08\/NVAZ41781-scaled.jpeg\"><img loading=\"lazy\" decoding=\"async\" width=\"1024\" height=\"768\" src=\"https:\/\/www.meenzer-on-tour.de\/blog\/wp-content\/uploads\/2022\/08\/NVAZ41781-1024x768.jpeg\" alt=\"Ketchup- und Senftopf hinter einem Plastikteller mit Nudeln und Gouda-K\u00e4se.\" class=\"wp-image-2090\" srcset=\"https:\/\/www.meenzer-on-tour.de\/blog\/wp-content\/uploads\/2022\/08\/NVAZ41781-1024x768.jpeg 1024w, https:\/\/www.meenzer-on-tour.de\/blog\/wp-content\/uploads\/2022\/08\/NVAZ41781-300x225.jpeg 300w, https:\/\/www.meenzer-on-tour.de\/blog\/wp-content\/uploads\/2022\/08\/NVAZ41781-768x576.jpeg 768w, https:\/\/www.meenzer-on-tour.de\/blog\/wp-content\/uploads\/2022\/08\/NVAZ41781-1536x1152.jpeg 1536w, https:\/\/www.meenzer-on-tour.de\/blog\/wp-content\/uploads\/2022\/08\/NVAZ41781-2048x1536.jpeg 2048w\" sizes=\"auto, (max-width: 767px) 89vw, (max-width: 1000px) 54vw, (max-width: 1071px) 543px, 580px\" \/><\/a><figcaption>Die vegetarische Version der Nudelpfanne<\/figcaption><\/figure>\n\n\n\n<p class=\"wp-block-paragraph\">05 K\u00e4fighaltung<\/p>\n\n\n\n<p class=\"wp-block-paragraph\">Allerdings hatte der DFB ja diese erste Pokalrunde dem Klimaschutz gewidmet. Dazu wurde auch ein Wettbewerb ausgelobt, dass der Amateurverein, der die meisten vegetarischen Gerichte verkauft, eine Belohnung vom DFB erh\u00e4lt. Aue hatte da wohl keinen Bock drauf und servierte tats\u00e4chlich nur die Brezel. Die Wurstnudeln wurden auch noch sch\u00f6n im Einweg-Plastiktopf serviert. Wenigstens waren die L\u00f6ffel schon aus Holz. Nun w\u00e4re es nat\u00fcrlich wenig nachhaltig, Restbest\u00e4nde an Plastik-Einweg wegzuschmei\u00dfen. Und die vegetarische Nudelvariante h\u00e4tte wahrscheinlich auch kaum jemand gew\u00fcnscht. Daher war das alles irgendwie nachvollziehbar.<\/p>\n\n\n\n<p class=\"wp-block-paragraph\">Aber p\u00fcnktlich um 18 Uhr zeigte der Verein sehr deutlich, was er vom Klimaschutz h\u00e4lt. Alle Spiele in dieser ersten Pokalrunde wurden eine Minute sp\u00e4ter angepfiffen, damit diese Minute f\u00fcr einen Appel f\u00fcr den Klimaschutz genutzt werden sollte. Der Stadionsprecher las wahrscheinlich den vom DFB entworfenen Text vor, nur verstanden hat man nichts. Das lag nicht am lokalen Dialekt sondern vielmehr  erklang das Steigerlied \u00fcber die Stadionlautsprecher in ohrenbet\u00e4ubender Lautst\u00e4rke. Ein eindeutigeres Statement, wie man bei Erzgebirge Aue zum Thema Klimawandel steht, kann man eigentlich nicht zeigen. Gleichzeitig brennen 100 Kilometer weiter in der S\u00e4chsischen Schweiz die W\u00e4lder\u2026<\/p>\n\n\n\n<figure class=\"wp-block-image size-large\"><a href=\"https:\/\/www.meenzer-on-tour.de\/blog\/wp-content\/uploads\/2022\/08\/FNVZ92661-scaled.jpeg\"><img loading=\"lazy\" decoding=\"async\" width=\"1024\" height=\"768\" src=\"https:\/\/www.meenzer-on-tour.de\/blog\/wp-content\/uploads\/2022\/08\/FNVZ92661-1024x768.jpeg\" alt=\"Jubelnde Menschen, Fahnen, Doppelhalter in einem Fu\u00dfballstadion.\" class=\"wp-image-2092\" srcset=\"https:\/\/www.meenzer-on-tour.de\/blog\/wp-content\/uploads\/2022\/08\/FNVZ92661-1024x768.jpeg 1024w, https:\/\/www.meenzer-on-tour.de\/blog\/wp-content\/uploads\/2022\/08\/FNVZ92661-300x225.jpeg 300w, https:\/\/www.meenzer-on-tour.de\/blog\/wp-content\/uploads\/2022\/08\/FNVZ92661-768x576.jpeg 768w, https:\/\/www.meenzer-on-tour.de\/blog\/wp-content\/uploads\/2022\/08\/FNVZ92661-1536x1152.jpeg 1536w, https:\/\/www.meenzer-on-tour.de\/blog\/wp-content\/uploads\/2022\/08\/FNVZ92661-2048x1536.jpeg 2048w\" sizes=\"auto, (max-width: 767px) 89vw, (max-width: 1000px) 54vw, (max-width: 1071px) 543px, 580px\" \/><\/a><figcaption>Blick aus dem G\u00e4steblock auf den Platz<\/figcaption><\/figure>\n\n\n\n<p class=\"wp-block-paragraph\">Dass Fans die Aktion wie in Dresden auspfeifen \u2013 geschenkt. Schlie\u00dflich steht der Verband wegen zahlreicher Dinge in der Kritik. Dass aber ein Mitglied des DFB, die Aktion des eigenen Verbands torpediert, hat schon eine ganz andere Qualit\u00e4t. Anzunehmen, dass sich der Verein bei einem Teil der Fan anbiedern wollte, statt der Linie des DFBs zu folgen. Wahrscheinlich hat man bei den Veilchen mehr Angst vor einigen Stadiong\u00e4nger*innen als davor aufgrund des menschengemachten Klimawandels zu vertrocknen. Der DFB ist ja bei Vergehen von Fans recht schnell dabei mit Strafen und Sanktionen aller Art. Es bleibt spannend, ob diese Aktion des Vereins ein Nachspiel haben wird. Wenn nicht, ist das n\u00e4chste Pfeifkonzert sicherlich nur eine Frage der Zeit. Und nun ja, die Quittung gab es dann von den Klimaverteidigern aus der goldenen Stadt am Rhein, die am Ende recht souver\u00e4n gegen die Lila-Laune-Klimaaktionsverweigerer gewonnen haben. <\/p>\n\n\n\n<p class=\"wp-block-paragraph\">Fazit: Der Jahrgang 2022\/2023 zeigt, dass das Klima beim Thema Klimawandel ziemlich aufgeheizt ist.<\/p>\n\n\n\n<p class=\"wp-block-paragraph\">Rot-wei\u00dfe Gr\u00fc\u00dfe,<\/p>\n\n\n\n<p class=\"wp-block-paragraph\">Christoph \u2013 Meenzer on Tour<\/p>\n\n\n\n<ul class=\"wp-block-social-links is-layout-flex wp-block-social-links-is-layout-flex\"><li class=\"wp-social-link wp-social-link-wordpress wp-block-social-link\"><a href=\"https:\/\/www.meenzer-on-tour.de\/\" class=\"wp-block-social-link-anchor\"><svg width=\"24\" height=\"24\" viewBox=\"0 0 24 24\" version=\"1.1\" xmlns=\"http:\/\/www.w3.org\/2000\/svg\" aria-hidden=\"true\" focusable=\"false\"><path d=\"M12.158,12.786L9.46,20.625c0.806,0.237,1.657,0.366,2.54,0.366c1.047,0,2.051-0.181,2.986-0.51 c-0.024-0.038-0.046-0.079-0.065-0.124L12.158,12.786z M3.009,12c0,3.559,2.068,6.634,5.067,8.092L3.788,8.341 C3.289,9.459,3.009,10.696,3.009,12z M18.069,11.546c0-1.112-0.399-1.881-0.741-2.48c-0.456-0.741-0.883-1.368-0.883-2.109 c0-0.826,0.627-1.596,1.51-1.596c0.04,0,0.078,0.005,0.116,0.007C16.472,3.904,14.34,3.009,12,3.009 c-3.141,0-5.904,1.612-7.512,4.052c0.211,0.007,0.41,0.011,0.579,0.011c0.94,0,2.396-0.114,2.396-0.114 C7.947,6.93,8.004,7.642,7.52,7.699c0,0-0.487,0.057-1.029,0.085l3.274,9.739l1.968-5.901l-1.401-3.838 C9.848,7.756,9.389,7.699,9.389,7.699C8.904,7.67,8.961,6.93,9.446,6.958c0,0,1.484,0.114,2.368,0.114 c0.94,0,2.397-0.114,2.397-0.114c0.485-0.028,0.542,0.684,0.057,0.741c0,0-0.488,0.057-1.029,0.085l3.249,9.665l0.897-2.996 C17.841,13.284,18.069,12.316,18.069,11.546z M19.889,7.686c0.039,0.286,0.06,0.593,0.06,0.924c0,0.912-0.171,1.938-0.684,3.22 l-2.746,7.94c2.673-1.558,4.47-4.454,4.47-7.771C20.991,10.436,20.591,8.967,19.889,7.686z M12,22C6.486,22,2,17.514,2,12 C2,6.486,6.486,2,12,2c5.514,0,10,4.486,10,10C22,17.514,17.514,22,12,22z\"><\/path><\/svg><span class=\"wp-block-social-link-label screen-reader-text\">WordPress<\/span><\/a><\/li>\n\n<li class=\"wp-social-link wp-social-link-amazon wp-block-social-link\"><a href=\"https:\/\/www.amazon.de\/Christoph-Kessel\/e\/B07L2H8194?ref=sr_ntt_srch_lnk_7&#038;qid=1610638290&#038;sr=1-7-catcorr\" class=\"wp-block-social-link-anchor\"><svg width=\"24\" height=\"24\" viewBox=\"0 0 24 24\" version=\"1.1\" xmlns=\"http:\/\/www.w3.org\/2000\/svg\" aria-hidden=\"true\" focusable=\"false\"><path d=\"M13.582,8.182C11.934,8.367,9.78,8.49,8.238,9.166c-1.781,0.769-3.03,2.337-3.03,4.644 c0,2.953,1.86,4.429,4.253,4.429c2.02,0,3.125-0.477,4.685-2.065c0.516,0.747,0.685,1.109,1.629,1.894 c0.212,0.114,0.483,0.103,0.672-0.066l0.006,0.006c0.567-0.505,1.599-1.401,2.18-1.888c0.231-0.188,0.19-0.496,0.009-0.754 c-0.52-0.718-1.072-1.303-1.072-2.634V8.305c0-1.876,0.133-3.599-1.249-4.891C15.23,2.369,13.422,2,12.04,2 C9.336,2,6.318,3.01,5.686,6.351C5.618,6.706,5.877,6.893,6.109,6.945l2.754,0.298C9.121,7.23,9.308,6.977,9.357,6.72 c0.236-1.151,1.2-1.706,2.284-1.706c0.584,0,1.249,0.215,1.595,0.738c0.398,0.584,0.346,1.384,0.346,2.061V8.182z M13.049,14.088 c-0.451,0.8-1.169,1.291-1.967,1.291c-1.09,0-1.728-0.83-1.728-2.061c0-2.42,2.171-2.86,4.227-2.86v0.615 C13.582,12.181,13.608,13.104,13.049,14.088z M20.683,19.339C18.329,21.076,14.917,22,11.979,22c-4.118,0-7.826-1.522-10.632-4.057 c-0.22-0.199-0.024-0.471,0.241-0.317c3.027,1.762,6.771,2.823,10.639,2.823c2.608,0,5.476-0.541,8.115-1.66 C20.739,18.62,21.072,19.051,20.683,19.339z M21.336,21.043c-0.194,0.163-0.379,0.076-0.293-0.139 c0.284-0.71,0.92-2.298,0.619-2.684c-0.301-0.386-1.99-0.183-2.749-0.092c-0.23,0.027-0.266-0.173-0.059-0.319 c1.348-0.946,3.555-0.673,3.811-0.356C22.925,17.773,22.599,19.986,21.336,21.043z\"><\/path><\/svg><span class=\"wp-block-social-link-label screen-reader-text\">Amazon<\/span><\/a><\/li>\n\n<li class=\"wp-social-link wp-social-link-facebook wp-block-social-link\"><a href=\"https:\/\/www.facebook.com\/MeenzerOnTour\/\" class=\"wp-block-social-link-anchor\"><svg width=\"24\" height=\"24\" viewBox=\"0 0 24 24\" version=\"1.1\" xmlns=\"http:\/\/www.w3.org\/2000\/svg\" aria-hidden=\"true\" focusable=\"false\"><path d=\"M12 2C6.5 2 2 6.5 2 12c0 5 3.7 9.1 8.4 9.9v-7H7.9V12h2.5V9.8c0-2.5 1.5-3.9 3.8-3.9 1.1 0 2.2.2 2.2.2v2.5h-1.3c-1.2 0-1.6.8-1.6 1.6V12h2.8l-.4 2.9h-2.3v7C18.3 21.1 22 17 22 12c0-5.5-4.5-10-10-10z\"><\/path><\/svg><span class=\"wp-block-social-link-label screen-reader-text\">Facebook<\/span><\/a><\/li>\n\n<li class=\"wp-social-link wp-social-link-instagram wp-block-social-link\"><a href=\"https:\/\/www.instagram.com\/meenzer_on_tour\" class=\"wp-block-social-link-anchor\"><svg width=\"24\" height=\"24\" viewBox=\"0 0 24 24\" version=\"1.1\" xmlns=\"http:\/\/www.w3.org\/2000\/svg\" aria-hidden=\"true\" focusable=\"false\"><path d=\"M12,4.622c2.403,0,2.688,0.009,3.637,0.052c0.877,0.04,1.354,0.187,1.671,0.31c0.42,0.163,0.72,0.358,1.035,0.673 c0.315,0.315,0.51,0.615,0.673,1.035c0.123,0.317,0.27,0.794,0.31,1.671c0.043,0.949,0.052,1.234,0.052,3.637 s-0.009,2.688-0.052,3.637c-0.04,0.877-0.187,1.354-0.31,1.671c-0.163,0.42-0.358,0.72-0.673,1.035 c-0.315,0.315-0.615,0.51-1.035,0.673c-0.317,0.123-0.794,0.27-1.671,0.31c-0.949,0.043-1.233,0.052-3.637,0.052 s-2.688-0.009-3.637-0.052c-0.877-0.04-1.354-0.187-1.671-0.31c-0.42-0.163-0.72-0.358-1.035-0.673 c-0.315-0.315-0.51-0.615-0.673-1.035c-0.123-0.317-0.27-0.794-0.31-1.671C4.631,14.688,4.622,14.403,4.622,12 s0.009-2.688,0.052-3.637c0.04-0.877,0.187-1.354,0.31-1.671c0.163-0.42,0.358-0.72,0.673-1.035 c0.315-0.315,0.615-0.51,1.035-0.673c0.317-0.123,0.794-0.27,1.671-0.31C9.312,4.631,9.597,4.622,12,4.622 M12,3 C9.556,3,9.249,3.01,8.289,3.054C7.331,3.098,6.677,3.25,6.105,3.472C5.513,3.702,5.011,4.01,4.511,4.511 c-0.5,0.5-0.808,1.002-1.038,1.594C3.25,6.677,3.098,7.331,3.054,8.289C3.01,9.249,3,9.556,3,12c0,2.444,0.01,2.751,0.054,3.711 c0.044,0.958,0.196,1.612,0.418,2.185c0.23,0.592,0.538,1.094,1.038,1.594c0.5,0.5,1.002,0.808,1.594,1.038 c0.572,0.222,1.227,0.375,2.185,0.418C9.249,20.99,9.556,21,12,21s2.751-0.01,3.711-0.054c0.958-0.044,1.612-0.196,2.185-0.418 c0.592-0.23,1.094-0.538,1.594-1.038c0.5-0.5,0.808-1.002,1.038-1.594c0.222-0.572,0.375-1.227,0.418-2.185 C20.99,14.751,21,14.444,21,12s-0.01-2.751-0.054-3.711c-0.044-0.958-0.196-1.612-0.418-2.185c-0.23-0.592-0.538-1.094-1.038-1.594 c-0.5-0.5-1.002-0.808-1.594-1.038c-0.572-0.222-1.227-0.375-2.185-0.418C14.751,3.01,14.444,3,12,3L12,3z M12,7.378 c-2.552,0-4.622,2.069-4.622,4.622S9.448,16.622,12,16.622s4.622-2.069,4.622-4.622S14.552,7.378,12,7.378z M12,15 c-1.657,0-3-1.343-3-3s1.343-3,3-3s3,1.343,3,3S13.657,15,12,15z M16.804,6.116c-0.596,0-1.08,0.484-1.08,1.08 s0.484,1.08,1.08,1.08c0.596,0,1.08-0.484,1.08-1.08S17.401,6.116,16.804,6.116z\"><\/path><\/svg><span class=\"wp-block-social-link-label screen-reader-text\">Instagram<\/span><\/a><\/li>\n\n<li class=\"wp-social-link wp-social-link-twitter wp-block-social-link\"><a href=\"https:\/\/twitter.com\/meenzer_on_tour\" class=\"wp-block-social-link-anchor\"><svg width=\"24\" height=\"24\" viewBox=\"0 0 24 24\" version=\"1.1\" xmlns=\"http:\/\/www.w3.org\/2000\/svg\" aria-hidden=\"true\" focusable=\"false\"><path d=\"M22.23,5.924c-0.736,0.326-1.527,0.547-2.357,0.646c0.847-0.508,1.498-1.312,1.804-2.27 c-0.793,0.47-1.671,0.812-2.606,0.996C18.324,4.498,17.257,4,16.077,4c-2.266,0-4.103,1.837-4.103,4.103 c0,0.322,0.036,0.635,0.106,0.935C8.67,8.867,5.647,7.234,3.623,4.751C3.27,5.357,3.067,6.062,3.067,6.814 c0,1.424,0.724,2.679,1.825,3.415c-0.673-0.021-1.305-0.206-1.859-0.513c0,0.017,0,0.034,0,0.052c0,1.988,1.414,3.647,3.292,4.023 c-0.344,0.094-0.707,0.144-1.081,0.144c-0.264,0-0.521-0.026-0.772-0.074c0.522,1.63,2.038,2.816,3.833,2.85 c-1.404,1.1-3.174,1.756-5.096,1.756c-0.331,0-0.658-0.019-0.979-0.057c1.816,1.164,3.973,1.843,6.29,1.843 c7.547,0,11.675-6.252,11.675-11.675c0-0.178-0.004-0.355-0.012-0.531C20.985,7.47,21.68,6.747,22.23,5.924z\"><\/path><\/svg><span class=\"wp-block-social-link-label screen-reader-text\">Twitter<\/span><\/a><\/li>\n\n<\/ul>\n","protected":false},"excerpt":{"rendered":"<p>Ausw\u00e4rts fahren bietet in unserem komplett verplanten Alltag eine M\u00f6glichkeit, Unplanm\u00e4\u00dfiges geschehen zu lassen, \u00fcberraschend positive Erlebnisse zu sammeln oder auch negative Erfahrungen zu machen. An dieser Stelle berichte ich \u00fcber meine rein subjektiven Eindr\u00fccke rund um die jeweilige Ausw\u00e4rtsfahrt, jeweils mit ein wenig Abstand betrachtet \u2013 eine Sp\u00e4tlese eben! 01 Hin und weg: Zugegeben, &hellip; <\/p>\n<p class=\"link-more\"><a href=\"https:\/\/www.meenzer-on-tour.de\/blog\/spaetlese-aue-saison-2022-2023\/\" class=\"more-link\"><span class=\"screen-reader-text\">\u201eSp\u00e4tlese Aue Saison 2022\/2023\u201c <\/span>weiterlesen<\/a><\/p>\n","protected":false},"author":1,"featured_media":0,"comment_status":"closed","ping_status":"open","sticky":false,"template":"","format":"standard","meta":{"footnotes":""},"categories":[4,1],"tags":[249,366,379,6,369,370,11,378,59],"class_list":["post-2081","post","type-post","status-publish","format-standard","hentry","category-fussball","category-spaetlese","tag-dfb","tag-dfb-pokal","tag-erzgebirge-aue","tag-fussball","tag-fussballblog","tag-fussballblogger","tag-mainz-05","tag-saison-2022-2023","tag-spaetlese"],"yoast_head":"<!-- This site is optimized with the Yoast SEO plugin v28.4 - https:\/\/yoast.com\/product\/yoast-seo-wordpress\/ -->\n<title>Sp\u00e4tlese Aue Saison 2022\/2023 - Meenzer on Tour Blog<\/title>\n<meta name=\"robots\" content=\"index, follow, max-snippet:-1, max-image-preview:large, max-video-preview:-1\" \/>\n<link rel=\"canonical\" href=\"https:\/\/www.meenzer-on-tour.de\/blog\/spaetlese-aue-saison-2022-2023\/\" \/>\n<meta property=\"og:locale\" content=\"de_DE\" \/>\n<meta property=\"og:type\" content=\"article\" \/>\n<meta property=\"og:title\" content=\"Sp\u00e4tlese Aue Saison 2022\/2023 - Meenzer on Tour Blog\" \/>\n<meta property=\"og:description\" content=\"Ausw\u00e4rts fahren bietet in unserem komplett verplanten Alltag eine M\u00f6glichkeit, Unplanm\u00e4\u00dfiges geschehen zu lassen, \u00fcberraschend positive Erlebnisse zu sammeln oder auch negative Erfahrungen zu machen. An dieser Stelle berichte ich \u00fcber meine rein subjektiven Eindr\u00fccke rund um die jeweilige Ausw\u00e4rtsfahrt, jeweils mit ein wenig Abstand betrachtet \u2013 eine Sp\u00e4tlese eben! 01 Hin und weg: Zugegeben, &hellip; \u201eSp\u00e4tlese Aue Saison 2022\/2023\u201c weiterlesen\" \/>\n<meta property=\"og:url\" content=\"https:\/\/www.meenzer-on-tour.de\/blog\/spaetlese-aue-saison-2022-2023\/\" \/>\n<meta property=\"og:site_name\" content=\"Meenzer on Tour Blog\" \/>\n<meta property=\"article:published_time\" content=\"2022-08-03T06:25:43+00:00\" \/>\n<meta property=\"article:modified_time\" content=\"2022-08-07T14:06:24+00:00\" \/>\n<meta property=\"og:image\" content=\"https:\/\/www.meenzer-on-tour.de\/blog\/wp-content\/uploads\/2022\/08\/FPYC67961-1024x768.jpeg\" \/>\n<meta name=\"author\" content=\"Christoph\" \/>\n<meta name=\"twitter:card\" content=\"summary_large_image\" \/>\n<meta name=\"twitter:label1\" content=\"Verfasst von\" \/>\n\t<meta name=\"twitter:data1\" content=\"Christoph\" \/>\n\t<meta name=\"twitter:label2\" content=\"Gesch\u00e4tzte Lesezeit\" \/>\n\t<meta name=\"twitter:data2\" content=\"6\u00a0Minuten\" \/>\n<script type=\"application\/ld+json\" class=\"yoast-schema-graph\">{\"@context\":\"https:\\\/\\\/schema.org\",\"@graph\":[{\"@type\":\"Article\",\"@id\":\"https:\\\/\\\/www.meenzer-on-tour.de\\\/blog\\\/spaetlese-aue-saison-2022-2023\\\/#article\",\"isPartOf\":{\"@id\":\"https:\\\/\\\/www.meenzer-on-tour.de\\\/blog\\\/spaetlese-aue-saison-2022-2023\\\/\"},\"author\":{\"name\":\"Christoph\",\"@id\":\"https:\\\/\\\/www.meenzer-on-tour.de\\\/blog\\\/#\\\/schema\\\/person\\\/e8a97e9efa1062d69a2cbb01f96b919f\"},\"headline\":\"Sp\u00e4tlese Aue Saison 2022\\\/2023\",\"datePublished\":\"2022-08-03T06:25:43+00:00\",\"dateModified\":\"2022-08-07T14:06:24+00:00\",\"mainEntityOfPage\":{\"@id\":\"https:\\\/\\\/www.meenzer-on-tour.de\\\/blog\\\/spaetlese-aue-saison-2022-2023\\\/\"},\"wordCount\":1127,\"publisher\":{\"@id\":\"https:\\\/\\\/www.meenzer-on-tour.de\\\/blog\\\/#\\\/schema\\\/person\\\/e8a97e9efa1062d69a2cbb01f96b919f\"},\"image\":{\"@id\":\"https:\\\/\\\/www.meenzer-on-tour.de\\\/blog\\\/spaetlese-aue-saison-2022-2023\\\/#primaryimage\"},\"thumbnailUrl\":\"https:\\\/\\\/www.meenzer-on-tour.de\\\/blog\\\/wp-content\\\/uploads\\\/2022\\\/08\\\/FPYC67961-1024x768.jpeg\",\"keywords\":[\"DFB\",\"DFB-Pokal\",\"Erzgebirge Aue\",\"Fu\u00dfball\",\"Fu\u00dfballblog\",\"Fu\u00dfballblogger\",\"Mainz 05\",\"Saison 2022\\\/2023\",\"Sp\u00e4tlese\"],\"articleSection\":[\"Fu\u00dfball\",\"Sp\u00e4tlese\"],\"inLanguage\":\"de\"},{\"@type\":\"WebPage\",\"@id\":\"https:\\\/\\\/www.meenzer-on-tour.de\\\/blog\\\/spaetlese-aue-saison-2022-2023\\\/\",\"url\":\"https:\\\/\\\/www.meenzer-on-tour.de\\\/blog\\\/spaetlese-aue-saison-2022-2023\\\/\",\"name\":\"Sp\u00e4tlese Aue Saison 2022\\\/2023 - Meenzer on Tour Blog\",\"isPartOf\":{\"@id\":\"https:\\\/\\\/www.meenzer-on-tour.de\\\/blog\\\/#website\"},\"primaryImageOfPage\":{\"@id\":\"https:\\\/\\\/www.meenzer-on-tour.de\\\/blog\\\/spaetlese-aue-saison-2022-2023\\\/#primaryimage\"},\"image\":{\"@id\":\"https:\\\/\\\/www.meenzer-on-tour.de\\\/blog\\\/spaetlese-aue-saison-2022-2023\\\/#primaryimage\"},\"thumbnailUrl\":\"https:\\\/\\\/www.meenzer-on-tour.de\\\/blog\\\/wp-content\\\/uploads\\\/2022\\\/08\\\/FPYC67961-1024x768.jpeg\",\"datePublished\":\"2022-08-03T06:25:43+00:00\",\"dateModified\":\"2022-08-07T14:06:24+00:00\",\"breadcrumb\":{\"@id\":\"https:\\\/\\\/www.meenzer-on-tour.de\\\/blog\\\/spaetlese-aue-saison-2022-2023\\\/#breadcrumb\"},\"inLanguage\":\"de\",\"potentialAction\":[{\"@type\":\"ReadAction\",\"target\":[\"https:\\\/\\\/www.meenzer-on-tour.de\\\/blog\\\/spaetlese-aue-saison-2022-2023\\\/\"]}]},{\"@type\":\"ImageObject\",\"inLanguage\":\"de\",\"@id\":\"https:\\\/\\\/www.meenzer-on-tour.de\\\/blog\\\/spaetlese-aue-saison-2022-2023\\\/#primaryimage\",\"url\":\"https:\\\/\\\/www.meenzer-on-tour.de\\\/blog\\\/wp-content\\\/uploads\\\/2022\\\/08\\\/FPYC67961-1024x768.jpeg\",\"contentUrl\":\"https:\\\/\\\/www.meenzer-on-tour.de\\\/blog\\\/wp-content\\\/uploads\\\/2022\\\/08\\\/FPYC67961-1024x768.jpeg\"},{\"@type\":\"BreadcrumbList\",\"@id\":\"https:\\\/\\\/www.meenzer-on-tour.de\\\/blog\\\/spaetlese-aue-saison-2022-2023\\\/#breadcrumb\",\"itemListElement\":[{\"@type\":\"ListItem\",\"position\":1,\"name\":\"Startseite\",\"item\":\"https:\\\/\\\/www.meenzer-on-tour.de\\\/blog\\\/\"},{\"@type\":\"ListItem\",\"position\":2,\"name\":\"Sp\u00e4tlese Aue Saison 2022\\\/2023\"}]},{\"@type\":\"WebSite\",\"@id\":\"https:\\\/\\\/www.meenzer-on-tour.de\\\/blog\\\/#website\",\"url\":\"https:\\\/\\\/www.meenzer-on-tour.de\\\/blog\\\/\",\"name\":\"Meenzer on Tour Blog\",\"description\":\"Reisen - Fankultur - B&uuml;cher - Mainz\",\"publisher\":{\"@id\":\"https:\\\/\\\/www.meenzer-on-tour.de\\\/blog\\\/#\\\/schema\\\/person\\\/e8a97e9efa1062d69a2cbb01f96b919f\"},\"potentialAction\":[{\"@type\":\"SearchAction\",\"target\":{\"@type\":\"EntryPoint\",\"urlTemplate\":\"https:\\\/\\\/www.meenzer-on-tour.de\\\/blog\\\/?s={search_term_string}\"},\"query-input\":{\"@type\":\"PropertyValueSpecification\",\"valueRequired\":true,\"valueName\":\"search_term_string\"}}],\"inLanguage\":\"de\"},{\"@type\":[\"Person\",\"Organization\"],\"@id\":\"https:\\\/\\\/www.meenzer-on-tour.de\\\/blog\\\/#\\\/schema\\\/person\\\/e8a97e9efa1062d69a2cbb01f96b919f\",\"name\":\"Christoph\",\"image\":{\"@type\":\"ImageObject\",\"inLanguage\":\"de\",\"@id\":\"https:\\\/\\\/www.meenzer-on-tour.de\\\/blog\\\/wp-content\\\/uploads\\\/2021\\\/08\\\/A107190A-FC35-48EA-8B44-CF4EB9117345.jpeg\",\"url\":\"https:\\\/\\\/www.meenzer-on-tour.de\\\/blog\\\/wp-content\\\/uploads\\\/2021\\\/08\\\/A107190A-FC35-48EA-8B44-CF4EB9117345.jpeg\",\"contentUrl\":\"https:\\\/\\\/www.meenzer-on-tour.de\\\/blog\\\/wp-content\\\/uploads\\\/2021\\\/08\\\/A107190A-FC35-48EA-8B44-CF4EB9117345.jpeg\",\"width\":2000,\"height\":1200,\"caption\":\"Christoph\"},\"logo\":{\"@id\":\"https:\\\/\\\/www.meenzer-on-tour.de\\\/blog\\\/wp-content\\\/uploads\\\/2021\\\/08\\\/A107190A-FC35-48EA-8B44-CF4EB9117345.jpeg\"},\"url\":\"https:\\\/\\\/www.meenzer-on-tour.de\\\/blog\\\/author\\\/admin\\\/\"}]}<\/script>\n<!-- \/ Yoast SEO plugin. -->","yoast_head_json":{"title":"Sp\u00e4tlese Aue Saison 2022\/2023 - Meenzer on Tour Blog","robots":{"index":"index","follow":"follow","max-snippet":"max-snippet:-1","max-image-preview":"max-image-preview:large","max-video-preview":"max-video-preview:-1"},"canonical":"https:\/\/www.meenzer-on-tour.de\/blog\/spaetlese-aue-saison-2022-2023\/","og_locale":"de_DE","og_type":"article","og_title":"Sp\u00e4tlese Aue Saison 2022\/2023 - Meenzer on Tour Blog","og_description":"Ausw\u00e4rts fahren bietet in unserem komplett verplanten Alltag eine M\u00f6glichkeit, Unplanm\u00e4\u00dfiges geschehen zu lassen, \u00fcberraschend positive Erlebnisse zu sammeln oder auch negative Erfahrungen zu machen. An dieser Stelle berichte ich \u00fcber meine rein subjektiven Eindr\u00fccke rund um die jeweilige Ausw\u00e4rtsfahrt, jeweils mit ein wenig Abstand betrachtet \u2013 eine Sp\u00e4tlese eben! 01 Hin und weg: Zugegeben, &hellip; \u201eSp\u00e4tlese Aue Saison 2022\/2023\u201c weiterlesen","og_url":"https:\/\/www.meenzer-on-tour.de\/blog\/spaetlese-aue-saison-2022-2023\/","og_site_name":"Meenzer on Tour Blog","article_published_time":"2022-08-03T06:25:43+00:00","article_modified_time":"2022-08-07T14:06:24+00:00","og_image":[{"url":"https:\/\/www.meenzer-on-tour.de\/blog\/wp-content\/uploads\/2022\/08\/FPYC67961-1024x768.jpeg","type":"","width":"","height":""}],"author":"Christoph","twitter_card":"summary_large_image","twitter_misc":{"Verfasst von":"Christoph","Gesch\u00e4tzte Lesezeit":"6\u00a0Minuten"},"schema":{"@context":"https:\/\/schema.org","@graph":[{"@type":"Article","@id":"https:\/\/www.meenzer-on-tour.de\/blog\/spaetlese-aue-saison-2022-2023\/#article","isPartOf":{"@id":"https:\/\/www.meenzer-on-tour.de\/blog\/spaetlese-aue-saison-2022-2023\/"},"author":{"name":"Christoph","@id":"https:\/\/www.meenzer-on-tour.de\/blog\/#\/schema\/person\/e8a97e9efa1062d69a2cbb01f96b919f"},"headline":"Sp\u00e4tlese Aue Saison 2022\/2023","datePublished":"2022-08-03T06:25:43+00:00","dateModified":"2022-08-07T14:06:24+00:00","mainEntityOfPage":{"@id":"https:\/\/www.meenzer-on-tour.de\/blog\/spaetlese-aue-saison-2022-2023\/"},"wordCount":1127,"publisher":{"@id":"https:\/\/www.meenzer-on-tour.de\/blog\/#\/schema\/person\/e8a97e9efa1062d69a2cbb01f96b919f"},"image":{"@id":"https:\/\/www.meenzer-on-tour.de\/blog\/spaetlese-aue-saison-2022-2023\/#primaryimage"},"thumbnailUrl":"https:\/\/www.meenzer-on-tour.de\/blog\/wp-content\/uploads\/2022\/08\/FPYC67961-1024x768.jpeg","keywords":["DFB","DFB-Pokal","Erzgebirge Aue","Fu\u00dfball","Fu\u00dfballblog","Fu\u00dfballblogger","Mainz 05","Saison 2022\/2023","Sp\u00e4tlese"],"articleSection":["Fu\u00dfball","Sp\u00e4tlese"],"inLanguage":"de"},{"@type":"WebPage","@id":"https:\/\/www.meenzer-on-tour.de\/blog\/spaetlese-aue-saison-2022-2023\/","url":"https:\/\/www.meenzer-on-tour.de\/blog\/spaetlese-aue-saison-2022-2023\/","name":"Sp\u00e4tlese Aue Saison 2022\/2023 - Meenzer on Tour Blog","isPartOf":{"@id":"https:\/\/www.meenzer-on-tour.de\/blog\/#website"},"primaryImageOfPage":{"@id":"https:\/\/www.meenzer-on-tour.de\/blog\/spaetlese-aue-saison-2022-2023\/#primaryimage"},"image":{"@id":"https:\/\/www.meenzer-on-tour.de\/blog\/spaetlese-aue-saison-2022-2023\/#primaryimage"},"thumbnailUrl":"https:\/\/www.meenzer-on-tour.de\/blog\/wp-content\/uploads\/2022\/08\/FPYC67961-1024x768.jpeg","datePublished":"2022-08-03T06:25:43+00:00","dateModified":"2022-08-07T14:06:24+00:00","breadcrumb":{"@id":"https:\/\/www.meenzer-on-tour.de\/blog\/spaetlese-aue-saison-2022-2023\/#breadcrumb"},"inLanguage":"de","potentialAction":[{"@type":"ReadAction","target":["https:\/\/www.meenzer-on-tour.de\/blog\/spaetlese-aue-saison-2022-2023\/"]}]},{"@type":"ImageObject","inLanguage":"de","@id":"https:\/\/www.meenzer-on-tour.de\/blog\/spaetlese-aue-saison-2022-2023\/#primaryimage","url":"https:\/\/www.meenzer-on-tour.de\/blog\/wp-content\/uploads\/2022\/08\/FPYC67961-1024x768.jpeg","contentUrl":"https:\/\/www.meenzer-on-tour.de\/blog\/wp-content\/uploads\/2022\/08\/FPYC67961-1024x768.jpeg"},{"@type":"BreadcrumbList","@id":"https:\/\/www.meenzer-on-tour.de\/blog\/spaetlese-aue-saison-2022-2023\/#breadcrumb","itemListElement":[{"@type":"ListItem","position":1,"name":"Startseite","item":"https:\/\/www.meenzer-on-tour.de\/blog\/"},{"@type":"ListItem","position":2,"name":"Sp\u00e4tlese Aue Saison 2022\/2023"}]},{"@type":"WebSite","@id":"https:\/\/www.meenzer-on-tour.de\/blog\/#website","url":"https:\/\/www.meenzer-on-tour.de\/blog\/","name":"Meenzer on Tour Blog","description":"Reisen - Fankultur - B&uuml;cher - Mainz","publisher":{"@id":"https:\/\/www.meenzer-on-tour.de\/blog\/#\/schema\/person\/e8a97e9efa1062d69a2cbb01f96b919f"},"potentialAction":[{"@type":"SearchAction","target":{"@type":"EntryPoint","urlTemplate":"https:\/\/www.meenzer-on-tour.de\/blog\/?s={search_term_string}"},"query-input":{"@type":"PropertyValueSpecification","valueRequired":true,"valueName":"search_term_string"}}],"inLanguage":"de"},{"@type":["Person","Organization"],"@id":"https:\/\/www.meenzer-on-tour.de\/blog\/#\/schema\/person\/e8a97e9efa1062d69a2cbb01f96b919f","name":"Christoph","image":{"@type":"ImageObject","inLanguage":"de","@id":"https:\/\/www.meenzer-on-tour.de\/blog\/wp-content\/uploads\/2021\/08\/A107190A-FC35-48EA-8B44-CF4EB9117345.jpeg","url":"https:\/\/www.meenzer-on-tour.de\/blog\/wp-content\/uploads\/2021\/08\/A107190A-FC35-48EA-8B44-CF4EB9117345.jpeg","contentUrl":"https:\/\/www.meenzer-on-tour.de\/blog\/wp-content\/uploads\/2021\/08\/A107190A-FC35-48EA-8B44-CF4EB9117345.jpeg","width":2000,"height":1200,"caption":"Christoph"},"logo":{"@id":"https:\/\/www.meenzer-on-tour.de\/blog\/wp-content\/uploads\/2021\/08\/A107190A-FC35-48EA-8B44-CF4EB9117345.jpeg"},"url":"https:\/\/www.meenzer-on-tour.de\/blog\/author\/admin\/"}]}},"_links":{"self":[{"href":"https:\/\/www.meenzer-on-tour.de\/blog\/wp-json\/wp\/v2\/posts\/2081","targetHints":{"allow":["GET"]}}],"collection":[{"href":"https:\/\/www.meenzer-on-tour.de\/blog\/wp-json\/wp\/v2\/posts"}],"about":[{"href":"https:\/\/www.meenzer-on-tour.de\/blog\/wp-json\/wp\/v2\/types\/post"}],"author":[{"embeddable":true,"href":"https:\/\/www.meenzer-on-tour.de\/blog\/wp-json\/wp\/v2\/users\/1"}],"replies":[{"embeddable":true,"href":"https:\/\/www.meenzer-on-tour.de\/blog\/wp-json\/wp\/v2\/comments?post=2081"}],"version-history":[{"count":14,"href":"https:\/\/www.meenzer-on-tour.de\/blog\/wp-json\/wp\/v2\/posts\/2081\/revisions"}],"predecessor-version":[{"id":2105,"href":"https:\/\/www.meenzer-on-tour.de\/blog\/wp-json\/wp\/v2\/posts\/2081\/revisions\/2105"}],"wp:attachment":[{"href":"https:\/\/www.meenzer-on-tour.de\/blog\/wp-json\/wp\/v2\/media?parent=2081"}],"wp:term":[{"taxonomy":"category","embeddable":true,"href":"https:\/\/www.meenzer-on-tour.de\/blog\/wp-json\/wp\/v2\/categories?post=2081"},{"taxonomy":"post_tag","embeddable":true,"href":"https:\/\/www.meenzer-on-tour.de\/blog\/wp-json\/wp\/v2\/tags?post=2081"}],"curies":[{"name":"wp","href":"https:\/\/api.w.org\/{rel}","templated":true}]}}