{"id":152,"date":"2014-05-04T17:20:23","date_gmt":"2014-05-04T17:20:23","guid":{"rendered":"http:\/\/www.meenzer-on-tour.de\/blog\/?p=152"},"modified":"2019-04-08T05:57:14","modified_gmt":"2019-04-08T05:57:14","slug":"mittelamerika-2014","status":"publish","type":"post","link":"https:\/\/www.meenzer-on-tour.de\/blog\/mittelamerika-2014\/","title":{"rendered":"Mittelamerika 2014"},"content":{"rendered":"\n<p>Mittlerweile sind wir schon wieder in unserem St\u00e4dtchen angekommen, aber in den letzten Tagen ging es \u00fcber Ostern mal wieder nach Costa Rica&#8230;Wie? Schon wieder Costa Rica? Ja, es hat uns in der Tat wieder einmal zu den Ticos und Ticas nach Mittelamerika gezogen. Aber dieses Mal begann die Reise \u201ewenigstens\u201c in Panama, dem ich erstmals seit meiner Weltreise 2002 wieder meine Aufwartung machte. Damals schon empfand ich Panama-Stadt als einzig wirklich besuchenswerte Hauptstadt von &#8222;Centroamerica&#8220;. Aufgrund der vielen Erdbeben in der Region ist von alter Bausubstanz \u00fcberall anders kaum etwas aus der spanischen Kolonialzeit \u00fcbrig geblieben. In Panama hingegen ist die Altstadt mit ihren kleine, verwinkelten Gassen auch heute noch ein Abstecher wert, obwohl man in der Zwischenzeit eine Autobahn \u00fcber das Meer um die Altstadt herum gebaut hat. Anscheinend steht Panama mittlerweile wir so viele Metropolen dieser Welt kurz vor dem Verkehrsinfarkt und man sah sich gezwungen den sch\u00f6nen Blick von der Stadt auf den Eingang des Kanals zu verbauen, um der Verkehrslage Herr zu werden. Wir bekamen von all dem Verkehrschaos nichts mit, da Gr\u00fcndonnerstag bzw. Karfreitag war. In diesem Teil der Erde gelten Feiertage noch als solche und katholische der Karwoche zelebriert man hier noch richtig &#8211; Alkoholverbot von Gr\u00fcndonnerstag bis Ostersonntag inklusive. Fast alle L\u00e4den waren geschlossen, die Finanzmetropole Lateinamerikas wirkte wie eine Geisterstadt und es war schon nahezu eine Herausforderung etwas au\u00dferhalb des Hotels zu Essen zu finden.<\/p>\n\n\n\n<figure class=\"wp-block-image\"><img decoding=\"async\" src=\"http:\/\/www.christophkessel.de\/images\/DSC04179.jpg\" alt=\"Blick aus dem Hotelfenster auf die menschenleere Stadt\"\/><figcaption>Blick aus dem Hotelfenster auf die menschenleere Stadt<\/figcaption><\/figure>\n\n\n\n<p>\u00c4hnlich leer war dann auch der Weiterflug innerhalb Panamas. Panama hat wie viele andere Gro\u00dfst\u00e4dte zwei Flugh\u00e4fen. Den internationalen Tocumen jenseits von Gut und B\u00f6se fernab in der Pampa und den Albrook Airport so eine Art Tempelhof in den Tropen. Beide Stadtflugh\u00e4fen verbindet ihre amerikanische Vergangenheit. Schlie\u00dflich war der Kanal bis 1999 US-Territorium und die vielen Hangars auf dem kleinen Flughafen erinnerten mich auch an die vielen ehemaligen US-Airports in Deutschland, nur dass es keine nervigen Ryanairs gibt. Das Spannendste am Fliegen mit Air Panama war dann eigentlich die Abfertigung am Boden, denn dieser Flughafen hat so gut wie keine Schilder. Lediglich am Check-in-Schalter stand ein Schild &#8222;Dav\u00edd&#8220; &#8211; ohne Flugnummer nat\u00fcrlich. Einmal eingecheckt und durch die direkt daneben liegende Sicherheitskontrolle (kein Schild notwendig) gelangt, sa\u00df man in einem Warteraum &#8211; ohne Schilder, daf\u00fcr mit mehreren T\u00fcren, die auf das Flugfeld f\u00fchrten. Zum Einsteigen wurde ein- oder zweimal durch das blecherne Mikro aufgerufen. Warum versteht man bei diesen Dingern eigentlich nie etwas? Wer auf dem Klos sa\u00df (diese waren beschildert), hat dann halt mal Pech gehabt und verpasst schlimmstenfalls den Abflug. Durch die permanente Wachsamkeit, w\u00e4hrend einer von uns auf dem stillen \u00d6rtchen verweilt, bekamen wir das Einsteigen dann zum Gl\u00fcck mit und es ging im G\u00e4nsemarsch \u00fcber das Vorfeld, sch\u00f6n brav mit H\u00fctchen einen imagin\u00e4ren Weg von Flugzeug zu Flugzeug entlang. Nat\u00fcrlich stand auf den Flugzeugen auch nicht, wohin sie flogen und der Weg mit den H\u00fctchen f\u00fchrte bis zum Ende des Vorfelds. Der Vordermann war schon einige Meter weg, aber ich tippte dann doch auf die richtige Abzweigung zum Flieger nach Dav\u00edd. Zur Sicherheit fragte ich aber doch nochmals nach, ob die Fokker 100 tats\u00e4chlich in die zweitgr\u00f6\u00dfte Stadt Panamas fliegen wollte.<\/p>\n\n\n\n<figure class=\"wp-block-image\"><img decoding=\"async\" src=\"http:\/\/www.christophkessel.de\/images\/DSC04152.jpg\" alt=\"Blick auf den Panama-Kanal\"\/><figcaption>Blick auf den Panama-Kanal<\/figcaption><\/figure>\n\n\n\n<p>Nach einem unspektakul\u00e4ren, g\u00e4nzlich leeren Flug brachte uns der Flieger in 35 Minuten dorthin. Auf meiner Weltreise war ich 2002 in umgekehrter Richtung mehr als 8 Stunden unterwegs und die Weisheit, dass man entweder Zeit oder Geld hat, bewahrheitete sich nat\u00fcrlich mal wieder. Der Bus kostet ca. 25 US$, der Flieger 100 US$ &#8211; damals hatte ich 1 Jahr Zeit, dieses Mal knapp 20 Tage &#8211; die Entscheidung war nat\u00fcrlich klar, wie man von A nach B kommt &#8211; und j\u00fcnger werde ich nat\u00fcrlich auch nicht \ud83d\ude09 Aber w\u00e4hrend wir bei den letzten beiden Fahrten durch Costa Rica unseren Hintern jedes Mal am Flughafen in den Gel\u00e4ndewagen eines Suzuki Jimnys schwangen, stand dieses Mal endlich mal wieder das Fahren mit \u00f6ffentlichen Verkehrsmitteln auf dem Programm. Der Busbahnhof von Dav\u00edd ist immer noch sehr gut organisiert. Die Minibusse haben feste Abfahrtsstellen, die sogar nummeriert sind. Und die Frequenzen sind traumhaft. Panama hat Taktverkehr, zur costa ricanischen Grenze so ca. alle 15 Minuten, so dass es unmittelbar weiterging. Der Bus wurde nicht \u00fcberf\u00fcllt, nahm nat\u00fcrlich noch auf der Stra\u00dfe Fahrg\u00e4ste auf, aber trotzdem legten wir die 50 km zur Grenze in ca. 90 Minuten zur\u00fcck &#8211; was f\u00fcr Mittelamerika absolut ok ist, denn was will man f\u00fcr ca. 1,50 USD schon an Schnelligkeit erwarten? Schnell ging es aber wirklich an der Grenze weiter. Der Panama-Lonely-Planet beschrieb dies auch so, ganz im Gegensatz zum Costa Rica-Lonely-Planet, der riet, zwei bis drei Stunden zum Passieren einzuplanen, wobei beide B\u00fccher vom \u00dcbertritt von Panama nach Costa Rica sprachen &#8211; und beide B\u00fccher gleich neu waren. Beide L\u00e4nder sind allerdings etwas zickig, was die Weiterreise angeht, was R\u00fcckflugtickets angeht. Dies war sogar am Einreiseschalter vermerkt. Ohne R\u00fcckreiseticket aus dem eigenen Land kein Eintritt in das Land &#8211; aber wie so oft war das die Theorie und niemand hat sich tats\u00e4chlich dann daf\u00fcr interessiert. Uns interessierte nur das erste Essen auf costa ricanischer Seite, das das kulinarische Angebot in Panama bei den vielen Exil-Griechen noch das beste neben Fast Food war. Gut, es war Karwoche, alles hatte (fast) zu, aber in Costa Rica beschr\u00e4nkt sich das Essen auf wenige Speisen, die immer aus Bohnen und Reis bestehen, aber das w\u00e4re uns in Panama schon lieb gewesen &#8211; stattdessen gibt es da oftmals Pommes und mit Pizza mit monstr\u00f6sem K\u00e4sebelag. Der &#8222;Casado&#8220; das traditionelle costa ricanische Essen besteht daneben dann noch aus Fleisch (Rind), H\u00fchnchen oder Fisch. Wenn man dann eine vegetarische Variante nachfragt, die meist nicht auf der Karte steht, kommt der Kellner kurz ins Gr\u00fcbeln, aber meist zaubern die K\u00f6che dann etwas mit Salat, Kochbanane, Eiern und\/oder K\u00e4se auf den Teller, das sich mit der traditionellen Lisano-So\u00dfe, die auf keinem Restaurant-Tisch Costa Ricas fehlen darf, perfekt verfeinern l\u00e4sst. Vegetarier sind in diesem Teil der Erde noch eine besondere Spezies, aber unter uns Touris gibt es dann doch genug, dass die Ticos und Ticas, sich darauf einstellen k\u00f6nnen.<\/p>\n\n\n\n<figure class=\"wp-block-image\"><img decoding=\"async\" src=\"http:\/\/www.christophkessel.de\/images\/DSC04185.jpg\" alt=\"Ankunft am Golfo Dulce\"\/><figcaption>Ankunft am Golfo Dulce<\/figcaption><\/figure>\n\n\n\n<p>Gest\u00e4rkt mit einem Casado &#8222;sin carne&#8220; (ohne Fleisch) und &#8222;sin pollo&#8220; (ohne Huhn) &#8211; das muss man hier immer doppelt erw\u00e4hnen &#8211; ging es mit dem Bus weiter durch das s\u00fcdliche Costa Rica nach Golfito. Zwischendurch wurde der Bus dann doch mal so richtig ausgelastet und ich war schon froh, einen Sitzplatz ergattert zu haben. Eingequetscht bei 30\u00b0 C im Schatten und bei nahezu 90 % Luftfeuchtigkeit \u00fcber das Land zu rollen ist dann doch nicht mehr so mein Ding. Und ich liebe Costa Ricas Busse &#8211; ja es sind Busse &#8211; keine ausgedienten US-Schulbusse mit an 0 cm grenzende Beinfreiheit, wie in den n\u00f6rdlicheren L\u00e4ndern Mittelamerikas \u00fcblich. Nach einem \u00dcbernachtungsstopp in Golfito ging es am n\u00e4chsten Morgen mit dem Boot \u00fcber den Golfo Dulce einen von nur zwei Fjords in den Tropen weltweit auf die wunderbare Osa-Halbinsel nach Puerto Jim\u00e9nez. Dieser Ort liegt fast 400 Stra\u00dfenkilometer von der Hauptstadt San Jos\u00e9 entfernt und somit praktisch eine ganze Tagesreise weit weg. Und so gottverlassen kam man sich in dem Kaff dann auch vor. Eine Teerstra\u00dfe ansonsten nur Pisten, Hitze, Schw\u00fcle und das permanente Gef\u00fchl in einem Wild-West-Film mitzuspielen. Aber das Kaff hat wirklich seinen Charme. Obwohl Dreh- und Angelpunkt des Tourismus auf der Osa-Halbinsel sp\u00fcrte man davon recht wenig. Es gibt ja Ort auf dieser Welt, da hat die &#8222;Krake&#8220; des Fremdenverkehrs das Stadtbild komplett ver\u00e4ndert &#8211; ich denke da haupts\u00e4chlich an S\u00fcd-Ost-Asien. In Costa Rica gibt es auch ein paar wenige dieser Pl\u00e4tze, aber Puerto Jim\u00e9nez geh\u00f6rt definitiv nicht dazu. Alles l\u00e4uft sehr gem\u00e4chlich ohne Stress ab. Niemand springt einem vor die F\u00fc\u00dfe und m\u00f6chte irgendwelche Hotels, Restaurants oder Touren anbieten. Und es gibt tats\u00e4chlich die M\u00f6glichkeit, als Touri selbst zu w\u00e4hlen, wie man die Osa-Halbinsel entdecken m\u00f6chte, wenn man den Aspekt der Nachhaltigkeit einflie\u00dfen lassen will. Bereits von Deutschland aus nahmen wir Kontakt mit OSA WILD auf, einer Agentur, die versucht nachhaltigen Tourismus in der Gegend zu f\u00f6rdern. Die sch\u00f6nsten Pl\u00e4tze der Erde sind f\u00fcr uns Touris nat\u00fcrlich meist nur so wunderbar, weil sie naturbelassen sind. Den Einheimischen bringt diese nat\u00fcrlich auf den ersten Blick erst mal gar nichts. Wenn wir uns zu Hause umschauen sehen wir Industrie und Infrastruktur, die wir dort gerne hinter uns lassen. Die Frage, wie die Einheimischen dann von etwas leben sollen, stellen wir uns wom\u00f6glich zun\u00e4chst mal \u00fcberhaupt nicht. Hier setzt dann der nachhaltige Tourismus an, um im besten Fall eine &#8222;Win Win&#8220; Situation zu schaffen. OSA WILD vermittelt ruralen Tourismus und setzt auf gut ausgebildetete F\u00fchrer, damit die Einheimischen dirket vom Fremdenverkehr profitieren &#8211; und nicht irgendwelche zwischengeschalteten Vermittler, die wom\u00f6glich noch aus dem Ausland oder zumindest aus der Hauptstadt stammen.<\/p>\n\n\n\n<figure class=\"wp-block-image\"><img decoding=\"async\" src=\"http:\/\/www.christophkessel.de\/images\/DSC05147.jpg\" alt=\"Am Hafen von Puerto Jim\u00e9nez\"\/><figcaption>Am Hafen von Puerto Jim\u00e9nez<\/figcaption><\/figure>\n\n\n\n<p>Unseren 3-Tagestrip durch den wundersch\u00f6nen Nationalpark Corcovado organisierte die Agentur vorab, da nur t\u00e4glich 40 Leute in der dortigen Forschungsstation Sirena \u00fcbernachten d\u00fcrfen. Es war zwar alles ein wenig b\u00fcrokratisch, da das Geld f\u00fcr den Eintritt, das Essen und die \u00dcbernachtung \u00fcber einen Geldtransfer zun\u00e4chst von Mainz nach Puerto Jim\u00e9nez geschickt werden musste und dann vor Ort auf das Bankkonto der Nationalparkverwaltung eingezahlt werden musste, aber es klappte alles reibungslos, so dass wir unser Permit in der Hand hielten. Die 45 km von Puerto Jim\u00e9nez zum Endpunkt der &#8222;Piste&#8220; in der H\u00fcttensiedlung mit dem bezeichnenden Namen &#8222;Carate&#8220; legten wir mit einem Collectivo zur\u00fcck. Das war einfach ein LKW, bei dem auf der Ladefl\u00e4che zwei gepolsterte Planken einsetzt wurden. Wichtig waren auch die Haltestangen, denn die Schlaglochpiste hatte es in sich. Zwei, drei Fl\u00fcsse mussten durchfahren werden und die Auf- bzw. Abfahrten zu den Flussl\u00e4ufen waren alles andere als flach. Im Geographie-Unterricht haben wir eigentlich gelernt, dass es in den Tropen eine Trocken- und eine Regenzeit gibt. Dies gilt aber nicht f\u00fcr diesen Teil der Tropen, in dem es eher eine Regenzeit und eine Zeit mit weniger viel Regen gibt. Jetzt an der Grenze zwischen diesen beiden Saisons &#8211; die Nebensaison wird hier bezeichnenderweise als &#8222;Green Season&#8220; ausgewiesen &#8211; kann es pl\u00f6tzlich zu Platzregen kommen und das passierte nat\u00fcrlich nach zwei Drittel der Distanz auf dem Collectivo. War die Fahrt bisher recht unspektakul\u00e4r verlaufen, bis auf die \u00c4ste und Zweige, die ab und zu am Dach des LKW abbrachen und auf die Ladefl\u00e4che fielen, wurde es jetzt trotz vorhandener LKW Plane recht ungem\u00fctlich, da durch den Fahrtwind der Regen trotzdem hineinkam und bald s\u00e4mtlich Insassen und ihr Gep\u00e4ck gewaschen waren. Gut, dass es Rucksackregen\u00fcberz\u00fcge gibt, die im g\u00fcnstigsten Fall dann auch noch griffbereit im Rucksack bereit liegen&#8230;<\/p>\n\n\n\n<figure class=\"wp-block-image\"><img decoding=\"async\" src=\"http:\/\/www.christophkessel.de\/images\/DSC04284.jpg\" alt=\"Weg zur La Leona Ecolodge\"\/><figcaption>Weg zur La Leona Ecolodge<\/figcaption><\/figure>\n\n\n\n<p>In Carate angekommen, wartete schon ein Pferdefuhrwerk auf unser Gep\u00e4ck, um es zur La Leona Eco Lodge zu bringen. \u00d6ko ist in diesem Zusammenhang bei dieser Unterkunft recht selbstverst\u00e4ndlich, denn die Zelth\u00fctten stehen ca. 2 km vom Endpunkt der Stra\u00dfe entfernt und hier gibt es einfach gar keinen Strom, so dass man darauf angewiesen ist, mit Kerzenlaternen die Weg nachts auszuleuchten und den ben\u00f6tigten Strom \u00fcber Sonnenkollektoren zu erzeugen. Das Pferdefuhrwerk statt eines Strandbuggys einzusetzen ist allerdings dann wirklich umweltbewusst, genauso wie uns Touris per Pedes antanzen zu lassen. Diese Abgeschiedenheit am Ende des Endes der Welt hatte schon etwas wirklich sehr sehr sch\u00f6nes. Noch sch\u00f6ner wurde es dann am n\u00e4chsten Tag, als El\u00ed, unser F\u00fchrer f\u00fcr die n\u00e4chsten drei Tage uns abholte. Das Wort &#8222;Guide&#8220;, wird weltweit ja sehr unterschiedlich ausgelegt. Es gibt Gegenden, bei denen das h\u00f6chste der Gef\u00fchle die Tatsache ist, dass der Guide halbwegs den Weg kennt. Alles abseits des Wegs kennt er nicht und die Verst\u00e4ndigung klappt auch eher mit den H\u00e4nden und F\u00fc\u00dfen &#8211; auch wenn man bereit ist, mehr Geld f\u00fcr besser ausgebildetes Personal auszugeben. El\u00ed \u00fcberraschte uns in den drei Tagen zun\u00e4chst durch sehr gutes Englisch, was auch nicht selbstverst\u00e4ndlich ist, sp\u00e4ter dann neben seinem Enthusiasmus f\u00fcr die Natur mit viel Wissen um Fauna, Flora und Geologie der Region. Das Laufen durch den Nationalpark hatte wirklich etwas von einem Bildungsurlaub an sich. Die 16 km lange Strecke von La Leona, dem Eingang in den Nationalpark, bis zur Sirena Forschungsstation hatten es in sich, so dass man manches Mal den Bildungseinheiten kaum noch folgen konnte bzw. wollte, da es mit dem recht schweren Rucksack und alleine 7 Litern, also 7 kg, Wasser nicht so einfach war, einen Fu\u00df vor den anderen zu setzten. Leider konnten wir nicht alle Mahlzeiten in der Forschungsstation in deren Kantine zu uns nehmen, so dass auch viele KG an Essen von uns geschleppt werden mussten, aber die physische Herausforderung und das Meistern derselben hatten es auch irgendwie etwas von innerem Schweinehund \u00fcberwinden. Zumal die Aussicht, hinter jedem Baum ein neues Tier zu entdecken dauerhaft motivierend wirkte.<\/p>\n\n\n\n<figure class=\"wp-block-image\"><img decoding=\"async\" src=\"http:\/\/www.christophkessel.de\/images\/DSC04808.jpg\" alt=\"Abends in der La Leona Ecolodge\"\/><figcaption>Abends in der La Leona Ecolodge<\/figcaption><\/figure>\n\n\n\n<p>Technisch war die Strecke recht anspruchslos, wenn man davon absieht, dass etwas ein Drittel am Strand zur\u00fcckgelegt werden muss und das Einsinken mit dem schweren Rucksack im Sand an Sisyphus-Arbeit erinnerte. Sp\u00e4ter kam mir die L\u00e4nge von El\u00ed gerade recht, der fast so gro\u00df war wie ich und somit \u00e4hnlich gro\u00dfe Schritte machte. So stapfte ich in seinen Spuren \u00fcber den schwarzen Sand des Pazifik-Strands. Im Regenwald ging es hingegen recht schnell voran, wenn El\u00ed nicht gerade wieder auf die Idee kam kurz mal querfeldein zu einem komisch gefalteten Riesenblatt zu stapfen, unter dem sich eine Fledermaus zum Schlafen verschanzt oder ein Giftpfeilfrosch sich im Laub verkrochen hatte. Ohne Guide w\u00e4ren wir geradeaus an den sch\u00f6nsten und faszinierendsten Lebewesen vielleicht einen Meter entfernt ahnungslos vorbei gestapft. Abends kamen wir dann an der Sirena Forschungsstation an. W\u00e4hrend uns auf dem Weg dorthin niemand auf dem 8 Stunden-Trip entgegenkam, sa\u00dfen auf der Veranda ein Dutzend Leute und noch mehr Besucher fanden sich auf dem Holzboden, auf dem bereits viele Innenzelt unter einem gro\u00dfen Dach aufgestellt waren. Sind diese Leute allesamt zu Fu\u00df hierhergekommen &#8211; leider nein. Sirena hat auch einen Feldweg zum Meer, der gleichzeitig als Urwaldpiste dient. Somit kann der zahlungskr\u00e4ftige Fu\u00dffaule auch einfliegen oder mit dem Boot hierher kommen. Nat\u00fcrlich ist das am Ende nicht so wunderbar, wenn man den ganzen Tag in der Natur alleine ist und abends dann auf engstem Raum praktisch keinerlei Privatsph\u00e4re mehr genie\u00dfen kann, aber die vielen Eindr\u00fccke, die man in der Natur den Tag \u00fcber gesammelt hat, wiegen das mehr als auf &#8211; auch wenn Hardcore-Schnarcher einem die Urwaldnacht zur H\u00f6lle machen k\u00f6nnen und die sonstigen Naturger\u00e4usche komplett \u00fcberlagern.<\/p>\n\n\n\n<figure class=\"wp-block-image\"><img decoding=\"async\" src=\"http:\/\/www.christophkessel.de\/images\/DSC04444.jpg\" alt=\"Piste und Forschungsstation Sirena\"\/><figcaption>Piste und Forschungsstation Sirena<\/figcaption><\/figure>\n\n\n\n<p>Das Essen in der Kantine von Leona war erstaunlich gut, daf\u00fcr dass man komplett abseits der Zivilisation sich aufh\u00e4lt. Auf Vegetarier ist man hier allerdings etwas unzureichend eingestellt. Sagt man, dass man kein Fleisch (und kein H\u00fchnchen und keinen Fisch) isst, wird der gef\u00fcllte Teller vom Fleisch befreit und man erh\u00e4lt als Kompensation drei Salatbl\u00e4tter zus\u00e4tzlich. Gut, dass wir noch Erdn\u00fcsse und Trockenobst den weiten Weg hierher geschleppt haben, ansonsten h\u00e4tten wir zus\u00e4tzliche Schlafprobleme wegen gro\u00dfem Hungergef\u00fchls gehabt. Man muss sein Zelt \u00fcbrigens nicht auf diesen Planken mit Dach aufstellen und wir dachten schon daran, das Zelt auf die davor liegende Wiese zu schleppen, um dem Mega-Schnarchern zu entgehen, aber ein Mega-Platzregen in der Nacht lehrte uns, dass es dann doch vielleicht vern\u00fcnftiger ist, ein trockenen Schlafplatz mit Schnarchger\u00e4uschen zu haben, als einen See im Innenzelt. Nach zwei N\u00e4chten vor Ort machten wir uns auf den R\u00fcckmarsch in die Zivilisation. Das Sch\u00f6ne am Rucksackwandern ist die Tatsache, dass man sich an die schweren Gewichte relativ schnell gew\u00f6hnt und dass die Kilos an Nahrung im Rucksack mit der Zeit abnahmen. Somit hielten sich die Strapazen zun\u00e4chst in Grenzen. Diese wurden dann aber durch die einsetzende Flut kompensiert. Sind wir auf dem Hinweg recht einfach \u00fcber den Strand vorangekommen, war es jetzt bei der einsetzenden Flut nicht mehr so einfach einen trockenen Fu\u00df vor den anderen zu setzen. Nasse F\u00fcsse sind hier weniger das Problem, als die Steilheit des Strands und die heftigen Wellen, die einen ins Meer ziehen k\u00f6nnen. El\u00ed beobachtete jedes Mal f\u00fcr ein paar Minuten die Bewegung der Brandung ehe er Zeichen f\u00fcr kurze Sprints durch den Sand gab. Mit dem Rucksack auf dem R\u00fccken kam ich mir wie bei der Grundausbildung bei der Bundeswehr vor und das als ehemaliger Zivi&#8230;<\/p>\n\n\n\n<figure class=\"wp-block-image\"><img decoding=\"async\" src=\"http:\/\/www.christophkessel.de\/images\/DSC04759.jpg\" alt=\"Schlange im Geb\u00fcsch am Wegrand\"\/><figcaption>Schlange im Geb\u00fcsch am Wegrand<\/figcaption><\/figure>\n\n\n\n<p>Costa Rica gilt ja allgemein als Schlangenland und ohne F\u00fchrer haben wir bei jedem Aufenthalt in disem Land bisher die sich entlang schl\u00e4ngelnden Gartenschl\u00e4uche &#8222;gefunden&#8220;. 90 Prozent der gesamten 3-Tages-Wanderung waren bereits zur\u00fcckgelegt, eher wir das erste Reptil entdeckten, bzw. El\u00ed es entdeckte, denn die Schlange kroch im Geb\u00fcsch lautlos von Ast zu Ast. &#8222;Non poisonous&#8220; war gleich die Bemerkung von El\u00ed, die mich entspannen lie\u00df. Schlangen bei\u00dfen ja &#8222;nur&#8220; wenn sie sich bedroht f\u00fchlen, wenn man aber die Schlange gar nicht bemerkt, kann so eine Bedrohung schneller entstehen, als einem lieb ist. Gut zu wissen, dass Costa Rica reichlich mit Antiseren ausgestattet ist, um gegebenenfalls auf einen Schlangenbiss zu reagieren &#8211; nur bei 200 Schlangenarten, wir die Gabe des richtigen Mittels dann schon wieder zu einem Gl\u00fccksspiel, auf das ich gerne verzichten kann.<\/p>\n\n\n\n<figure class=\"wp-block-image\"><img decoding=\"async\" src=\"http:\/\/www.christophkessel.de\/images\/DSC05186.jpg\" alt=\"Abflug von Puerto Jim\u00e9nez nach San Jos\u00e9\"\/><figcaption>Abflug von Puerto Jim\u00e9nez nach San Jos\u00e9<\/figcaption><\/figure>\n\n\n\n<p>Nach dem Ende der Tour waren wir dann auf der Osa-Halbinsel noch einige Tage alleine auf Wanderschaft gewesen, ehe es mit einer einstrahligen Cessna 208 in die Hauptstadt San Jos\u00e9 ging. Auch hier l\u00e4uft das Procedere am Flughafen noch anders ab als gewohnt. Zum zweiten Mal \u00fcberhaupt (nach Guyana 2002) wurde ich mit meinem Handgep\u00e4ck gewogen! Die Maschine hatte auch nur wenige Minuten Aufenthalt, Sicherheitskontrollen gab es gar nicht und die Bordkarten waren wiederverwertbare Plastikkarten. Ach so, und Schilder gab es nat\u00fcrlich auch keine!<\/p>\n\n\n<p><!--EndFragment--><\/p>\n<p><\/p>","protected":false},"excerpt":{"rendered":"<p>Mittlerweile sind wir schon wieder in unserem St\u00e4dtchen angekommen, aber in den letzten Tagen ging es \u00fcber Ostern mal wieder nach Costa Rica&#8230;Wie? Schon wieder Costa Rica? Ja, es hat uns in der Tat wieder einmal zu den Ticos und Ticas nach Mittelamerika gezogen. Aber dieses Mal begann die Reise \u201ewenigstens\u201c in Panama, dem ich &hellip; <\/p>\n<p class=\"link-more\"><a href=\"https:\/\/www.meenzer-on-tour.de\/blog\/mittelamerika-2014\/\" class=\"more-link\"><span class=\"screen-reader-text\">\u201eMittelamerika 2014\u201c <\/span>weiterlesen<\/a><\/p>\n","protected":false},"author":1,"featured_media":0,"comment_status":"open","ping_status":"open","sticky":false,"template":"","format":"standard","meta":{"footnotes":""},"categories":[133],"tags":[131,130,132,90,89,153],"class_list":["post-152","post","type-post","status-publish","format-standard","hentry","category-mittelamerika","tag-costa-rica","tag-mittelamerika","tag-panama","tag-reiseberichte","tag-reisen","tag-rucksackreise"],"yoast_head":"<!-- This site is optimized with the Yoast SEO plugin v27.5 - https:\/\/yoast.com\/product\/yoast-seo-wordpress\/ -->\n<title>Mittelamerika 2014 - Meenzer on Tour Blog<\/title>\n<meta name=\"robots\" content=\"index, follow, max-snippet:-1, max-image-preview:large, max-video-preview:-1\" \/>\n<link rel=\"canonical\" href=\"https:\/\/www.meenzer-on-tour.de\/blog\/mittelamerika-2014\/\" \/>\n<meta property=\"og:locale\" content=\"de_DE\" \/>\n<meta property=\"og:type\" content=\"article\" \/>\n<meta property=\"og:title\" content=\"Mittelamerika 2014 - Meenzer on Tour Blog\" \/>\n<meta property=\"og:description\" content=\"Mittlerweile sind wir schon wieder in unserem St\u00e4dtchen angekommen, aber in den letzten Tagen ging es \u00fcber Ostern mal wieder nach Costa Rica&#8230;Wie? Schon wieder Costa Rica? Ja, es hat uns in der Tat wieder einmal zu den Ticos und Ticas nach Mittelamerika gezogen. Aber dieses Mal begann die Reise \u201ewenigstens\u201c in Panama, dem ich &hellip; \u201eMittelamerika 2014\u201c weiterlesen\" \/>\n<meta property=\"og:url\" content=\"https:\/\/www.meenzer-on-tour.de\/blog\/mittelamerika-2014\/\" \/>\n<meta property=\"og:site_name\" content=\"Meenzer on Tour Blog\" \/>\n<meta property=\"article:published_time\" content=\"2014-05-04T17:20:23+00:00\" \/>\n<meta property=\"article:modified_time\" content=\"2019-04-08T05:57:14+00:00\" \/>\n<meta property=\"og:image\" content=\"http:\/\/www.christophkessel.de\/images\/DSC04179.jpg\" \/>\n<meta name=\"author\" content=\"Christoph\" \/>\n<meta name=\"twitter:card\" content=\"summary_large_image\" \/>\n<meta name=\"twitter:label1\" content=\"Verfasst von\" \/>\n\t<meta name=\"twitter:data1\" content=\"Christoph\" \/>\n\t<meta name=\"twitter:label2\" content=\"Gesch\u00e4tzte Lesezeit\" \/>\n\t<meta name=\"twitter:data2\" content=\"15\u00a0Minuten\" \/>\n<script type=\"application\/ld+json\" class=\"yoast-schema-graph\">{\"@context\":\"https:\\\/\\\/schema.org\",\"@graph\":[{\"@type\":\"Article\",\"@id\":\"https:\\\/\\\/www.meenzer-on-tour.de\\\/blog\\\/mittelamerika-2014\\\/#article\",\"isPartOf\":{\"@id\":\"https:\\\/\\\/www.meenzer-on-tour.de\\\/blog\\\/mittelamerika-2014\\\/\"},\"author\":{\"name\":\"Christoph\",\"@id\":\"https:\\\/\\\/www.meenzer-on-tour.de\\\/blog\\\/#\\\/schema\\\/person\\\/e8a97e9efa1062d69a2cbb01f96b919f\"},\"headline\":\"Mittelamerika 2014\",\"datePublished\":\"2014-05-04T17:20:23+00:00\",\"dateModified\":\"2019-04-08T05:57:14+00:00\",\"mainEntityOfPage\":{\"@id\":\"https:\\\/\\\/www.meenzer-on-tour.de\\\/blog\\\/mittelamerika-2014\\\/\"},\"wordCount\":3090,\"commentCount\":0,\"publisher\":{\"@id\":\"https:\\\/\\\/www.meenzer-on-tour.de\\\/blog\\\/#\\\/schema\\\/person\\\/e8a97e9efa1062d69a2cbb01f96b919f\"},\"image\":{\"@id\":\"https:\\\/\\\/www.meenzer-on-tour.de\\\/blog\\\/mittelamerika-2014\\\/#primaryimage\"},\"thumbnailUrl\":\"http:\\\/\\\/www.christophkessel.de\\\/images\\\/DSC04179.jpg\",\"keywords\":[\"Costa Rica\",\"Mittelamerika\",\"Panama\",\"Reiseberichte\",\"Reisen\",\"Rucksackreise\"],\"articleSection\":[\"Mittelamerika\"],\"inLanguage\":\"de\",\"potentialAction\":[{\"@type\":\"CommentAction\",\"name\":\"Comment\",\"target\":[\"https:\\\/\\\/www.meenzer-on-tour.de\\\/blog\\\/mittelamerika-2014\\\/#respond\"]}]},{\"@type\":\"WebPage\",\"@id\":\"https:\\\/\\\/www.meenzer-on-tour.de\\\/blog\\\/mittelamerika-2014\\\/\",\"url\":\"https:\\\/\\\/www.meenzer-on-tour.de\\\/blog\\\/mittelamerika-2014\\\/\",\"name\":\"Mittelamerika 2014 - Meenzer on Tour Blog\",\"isPartOf\":{\"@id\":\"https:\\\/\\\/www.meenzer-on-tour.de\\\/blog\\\/#website\"},\"primaryImageOfPage\":{\"@id\":\"https:\\\/\\\/www.meenzer-on-tour.de\\\/blog\\\/mittelamerika-2014\\\/#primaryimage\"},\"image\":{\"@id\":\"https:\\\/\\\/www.meenzer-on-tour.de\\\/blog\\\/mittelamerika-2014\\\/#primaryimage\"},\"thumbnailUrl\":\"http:\\\/\\\/www.christophkessel.de\\\/images\\\/DSC04179.jpg\",\"datePublished\":\"2014-05-04T17:20:23+00:00\",\"dateModified\":\"2019-04-08T05:57:14+00:00\",\"breadcrumb\":{\"@id\":\"https:\\\/\\\/www.meenzer-on-tour.de\\\/blog\\\/mittelamerika-2014\\\/#breadcrumb\"},\"inLanguage\":\"de\",\"potentialAction\":[{\"@type\":\"ReadAction\",\"target\":[\"https:\\\/\\\/www.meenzer-on-tour.de\\\/blog\\\/mittelamerika-2014\\\/\"]}]},{\"@type\":\"ImageObject\",\"inLanguage\":\"de\",\"@id\":\"https:\\\/\\\/www.meenzer-on-tour.de\\\/blog\\\/mittelamerika-2014\\\/#primaryimage\",\"url\":\"http:\\\/\\\/www.christophkessel.de\\\/images\\\/DSC04179.jpg\",\"contentUrl\":\"http:\\\/\\\/www.christophkessel.de\\\/images\\\/DSC04179.jpg\"},{\"@type\":\"BreadcrumbList\",\"@id\":\"https:\\\/\\\/www.meenzer-on-tour.de\\\/blog\\\/mittelamerika-2014\\\/#breadcrumb\",\"itemListElement\":[{\"@type\":\"ListItem\",\"position\":1,\"name\":\"Startseite\",\"item\":\"https:\\\/\\\/www.meenzer-on-tour.de\\\/blog\\\/\"},{\"@type\":\"ListItem\",\"position\":2,\"name\":\"Mittelamerika 2014\"}]},{\"@type\":\"WebSite\",\"@id\":\"https:\\\/\\\/www.meenzer-on-tour.de\\\/blog\\\/#website\",\"url\":\"https:\\\/\\\/www.meenzer-on-tour.de\\\/blog\\\/\",\"name\":\"Meenzer on Tour Blog\",\"description\":\"Reisen - Fankultur - B&uuml;cher - Mainz\",\"publisher\":{\"@id\":\"https:\\\/\\\/www.meenzer-on-tour.de\\\/blog\\\/#\\\/schema\\\/person\\\/e8a97e9efa1062d69a2cbb01f96b919f\"},\"potentialAction\":[{\"@type\":\"SearchAction\",\"target\":{\"@type\":\"EntryPoint\",\"urlTemplate\":\"https:\\\/\\\/www.meenzer-on-tour.de\\\/blog\\\/?s={search_term_string}\"},\"query-input\":{\"@type\":\"PropertyValueSpecification\",\"valueRequired\":true,\"valueName\":\"search_term_string\"}}],\"inLanguage\":\"de\"},{\"@type\":[\"Person\",\"Organization\"],\"@id\":\"https:\\\/\\\/www.meenzer-on-tour.de\\\/blog\\\/#\\\/schema\\\/person\\\/e8a97e9efa1062d69a2cbb01f96b919f\",\"name\":\"Christoph\",\"image\":{\"@type\":\"ImageObject\",\"inLanguage\":\"de\",\"@id\":\"https:\\\/\\\/www.meenzer-on-tour.de\\\/blog\\\/wp-content\\\/uploads\\\/2021\\\/08\\\/A107190A-FC35-48EA-8B44-CF4EB9117345.jpeg\",\"url\":\"https:\\\/\\\/www.meenzer-on-tour.de\\\/blog\\\/wp-content\\\/uploads\\\/2021\\\/08\\\/A107190A-FC35-48EA-8B44-CF4EB9117345.jpeg\",\"contentUrl\":\"https:\\\/\\\/www.meenzer-on-tour.de\\\/blog\\\/wp-content\\\/uploads\\\/2021\\\/08\\\/A107190A-FC35-48EA-8B44-CF4EB9117345.jpeg\",\"width\":2000,\"height\":1200,\"caption\":\"Christoph\"},\"logo\":{\"@id\":\"https:\\\/\\\/www.meenzer-on-tour.de\\\/blog\\\/wp-content\\\/uploads\\\/2021\\\/08\\\/A107190A-FC35-48EA-8B44-CF4EB9117345.jpeg\"},\"url\":\"https:\\\/\\\/www.meenzer-on-tour.de\\\/blog\\\/author\\\/admin\\\/\"}]}<\/script>\n<!-- \/ Yoast SEO plugin. -->","yoast_head_json":{"title":"Mittelamerika 2014 - Meenzer on Tour Blog","robots":{"index":"index","follow":"follow","max-snippet":"max-snippet:-1","max-image-preview":"max-image-preview:large","max-video-preview":"max-video-preview:-1"},"canonical":"https:\/\/www.meenzer-on-tour.de\/blog\/mittelamerika-2014\/","og_locale":"de_DE","og_type":"article","og_title":"Mittelamerika 2014 - Meenzer on Tour Blog","og_description":"Mittlerweile sind wir schon wieder in unserem St\u00e4dtchen angekommen, aber in den letzten Tagen ging es \u00fcber Ostern mal wieder nach Costa Rica&#8230;Wie? Schon wieder Costa Rica? Ja, es hat uns in der Tat wieder einmal zu den Ticos und Ticas nach Mittelamerika gezogen. Aber dieses Mal begann die Reise \u201ewenigstens\u201c in Panama, dem ich &hellip; \u201eMittelamerika 2014\u201c weiterlesen","og_url":"https:\/\/www.meenzer-on-tour.de\/blog\/mittelamerika-2014\/","og_site_name":"Meenzer on Tour Blog","article_published_time":"2014-05-04T17:20:23+00:00","article_modified_time":"2019-04-08T05:57:14+00:00","og_image":[{"url":"http:\/\/www.christophkessel.de\/images\/DSC04179.jpg","type":"","width":"","height":""}],"author":"Christoph","twitter_card":"summary_large_image","twitter_misc":{"Verfasst von":"Christoph","Gesch\u00e4tzte Lesezeit":"15\u00a0Minuten"},"schema":{"@context":"https:\/\/schema.org","@graph":[{"@type":"Article","@id":"https:\/\/www.meenzer-on-tour.de\/blog\/mittelamerika-2014\/#article","isPartOf":{"@id":"https:\/\/www.meenzer-on-tour.de\/blog\/mittelamerika-2014\/"},"author":{"name":"Christoph","@id":"https:\/\/www.meenzer-on-tour.de\/blog\/#\/schema\/person\/e8a97e9efa1062d69a2cbb01f96b919f"},"headline":"Mittelamerika 2014","datePublished":"2014-05-04T17:20:23+00:00","dateModified":"2019-04-08T05:57:14+00:00","mainEntityOfPage":{"@id":"https:\/\/www.meenzer-on-tour.de\/blog\/mittelamerika-2014\/"},"wordCount":3090,"commentCount":0,"publisher":{"@id":"https:\/\/www.meenzer-on-tour.de\/blog\/#\/schema\/person\/e8a97e9efa1062d69a2cbb01f96b919f"},"image":{"@id":"https:\/\/www.meenzer-on-tour.de\/blog\/mittelamerika-2014\/#primaryimage"},"thumbnailUrl":"http:\/\/www.christophkessel.de\/images\/DSC04179.jpg","keywords":["Costa Rica","Mittelamerika","Panama","Reiseberichte","Reisen","Rucksackreise"],"articleSection":["Mittelamerika"],"inLanguage":"de","potentialAction":[{"@type":"CommentAction","name":"Comment","target":["https:\/\/www.meenzer-on-tour.de\/blog\/mittelamerika-2014\/#respond"]}]},{"@type":"WebPage","@id":"https:\/\/www.meenzer-on-tour.de\/blog\/mittelamerika-2014\/","url":"https:\/\/www.meenzer-on-tour.de\/blog\/mittelamerika-2014\/","name":"Mittelamerika 2014 - Meenzer on Tour Blog","isPartOf":{"@id":"https:\/\/www.meenzer-on-tour.de\/blog\/#website"},"primaryImageOfPage":{"@id":"https:\/\/www.meenzer-on-tour.de\/blog\/mittelamerika-2014\/#primaryimage"},"image":{"@id":"https:\/\/www.meenzer-on-tour.de\/blog\/mittelamerika-2014\/#primaryimage"},"thumbnailUrl":"http:\/\/www.christophkessel.de\/images\/DSC04179.jpg","datePublished":"2014-05-04T17:20:23+00:00","dateModified":"2019-04-08T05:57:14+00:00","breadcrumb":{"@id":"https:\/\/www.meenzer-on-tour.de\/blog\/mittelamerika-2014\/#breadcrumb"},"inLanguage":"de","potentialAction":[{"@type":"ReadAction","target":["https:\/\/www.meenzer-on-tour.de\/blog\/mittelamerika-2014\/"]}]},{"@type":"ImageObject","inLanguage":"de","@id":"https:\/\/www.meenzer-on-tour.de\/blog\/mittelamerika-2014\/#primaryimage","url":"http:\/\/www.christophkessel.de\/images\/DSC04179.jpg","contentUrl":"http:\/\/www.christophkessel.de\/images\/DSC04179.jpg"},{"@type":"BreadcrumbList","@id":"https:\/\/www.meenzer-on-tour.de\/blog\/mittelamerika-2014\/#breadcrumb","itemListElement":[{"@type":"ListItem","position":1,"name":"Startseite","item":"https:\/\/www.meenzer-on-tour.de\/blog\/"},{"@type":"ListItem","position":2,"name":"Mittelamerika 2014"}]},{"@type":"WebSite","@id":"https:\/\/www.meenzer-on-tour.de\/blog\/#website","url":"https:\/\/www.meenzer-on-tour.de\/blog\/","name":"Meenzer on Tour Blog","description":"Reisen - Fankultur - B&uuml;cher - Mainz","publisher":{"@id":"https:\/\/www.meenzer-on-tour.de\/blog\/#\/schema\/person\/e8a97e9efa1062d69a2cbb01f96b919f"},"potentialAction":[{"@type":"SearchAction","target":{"@type":"EntryPoint","urlTemplate":"https:\/\/www.meenzer-on-tour.de\/blog\/?s={search_term_string}"},"query-input":{"@type":"PropertyValueSpecification","valueRequired":true,"valueName":"search_term_string"}}],"inLanguage":"de"},{"@type":["Person","Organization"],"@id":"https:\/\/www.meenzer-on-tour.de\/blog\/#\/schema\/person\/e8a97e9efa1062d69a2cbb01f96b919f","name":"Christoph","image":{"@type":"ImageObject","inLanguage":"de","@id":"https:\/\/www.meenzer-on-tour.de\/blog\/wp-content\/uploads\/2021\/08\/A107190A-FC35-48EA-8B44-CF4EB9117345.jpeg","url":"https:\/\/www.meenzer-on-tour.de\/blog\/wp-content\/uploads\/2021\/08\/A107190A-FC35-48EA-8B44-CF4EB9117345.jpeg","contentUrl":"https:\/\/www.meenzer-on-tour.de\/blog\/wp-content\/uploads\/2021\/08\/A107190A-FC35-48EA-8B44-CF4EB9117345.jpeg","width":2000,"height":1200,"caption":"Christoph"},"logo":{"@id":"https:\/\/www.meenzer-on-tour.de\/blog\/wp-content\/uploads\/2021\/08\/A107190A-FC35-48EA-8B44-CF4EB9117345.jpeg"},"url":"https:\/\/www.meenzer-on-tour.de\/blog\/author\/admin\/"}]}},"_links":{"self":[{"href":"https:\/\/www.meenzer-on-tour.de\/blog\/wp-json\/wp\/v2\/posts\/152","targetHints":{"allow":["GET"]}}],"collection":[{"href":"https:\/\/www.meenzer-on-tour.de\/blog\/wp-json\/wp\/v2\/posts"}],"about":[{"href":"https:\/\/www.meenzer-on-tour.de\/blog\/wp-json\/wp\/v2\/types\/post"}],"author":[{"embeddable":true,"href":"https:\/\/www.meenzer-on-tour.de\/blog\/wp-json\/wp\/v2\/users\/1"}],"replies":[{"embeddable":true,"href":"https:\/\/www.meenzer-on-tour.de\/blog\/wp-json\/wp\/v2\/comments?post=152"}],"version-history":[{"count":2,"href":"https:\/\/www.meenzer-on-tour.de\/blog\/wp-json\/wp\/v2\/posts\/152\/revisions"}],"predecessor-version":[{"id":155,"href":"https:\/\/www.meenzer-on-tour.de\/blog\/wp-json\/wp\/v2\/posts\/152\/revisions\/155"}],"wp:attachment":[{"href":"https:\/\/www.meenzer-on-tour.de\/blog\/wp-json\/wp\/v2\/media?parent=152"}],"wp:term":[{"taxonomy":"category","embeddable":true,"href":"https:\/\/www.meenzer-on-tour.de\/blog\/wp-json\/wp\/v2\/categories?post=152"},{"taxonomy":"post_tag","embeddable":true,"href":"https:\/\/www.meenzer-on-tour.de\/blog\/wp-json\/wp\/v2\/tags?post=152"}],"curies":[{"name":"wp","href":"https:\/\/api.w.org\/{rel}","templated":true}]}}