{"id":1497,"date":"2021-05-23T11:37:43","date_gmt":"2021-05-23T09:37:43","guid":{"rendered":"https:\/\/www.meenzer-on-tour.de\/blog\/?p=1497"},"modified":"2021-05-24T08:03:29","modified_gmt":"2021-05-24T06:03:29","slug":"aus-dem-test-wird-ein-fest","status":"publish","type":"post","link":"https:\/\/www.meenzer-on-tour.de\/blog\/aus-dem-test-wird-ein-fest\/","title":{"rendered":"Aus dem Test wird ein Fest"},"content":{"rendered":"\n<p>In Deutschland endlich einmal irgendwo anders als in den eigenen vier W\u00e4nden die Seele baumeln lassen? Das war seit Anfang November ein Ding der Unm\u00f6glichkeit und zwar in allen Bundesl\u00e4ndern. Doch Mitten in der dritten Welle der Pandemie tat sich pl\u00f6tzlich etwas, zu einem Zeitpunkt, an dem es gerade so schien, als sei das Licht am Ende des Tunnels der Pandemie gerade wieder in weite Ferne ger\u00fcckt.<\/p>\n\n\n\n<p>Der F\u00f6deralismus wurde in unserer Republik in der Pandemie teilweise recht hart kritisiert, etwa wenn zum Beispiel auf der rechten Rheinseite bei h\u00f6heren Inzidenzen Fitnessstudios \u00f6ffnen durften und linksrheinisch die T\u00fcren f\u00fcr Sportler*innen verschlossen blieben.<\/p>\n\n\n\n<p>Ein zweiter Kritikpunkt, der uns in Deutschland sicherlich zu Recht trifft, ist oftmals der fehlende Pragmatismus. Wir m\u00f6chten das Leben in geregelte Bahnen bringen. Das funktioniert in \u201enormalen\u201c Zeiten gr\u00f6\u00dftenteils ganz gut, in einer Pandemie ist es allerdings schwerlich m\u00f6glich, jeder Situation, die teilweise vollkommen neu f\u00fcr alle war, mit klar definierten Regeln zu begegnen.<\/p>\n\n\n\n<p>Wenn allerdings die Chancen, die der F\u00f6deralismus den Entscheidungstr\u00e4ger*innen in unserem Land bietet, mit einer Prise Pragmatismus angereichert wird, k\u00f6nnen Projekte realisiert werden, wie sie das Land Schleswig-Holstein Anfang April angeschoben hat.<\/p>\n\n\n\n<figure class=\"wp-block-image size-large\"><a href=\"https:\/\/www.meenzer-on-tour.de\/blog\/wp-content\/uploads\/2021\/05\/AGKB55481-scaled.jpeg\"><img loading=\"lazy\" decoding=\"async\" width=\"1024\" height=\"768\" src=\"https:\/\/www.meenzer-on-tour.de\/blog\/wp-content\/uploads\/2021\/05\/AGKB55481-1024x768.jpeg\" alt=\"\" class=\"wp-image-1500\" srcset=\"https:\/\/www.meenzer-on-tour.de\/blog\/wp-content\/uploads\/2021\/05\/AGKB55481-1024x768.jpeg 1024w, https:\/\/www.meenzer-on-tour.de\/blog\/wp-content\/uploads\/2021\/05\/AGKB55481-300x225.jpeg 300w, https:\/\/www.meenzer-on-tour.de\/blog\/wp-content\/uploads\/2021\/05\/AGKB55481-768x576.jpeg 768w, https:\/\/www.meenzer-on-tour.de\/blog\/wp-content\/uploads\/2021\/05\/AGKB55481-1536x1152.jpeg 1536w, https:\/\/www.meenzer-on-tour.de\/blog\/wp-content\/uploads\/2021\/05\/AGKB55481-2048x1536.jpeg 2048w\" sizes=\"auto, (max-width: 767px) 89vw, (max-width: 1000px) 54vw, (max-width: 1071px) 543px, 580px\" \/><\/a><figcaption>\u00dcberfahrt von Dageb\u00fcll nach Amrum auf dem Sonnendeck<\/figcaption><\/figure>\n\n\n\n<p>Wer die Deutschlandkarte mit den 7-Tage-Inzidenzen in den letzten Monaten genau studiert hat, sah, dass ganz oben immer eine Farbe dominierte, sei es gr\u00fcn, hellgelb oder grau, die im Rest der Karte fehlte. Die Inzidenzen in vielen Landkreisen Schleswig-Holsteins waren schon zu Beginn des Fr\u00fchjahrs so niedrig, dass sich hier tats\u00e4chlich die M\u00f6glichkeit bot, der Tourismusbranche einen Weg aufzuzeigen, wie Reisen in der Pandemie f\u00fcr Ungeimpfte m\u00f6glich sein kann, ohne unvorsichtig oder riskant zu handeln.<\/p>\n\n\n\n<p>So habe ich an einem Freitag Anfang April in einer touristischen Fachzeitschrift das erste Mal von Modellprojekten im Tourismus gelesen, mit denen Schleswig-Holstein der Branche und vielen Urlaubsinteressierten einen Weg aufzeigen wollte, um touristische Reisen wieder m\u00f6glich zu machen. F\u00fcr dieses Projekt haben sich viele Landkreise des n\u00f6rdlichsten Bundeslands beworben. Das Land hat schlie\u00dflich vier Regionen mit unterschiedlichen Sicherheits- und Hygiene-Konzepten ausgew\u00e4hlt.<\/p>\n\n\n\n<p>Bereits ab Mitte April sollten die ersten Regionen an den Start gehen. Der Landkreis Nordfriesland mit seinen wundersch\u00f6nen Inseln wollte Anfang Mai folgen. So wurde pl\u00f6tzlich mein immer gleiches Wochenende, das seit Fr\u00fchjahrsbeginn immer samstags mit einer Tageswanderung im erweiterten Umkreis von Mainz etwas aufpoliert wurde, pl\u00f6tzlich um den Faktor \u201eReiseplanung\u201c erweitert. F\u00fcr mich und meine Partnerin war klar, dass wir unbedingt auf eine der Inseln wollten. Das bedeute auch, dass wir unsere Tour erst Anfang Mai starten w\u00fcrden und noch etwas Zeit hatten. Zeit hatte allerdings damit auch die Pandemie, um diese Projekte infolge etwaiger steigender Infektionszahlen wieder zu beenden. Schlie\u00dflich galt die Regel, dass, falls die Inzidenz \u00fcber 100 steigen sollte, alles wieder dicht gemacht wird und alle wieder h\u00e4tten abreisen m\u00fcssen.<\/p>\n\n\n\n<p>W\u00e4hrend ich samstags den Lahnwanderweg erwanderte, begab sich meine Partnerin virtuell auf die Suche nach einer Ferienwohnung auf Amrum. Dorthin wollten wir schon immer \u2013 der wilden Natur wegen. Und kurz vor dem Ende meiner Wanderung teilte sie mir ihren Favoriten mit. Da wir nicht wussten, wie hoch die Nachfrage nach Ferienwohnungen war, sendete ich noch auf der Wanderung meine Anfrage ab. Zu dieser Zeit fand sich in den \u00fcberregionalen Medien allerdings noch gar keine Meldung zu den Modellregionen.<\/p>\n\n\n\n<p>Gleichzeitig wussten wir zu diesem Zeitpunkt gar nicht, ob wir \u00fcberhaupt nach Schleswig-Holstein einreisen durften. Schlie\u00dflich gab es im letzten Jahr Bundesl\u00e4nder, die zun\u00e4chst nur ihren Landeskindern eine Reise erlaubten. Auf den informativen Seiten der schleswig-holsteinischen Landesregierung fand sich ein solcher Passus nicht. Beruhigt hat uns das allerdings auch nicht wirklich, denn die Pandemie hat immer wieder gezeigt, dass man mit \u00dcberraschungen zu rechnen hatte.<\/p>\n\n\n\n<figure class=\"wp-block-image size-large\"><a href=\"https:\/\/www.meenzer-on-tour.de\/blog\/wp-content\/uploads\/2021\/05\/RJQH73831-scaled.jpeg\"><img loading=\"lazy\" decoding=\"async\" width=\"1024\" height=\"768\" src=\"https:\/\/www.meenzer-on-tour.de\/blog\/wp-content\/uploads\/2021\/05\/RJQH73831-1024x768.jpeg\" alt=\"\" class=\"wp-image-1501\" srcset=\"https:\/\/www.meenzer-on-tour.de\/blog\/wp-content\/uploads\/2021\/05\/RJQH73831-1024x768.jpeg 1024w, https:\/\/www.meenzer-on-tour.de\/blog\/wp-content\/uploads\/2021\/05\/RJQH73831-300x225.jpeg 300w, https:\/\/www.meenzer-on-tour.de\/blog\/wp-content\/uploads\/2021\/05\/RJQH73831-768x576.jpeg 768w, https:\/\/www.meenzer-on-tour.de\/blog\/wp-content\/uploads\/2021\/05\/RJQH73831-1536x1152.jpeg 1536w, https:\/\/www.meenzer-on-tour.de\/blog\/wp-content\/uploads\/2021\/05\/RJQH73831-2048x1536.jpeg 2048w\" sizes=\"auto, (max-width: 767px) 89vw, (max-width: 1000px) 54vw, (max-width: 1071px) 543px, 580px\" \/><\/a><figcaption>Antigen-Schnelltests sind Pflicht, aber \u00fcber all verf\u00fcgbar und gratis.<\/figcaption><\/figure>\n\n\n\n<p>Daf\u00fcr meldete sich das vermietende Paar recht schnell bei uns. Wir waren eigentlich davon ausgegangen, dass jede vermietende Person bei diesem Projekt w\u00fcrde mitmachen. Dem war zu diesem Zeitpunkt allerdings nicht so. Wir hatten aber Gl\u00fcck, denn das Paar zeigte sich \u00fcber unsere Anfrage erfreut und nahm die Reservierung unter Vorbehalt entgegen \u2013 schlie\u00dflich waren es noch drei Wochen bis zur Anreise und in Deutschland war die dritte Welle gerade am hochschwappen.<\/p>\n\n\n\n<p>Um ehrlich zu sein, hatten wir Mitte April auch nicht wirklich damit gerechnet, dass dieses Projekt wirklich startet. Schlie\u00dflich hatte auch Ende M\u00e4rz die Au\u00dfengastronomie in Mainz ge\u00f6ffnet \u2013 f\u00fcr genau f\u00fcnf Tage, ehe alles wieder schlie\u00dfen musste und w\u00e4hrend ich meine Buchung f\u00fcr das Ferienhaus auf Amrum am Koblenzer Hauptbahnhof vornahm und die Bahn wegen Personen im Gleis Versp\u00e4tung hatte, musste ich mir danach erstmal Gedanken machen, was eigentlich passiert, wenn ich in Mainz arg versp\u00e4tetet ankommen w\u00fcrde \u2013 schlie\u00dflich galt damals ab 21 Uhr eine Ausgangssperre. Schlie\u00dflich erreichte ich unsere Wohnung um halb neun Uhr abends.<\/p>\n\n\n\n<p>Wir beobachteten in der Folgezeit jeden Morgen die Inzidenzen in Nordfriesland. Sie verharrten weiterhin auf einem Level, von dem wir in Mainz nur tr\u00e4umen konnten: plus minus 30! Gleichzeitig machten wir uns Gedanken, wie wir in einem Tag von Mainz auf die Insel Amrum gelangen k\u00f6nnten. Mit dem Zug war das theoretisch m\u00f6glich. Allerdings hatten wir wenig Lust, auf 12 Stunden Zugfahrt mit Maske und der Ungewissheit am Ende einen Anschluss zu verpassen und es nicht am selben Tag auf die Insel zu schaffen.<\/p>\n\n\n\n<p>Gleichzeitig war es unm\u00f6glich, die Reise mit dem Auto unterwegs irgendwo zu unterbrechen. Touristische \u00dcbernachtungen waren weder in Rheinland-Pfalz, Hessen, Niedersachen oder Hamburg Ende April\/Anfang Mai erlaubt. Wir mussten es daher auf jeden Fall in einem Tag von Mainz bis nach Schleswig-Holstein schaffen. Gl\u00fccklicherweise gab es mit den Regionen B\u00fcsum, Innere L\u00fcbecker Bucht und Schlei\/Eckernf\u00f6rde weitere Landesteile, die sich f\u00fcr Tourist*innen \u00f6ffnen durften \u2013 und das bereits ab Mitte April. Diese waren auch nicht von der Bundesnotbremse mit ihren Ausgangssperren betroffen, so dass wir auch zu sp\u00e4ter Stunde h\u00e4tten anreisen k\u00f6nnen &#8211; bis 22 Uhr die Landesgrenze Hamburgs  hinter uns zu lassen, sollte machbar sein.<\/p>\n\n\n\n<figure class=\"wp-block-image size-large\"><a href=\"https:\/\/www.meenzer-on-tour.de\/blog\/wp-content\/uploads\/2021\/05\/WWFQ72301-scaled.jpeg\"><img loading=\"lazy\" decoding=\"async\" width=\"1024\" height=\"768\" src=\"https:\/\/www.meenzer-on-tour.de\/blog\/wp-content\/uploads\/2021\/05\/WWFQ72301-1024x768.jpeg\" alt=\"\" class=\"wp-image-1502\" srcset=\"https:\/\/www.meenzer-on-tour.de\/blog\/wp-content\/uploads\/2021\/05\/WWFQ72301-1024x768.jpeg 1024w, https:\/\/www.meenzer-on-tour.de\/blog\/wp-content\/uploads\/2021\/05\/WWFQ72301-300x225.jpeg 300w, https:\/\/www.meenzer-on-tour.de\/blog\/wp-content\/uploads\/2021\/05\/WWFQ72301-768x576.jpeg 768w, https:\/\/www.meenzer-on-tour.de\/blog\/wp-content\/uploads\/2021\/05\/WWFQ72301-1536x1152.jpeg 1536w, https:\/\/www.meenzer-on-tour.de\/blog\/wp-content\/uploads\/2021\/05\/WWFQ72301-2048x1536.jpeg 2048w\" sizes=\"auto, (max-width: 767px) 89vw, (max-width: 1000px) 54vw, (max-width: 1071px) 543px, 580px\" \/><\/a><figcaption>Die Nutzung der Luca-App war f\u00fcr Restaurant-Besuche Pflicht &#8211; drinnen wie drau\u00dfen<\/figcaption><\/figure>\n\n\n\n<p>Daher wollten wir bereits ein oder zwei Tage vor dem 1. Mai gen Norden fahren und in einer der anderen Regionen \u00fcbernachten. Wir buchten \u00fcber eine Buchungsplattform ein Hotel in B\u00fcsum \u2013 diese Region war von Mainz aus gesehen die n\u00e4chst gelegene. Das Hotel meldete sich relativ schnell und meinte, sie m\u00fcssten unsere Reservierung stornieren, da das mit der Modellregion noch nicht sicher sei. Wie sich sp\u00e4ter herausstellte sollte das Hotel Recht behalten. Aufgrund steigender Fallzahlen \u00f6ffnete B\u00fcsum tats\u00e4chlich erst Wochen sp\u00e4ter.<\/p>\n\n\n\n<p>Der n\u00e4chste Versuch in der Inneren L\u00fcbecker Bucht und die n\u00e4chste Absage: Das Hotel m\u00f6chte bis auf Weiteres weiterhin nur Gesch\u00e4ftsreisende beherbergen. In der Tat waren \u00dcbernachtungen von Gesch\u00e4ftsreisenden in der Bundesrepublik nie verboten. Dass da das Hotel erstmal abwarten wollte, wie sich die Lage entwickelt war verst\u00e4ndlich, zumal auch diese Region tats\u00e4chlich erst sp\u00e4ter als Mitte\/Ende April \u00f6ffnete \u2013 ebenfalls wegen steigender Inzidenzen.<\/p>\n\n\n\n<p>Beim dritten Versuch gingen wir nun anders vor. Von Eckernf\u00f6rde hatte ich zuvor schon geh\u00f6rt und konnte es grob an die Ostsee in die N\u00e4he Kiels verorten. Die Region Schlei kannte ich allerdings \u00fcberhaupt nicht. Dass es sich dabei um einen \u00fcber vierzig Kilometer langen Ostseefjord handelte und dass es \u00fcberhaupt einen Fjord in Deutschland gab, war v\u00f6llig neu f\u00fcr mich. Gl\u00fccklicherweise bietet diese Regionen eine gute Internetseite an, auf der auch Beherbergungsbetriebe gelistet waren, die an dem Modellprojekt teilnehmen w\u00fcrden. So fanden wir \u00fcber diese Seite eine Unterkunft und buchten direkt auf der Hotelseite.<\/p>\n\n\n\n<figure class=\"wp-block-image size-large\"><a href=\"https:\/\/www.meenzer-on-tour.de\/blog\/wp-content\/uploads\/2021\/05\/AKPI08402-scaled.jpeg\"><img loading=\"lazy\" decoding=\"async\" width=\"1024\" height=\"768\" src=\"https:\/\/www.meenzer-on-tour.de\/blog\/wp-content\/uploads\/2021\/05\/AKPI08402-1024x768.jpeg\" alt=\"\" class=\"wp-image-1503\" srcset=\"https:\/\/www.meenzer-on-tour.de\/blog\/wp-content\/uploads\/2021\/05\/AKPI08402-1024x768.jpeg 1024w, https:\/\/www.meenzer-on-tour.de\/blog\/wp-content\/uploads\/2021\/05\/AKPI08402-300x225.jpeg 300w, https:\/\/www.meenzer-on-tour.de\/blog\/wp-content\/uploads\/2021\/05\/AKPI08402-768x576.jpeg 768w, https:\/\/www.meenzer-on-tour.de\/blog\/wp-content\/uploads\/2021\/05\/AKPI08402-1536x1152.jpeg 1536w, https:\/\/www.meenzer-on-tour.de\/blog\/wp-content\/uploads\/2021\/05\/AKPI08402-2048x1536.jpeg 2048w\" sizes=\"auto, (max-width: 767px) 89vw, (max-width: 1000px) 54vw, (max-width: 1071px) 543px, 580px\" \/><\/a><figcaption>In der Schlei-Region war Fr\u00fchst\u00fcck im Zimmer Pflicht. Im Fr\u00fchst\u00fccksraum standen die Tabletts zur Abholung bereit.<\/figcaption><\/figure>\n\n\n\n<p>Unsere Ferienhausvermieter auf Amrum waren anfangs auch nicht sehr optimistisch, was die Vermietung anbetraf. Trotzdem setzten sie den Vertrag auf, meinten aber, das mit der Zahlung k\u00f6nnten wir noch aufschieben \u2013 da ja alles so unsicher sei. Au\u00dferdem kannten sie auch noch nicht alle Bedingungen, unter denen sie \u00fcberhaupt wieder vermieten durften. Wir waren trotzdem froh, \u00fcberhaupt mal einen Beherbergungsvertrag unterschreiben zu d\u00fcrfen, denn das Hotel aus der Schlei-Region meldete sich \u00fcberhaupt nicht \u2013 was vielleicht aber auch ein gutes Zeichen war?<\/p>\n\n\n\n<p>Die Inzidenz in Nordfriesland stieg nicht und auch in der Schlei-Region, die Mitte April \u00f6ffnete, war die erste Woche nach der \u00d6ffnung gut verlaufen. Auch die Bedingungen f\u00fcr die Reisenden standen mittlerweile fest. Es musste eine Verpflichtungserkl\u00e4rung zus\u00e4tzlich zum Beherbergungsvertrag unterschrieben werden. In dieser gaben wir unser OK, dass wir uns vor der Abfahrt einem Corona-Test unterziehen w\u00fcrden, die Kontakt-Nachverfolgungs-App \u201eLuca\u201c herunterladen w\u00fcrden und in regelm\u00e4\u00dfigen Abst\u00e4nden weitere Tests in der Region w\u00fcrden vornehmen lassen. In der Schlei-Region und in Eckernf\u00f6rde gab es tausende von Testungen und die Positiv-Rate lag im Promillebereich. Die wenigen positiv Getesteten verteilten sich auf Urlauber und Einheimische, so dass man von einem Einschleppen der Pandemie nicht reden konnte.<\/p>\n\n\n\n<p>Diese Verpflichtung zur Luca-App-Nutzung und zu regelm\u00e4\u00dfigen Testungen empfanden wir als nicht wirklich aufwendig, st\u00f6rend oder absto\u00dfend. Schlie\u00dflich befinden wir uns immer noch in einer Pandemie, bei der Reisen sp\u00e4testens ab dem Sp\u00e4therbst 2020 verp\u00f6nt waren.<\/p>\n\n\n\n<figure class=\"wp-block-image size-large\"><a href=\"https:\/\/www.meenzer-on-tour.de\/blog\/wp-content\/uploads\/2021\/05\/GDEN75241-scaled.jpeg\"><img loading=\"lazy\" decoding=\"async\" width=\"1024\" height=\"768\" src=\"https:\/\/www.meenzer-on-tour.de\/blog\/wp-content\/uploads\/2021\/05\/GDEN75241-1024x768.jpeg\" alt=\"\" class=\"wp-image-1504\" srcset=\"https:\/\/www.meenzer-on-tour.de\/blog\/wp-content\/uploads\/2021\/05\/GDEN75241-1024x768.jpeg 1024w, https:\/\/www.meenzer-on-tour.de\/blog\/wp-content\/uploads\/2021\/05\/GDEN75241-300x225.jpeg 300w, https:\/\/www.meenzer-on-tour.de\/blog\/wp-content\/uploads\/2021\/05\/GDEN75241-768x576.jpeg 768w, https:\/\/www.meenzer-on-tour.de\/blog\/wp-content\/uploads\/2021\/05\/GDEN75241-1536x1152.jpeg 1536w, https:\/\/www.meenzer-on-tour.de\/blog\/wp-content\/uploads\/2021\/05\/GDEN75241-2048x1536.jpeg 2048w\" sizes=\"auto, (max-width: 767px) 89vw, (max-width: 1000px) 54vw, (max-width: 1071px) 543px, 580px\" \/><\/a><figcaption>Die Weite Amrums lie\u00df sich wunderbar genie\u00dfen.<\/figcaption><\/figure>\n\n\n\n<p>Gleichzeitig war das Testen seit M\u00e4rz in Deutschland allgemein relativ einfach m\u00f6glich, zumal nur ein Antigenschnelltest gefordert wurde und nicht der aufwendigere PCR-Test. Letzterer gilt allgemein als sichererer, aber auch teurerer. Dieser spielte in den von den Modellregionen entwickelten Sicherheits- und Hygienekonzepten allerdings eine entscheidende Rolle: W\u00fcrde man positiv getestet, sollte mit Hilfe eines PCR-Tests gekl\u00e4rt werden, ob das Testergebnis tats\u00e4chlich korrekt war oder nicht. In der bereits genannten Verpflichtungserkl\u00e4rung war auch klar geregelt, was passiert, wenn wir positiv getestet werden: Entweder Quarant\u00e4ne im Beherbergungsbetrieb oder sofortige Abreise im PKW. Auch aus diesem Grund war die Idee, diesmal mit dem Auto zu fahren, statt den Zug zu nehmen, die richtige Entscheidung, auch wenn ich pers\u00f6nlich in \u201enormalen\u201c Zeiten lieber Zug statt Auto fahre und Bahnreisen nat\u00fcrlich nachhaltiger sind.<\/p>\n\n\n\n<p>Ein paar Tage vor der geplanten Abfahrt kontaktierte ich unser Hotel in der Schlei-Region. Dieses meldete sich zur\u00fcck und sendete eine \u00e4hnliche Verpflichtungserkl\u00e4rung wie unsere Vermieter auf Amrum. Diese musste innerhalb von 48 Stunden zur\u00fcckgeschickt werden \u2013 ansonsten w\u00e4re der Beherbergungsvertrag gegenstandlos gewesen. Also schnell das Bl\u00e4tterwerk durchgelesen, ausgedruckt, unterschrieben, mit dem Handy abfotografiert und zur\u00fcckgeschickt. Die Reise sollte jetzt nicht am Papierkram scheitern.<\/p>\n\n\n\n<p>Dann das erste Mal seit Monaten endlich wieder Packen, denn die Reise durfte tats\u00e4chlich angetreten werden, da unser Test, den wir in einer Mainzer Apotheke machten, negativ war. Diesen schickten wir, wie vereinbart, an unser Hotel in der Schlei-Region. So ganz konnte ich es allerdings immer noch nicht fassen, dass es endlich losgehen konnte.<\/p>\n\n\n\n<p>Auf der Autobahn nach Norden war tats\u00e4chlich relativ wenig Verkehr \u2013 schlie\u00dflich galt ja eigentlich immer noch ein Lockdown und in den meisten Regionen Deutschlands mittlerweile die Bundesnotbremse. Je n\u00e4her wir der Landesgrenze zwischen Hamburg und Schleswig-Holstein kamen, desto mehr fielen uns die vielen Autokennzeichen aus allen Teilen Deutschlands auf \u2013 Bayern war eindeutig Spitzenreiter \u2013 und Schleswig-Holstein zu diesem Zeitpunkt Ende April das einzige Bundesland, das sich teilweise f\u00fcr Tourist*innen \u00f6ffnete.<\/p>\n\n\n\n<figure class=\"wp-block-image size-large\"><a href=\"https:\/\/www.meenzer-on-tour.de\/blog\/wp-content\/uploads\/2021\/05\/XGSA51281-scaled.jpeg\"><img loading=\"lazy\" decoding=\"async\" width=\"1024\" height=\"768\" src=\"https:\/\/www.meenzer-on-tour.de\/blog\/wp-content\/uploads\/2021\/05\/XGSA51281-1024x768.jpeg\" alt=\"\" class=\"wp-image-1505\" srcset=\"https:\/\/www.meenzer-on-tour.de\/blog\/wp-content\/uploads\/2021\/05\/XGSA51281-1024x768.jpeg 1024w, https:\/\/www.meenzer-on-tour.de\/blog\/wp-content\/uploads\/2021\/05\/XGSA51281-300x225.jpeg 300w, https:\/\/www.meenzer-on-tour.de\/blog\/wp-content\/uploads\/2021\/05\/XGSA51281-768x576.jpeg 768w, https:\/\/www.meenzer-on-tour.de\/blog\/wp-content\/uploads\/2021\/05\/XGSA51281-1536x1152.jpeg 1536w, https:\/\/www.meenzer-on-tour.de\/blog\/wp-content\/uploads\/2021\/05\/XGSA51281-2048x1536.jpeg 2048w\" sizes=\"auto, (max-width: 767px) 89vw, (max-width: 1000px) 54vw, (max-width: 1071px) 543px, 580px\" \/><\/a><figcaption>Trotz niedriger Inzidenz galt in Husums Stra\u00dfen Maksenpflicht &#8211; 24 Stunden am Tag<\/figcaption><\/figure>\n\n\n\n<p>Dann die Ankunft im Hotel: Das letzte Mal, dass wir in einem Hotel in Deutschland \u00fcbernachteten, datierte auf Anfang September 2020, als wir den Mainradweg von Mainz bis W\u00fcrzburg radelten. Die FFP2-Maske auf, die T\u00fcr ge\u00f6ffnet, die H\u00e4nde desinfiziert und gespannt gewesen, was jetzt passiert. Schlie\u00dflich gab es Weltregionen w\u00e4hrend der Pandemie, in denen Tourist*innen alles andere als mit offenen Armen empfangen wurden \u2013 galten sie doch machen als Treiber der Pandemie. Meine Bedenken waren aber unbegr\u00fcndet. Die Dame an der Rezeption, die uns mit Maske hinter der Plexiglasscheibe freundlich begr\u00fc\u00dfte, \u00fcberpr\u00fcfte in ihren Unterlagen, die von uns eingereichten negativen Testergebnisse und die unterschriebenen Verpflichtungserkl\u00e4rungen. Sie h\u00e4ndigte uns den Schl\u00fcssel aus und erkl\u00e4rte uns das Prozedere f\u00fcrs Fr\u00fchst\u00fcck.<\/p>\n\n\n\n<p>Jede Modellregion in Schleswig-Holstein hatte, genauso wie f\u00fcr Testintervalle, ein eigenes Konzept, das auch wissenschaftlich begleitet wurde. Durch die unterschiedlichen Handhabungen, auch was das \u00d6ffnen von Innengastronomie angeht, versprach man sich gen\u00fcgend Daten, um daraus Schl\u00fcsse f\u00fcr das ganze (Bundes)Land zu ziehen. In der Schlei-Region war vorgesehen, das Fr\u00fchst\u00fcck auf dem Zimmer einzunehmen. Wir empfanden diese Regel als sehr beruhigend. Schlie\u00dflich wollten wir wieder reisen \u2013 aber nicht zu jedem Preis. Wir wollten uns einer zus\u00e4tzlichen Ansteckungsgefahr durch diese Reise nicht aussetzen. Ob wir nun in einem Supermarkt in Schleswig-Holstein (mit Inzidenz 30) oder in Mainz (mit Inzidenz weit \u00fcber 100) einkaufen w\u00fcrden, sprach ja sogar eher f\u00fcr Schleswig-Holstein. Aber ein Fr\u00fchst\u00fcck gemeinsam mit anderen G\u00e4sten in einem geschlossenen Raum w\u00e4re uns zu riskant gewesen. Schlie\u00dflich sind Schnelltests h\u00f6chstens tagesaktuell einigerma\u00dfen sicher. Aber die geforderten Testintervalle f\u00fcr \u00dcbernachtungen lagen bei 48 bis 72 Stunden.<\/p>\n\n\n\n<p>Worauf wir uns neben der \u00dcbernachtung in einem Hotel auch ewig gefreut haben, war die M\u00f6glichkeit, endlich wieder Essen zu gehen. Dabei waren die Voraussetzungen an diesem April-Abend alles andere als einladend: Es war kalt, es regnete, es war windig \u2013 und dennoch genossen wir es, mit unseren mitgebrachten Klappr\u00e4dern am Ostseefjord Schlei ein paar Kilometer zu einem Biergarten zu fahren, der ein gro\u00dfes Zelt aufgestellt hatte, bei dem alle vier Seiten ge\u00f6ffnet waren und es somit als \u201eau\u00dfen\u201c galt. Vor dem Betreten des Zelts, setzten wir zum ersten Mal die Luca App ein. Schnell den QR-Code abgescannt und schon waren wir im Biergarten eingecheckt und konnten die Speisekarte durch Scannen eines weiteren Codes auf dem Smartphone in aller Ruhe studieren. Die Luca-App wird von vielen Menschen, die sich mit Datenschutz auseinandersetzen, kritisch betrachtet. Der Landesbeauftragte von Rheinland-Pfalz bezeichnete in der Allgemeinen Zeitung Mainz vom 22. Mai 2021 die &#8222;Luca-App besser als Zettelwirtschaft&#8220; und h\u00e4lt die Anwendung aber f\u00fcr nutzbar. <\/p>\n\n\n\n<figure class=\"wp-block-image size-large\"><a href=\"https:\/\/www.meenzer-on-tour.de\/blog\/wp-content\/uploads\/2021\/05\/TSMK94881.jpeg\"><img loading=\"lazy\" decoding=\"async\" width=\"1024\" height=\"768\" src=\"https:\/\/www.meenzer-on-tour.de\/blog\/wp-content\/uploads\/2021\/05\/TSMK94881-1024x768.jpeg\" alt=\"\" class=\"wp-image-1506\" srcset=\"https:\/\/www.meenzer-on-tour.de\/blog\/wp-content\/uploads\/2021\/05\/TSMK94881-1024x768.jpeg 1024w, https:\/\/www.meenzer-on-tour.de\/blog\/wp-content\/uploads\/2021\/05\/TSMK94881-300x225.jpeg 300w, https:\/\/www.meenzer-on-tour.de\/blog\/wp-content\/uploads\/2021\/05\/TSMK94881-768x576.jpeg 768w, https:\/\/www.meenzer-on-tour.de\/blog\/wp-content\/uploads\/2021\/05\/TSMK94881-1536x1152.jpeg 1536w, https:\/\/www.meenzer-on-tour.de\/blog\/wp-content\/uploads\/2021\/05\/TSMK94881-2048x1536.jpeg 2048w\" sizes=\"auto, (max-width: 767px) 89vw, (max-width: 1000px) 54vw, (max-width: 1071px) 543px, 580px\" \/><\/a><figcaption>Die Pandemie bringt neue Servicem\u00f6glichkeiten f\u00fcr Hotels hervor. Der Spucktest war gratis.<\/figcaption><\/figure>\n\n\n\n<p>Bereits seit Mitte April hatte die Au\u00dfengastronomie in Schleswig-Holstein landesweit wieder ge\u00f6ffnet \u2013 generell war die Nutzung der Luca-App die einzige Bedingungen, um wieder Essen und Trinken au\u00dfer Haus auf Mehrweggeschirr zu sich zu nehmen. Tests waren grunds\u00e4tzlich nicht vorgeschrieben. Die Tische im Zelt standen in weitem Abstand und aufgrund der Wetterbedingungen waren wir fast die einzigen G\u00e4ste an diesem Abend. Wir genossen es aber trotzdem, endlich mal wieder auszugehen. Speis und Trank waren zudem sehr lecker \u2013 so startete die Reise wirklich wunderbar. Nach dem Verlassen des Biergartens mussten wir uns noch schnell in der Luca App auschecken \u2013 dazu wurden wir auch mittels Push-Mitteilung entsprechend bereits nach einer halben Stunde im Biergarten hingewiesen. Den Einsatz der Luca-App empfinden wir weder als st\u00f6rend noch als kompliziert.<\/p>\n\n\n\n<p>Am n\u00e4chsten Morgen stand das Projekt \u201eFr\u00fchst\u00fcck holen\u201c an. Maskiert ging es hinunter in den Fr\u00fchst\u00fccksraum. Dort war schon unser Tablett vorbereitet. Am Vorabend konnten wir unsere Sonderw\u00fcnsche (vegetarische Speisen) nennen und alles war auf dem Tablett wunderbar \u201eeingedeckt\u201c. K\u00e4se, Ei, Marmelade und Honig, Br\u00f6tchen, Besteck und Geschirr. Die Thermoskanne Kaffee bzw. hei\u00dfes Wasser gab es \u201eobendrauf\u201c. Aufgrund der ger\u00e4umigen Zimmer mit zwei St\u00fchlen und einem gro\u00dfen Tisch war das Fr\u00fchst\u00fccken traumhaft angenehm. Diesen Test haben das Hotel und das Fr\u00fchst\u00fcck bei uns auf jeden Fall bestanden.<\/p>\n\n\n\n<p>Wer diesen Blog schon l\u00e4nger verfolgt, wei\u00df, dass wir gerne zu Fu\u00df oder mit dem Rad unterwegs sind. Dazu kaufen wir uns oft Wanderf\u00fchrer, die es mittlerweile f\u00fcr fast jede Region Deutschlands gibt. Allerdings macht es nat\u00fcrlich nicht viel Sinn, f\u00fcr eine Region, in der man nur einen Tag bleibt, einen neuen Wanderf\u00fchrer zu kaufen. So entdeckten wir dank des Ostseefjords Schlei eine neue Art, der Tourenvorbereitung: In der App \u201eKomoot\u201c hat der Tourismusverband der Region so genannte \u201eCollections\u201c hinterlegt. Diese k\u00f6nnen von registrierten Anwender*innen eingesehen werden. Die Wanderroute ist auf einer guten Karte hinterlegt und die Tour kann mit Hilfe des Smartphones abgegangen werden. Eine Wunschregion kann gratis heruntergeladen werden, falls man in Regionen unterwegs ist, bei denen man keine Flatrate oder keinen Mobilfunkempfang hat. Alle Weltregionen gibt es f\u00fcr einmalig ca. 30 Euro zum Download.<\/p>\n\n\n\n<p>So starteten wir zu einer der in den Collections vom Ostseefjord Schlei hinterlegten Touren. Auf dem dreist\u00fcndigen Rundweg sind wir nur wenigen anderen Wander*innen begegnet. Wir genossen die weite, offene Landschaft und konnten wunderbar abschalten. Corona war pl\u00f6tzlich ganz weit weg.<\/p>\n\n\n\n<figure class=\"wp-block-image size-large\"><a href=\"https:\/\/www.meenzer-on-tour.de\/blog\/wp-content\/uploads\/2021\/05\/JPAM58141-scaled.jpeg\"><img loading=\"lazy\" decoding=\"async\" width=\"1024\" height=\"768\" src=\"https:\/\/www.meenzer-on-tour.de\/blog\/wp-content\/uploads\/2021\/05\/JPAM58141-1024x768.jpeg\" alt=\"\" class=\"wp-image-1507\" srcset=\"https:\/\/www.meenzer-on-tour.de\/blog\/wp-content\/uploads\/2021\/05\/JPAM58141-1024x768.jpeg 1024w, https:\/\/www.meenzer-on-tour.de\/blog\/wp-content\/uploads\/2021\/05\/JPAM58141-300x225.jpeg 300w, https:\/\/www.meenzer-on-tour.de\/blog\/wp-content\/uploads\/2021\/05\/JPAM58141-768x576.jpeg 768w, https:\/\/www.meenzer-on-tour.de\/blog\/wp-content\/uploads\/2021\/05\/JPAM58141-1536x1152.jpeg 1536w, https:\/\/www.meenzer-on-tour.de\/blog\/wp-content\/uploads\/2021\/05\/JPAM58141-2048x1536.jpeg 2048w\" sizes=\"auto, (max-width: 767px) 89vw, (max-width: 1000px) 54vw, (max-width: 1071px) 543px, 580px\" \/><\/a><figcaption>Der Tourismusverband des Ostseefjords Schei hat in der Wanderapp &#8222;Komoot&#8220; viele Tourenvorschl\u00e4ge hinterlegt.<\/figcaption><\/figure>\n\n\n\n<p>F\u00fcr den Freitagabend hatten wir bereits Tage zu zuvor von Mainz aus per WhatsApp einen Platz in einem Restaurant in Schleswig reserviert, da wir davon ausgegangen waren, dass die Au\u00dfengastronomie in einer solch h\u00fcbschen Stadt an einem Freitagabend nach so viel Monaten des Lockdowns wohl vollkommen \u00fcberlastet sein w\u00fcrde \u2013 das Gegenteil war der Fall. Viele Pl\u00e4tze blieben auch an diesem Abend leer. Abholung und Lieferservice dominierten auch weiterhin in unserem Restaurant. Die Menschen hatten sich wohl im Lockdown eingerichtet und z\u00f6gerten noch, wieder Speisen in einem angenehmen Ambiente an der zugegebenerma\u00dfen sehr frischen Luft zu genie\u00dfen.<\/p>\n\n\n\n<p>Am n\u00e4chsten Morgen, dem 1. Mai, war es nun auch in Nordfriesland soweit. Der Landkreis mit seinen Inseln \u00f6ffnete sich wieder f\u00fcr Tourist*innen. Wir bef\u00fcrchteten einen Dauerstau auf der Landstra\u00dfe nach Dageb\u00fcll, doch nur wenige Autos mit ausw\u00e4rtigem KfZ-Kennzeichen fuhren in Richtung F\u00e4hranleger. Allerdings gab es bereits zwei Wochen vorher f\u00fcr die avisierte Mittagsf\u00e4hre keinen Autostellplatz mehr. Wir entschieden uns daher, das Auto in Dageb\u00fcll zu lassen und vielmehr unsere Klappr\u00e4der mit r\u00fcber nach Amrum zu nehmen. Das war nat\u00fcrlich auch die wesentlich nachhaltigere Variante.<\/p>\n\n\n\n<p>Bevor wir \u00fcbersetzen wollten, stand der n\u00e4chste Schnelltest an. Gl\u00fccklicherweise gab es sowohl am F\u00e4hranleger als auch am Parkplatz in Dageb\u00fcll Testm\u00f6glichkeiten. Ein verpflichtender Test, um die F\u00e4hre zu nehmen gab es allerdings nicht. Vielmehr mussten wir uns testen lassen, um in unser Ferienhaus hineinzukommen. Tage zuvor hatten wir uns bereits f\u00fcr die Teststelle am F\u00e4hranleger online registriert und die dazu notwendigen Papiere ausgedruckt und ausgef\u00fcllt. Am Testzentrum angekommen hatte man allerdings in der Zwischenzeit komplett auf digitale Erfassung umgestellt. Ein QR-Code musste eingescannt werden und danach konnten wir die Daten im Smartphone eintippen und absenden. Ein Best\u00e4tigungscode wurde per SMS zur\u00fcckgeschickt. Nach der Eingabe erhielten wir auf unserem Smartphone einen individuellen QR-Code, den wir zur Testung bereit halten mussten. Anwenderfreundlicher geht es eigentlich nicht. Allerdings hatten einige Menschen, die mit Smartphones nicht so vertraut waren, ihre Probleme. Daf\u00fcr stand hilfsbereites Personal zur Verf\u00fcgung, so dass alle Reisenden umgehend an ihren Test kamen, da mehrere Testcontainer ge\u00f6ffnet hatten.<\/p>\n\n\n\n<p>Zum Testen r\u00e4t sich ein paar M\u00fcnzen f\u00fcr die Kaffeekasse mitzubringen, denn ich empfand es wirklich als Privileg, endlich wieder reisen zu d\u00fcrfen. Dass die Modellregionen ihren Test starten konnten liegt auch an den vielen Menschen, die dieses Testsystem innerhalb k\u00fcrzester Zeit aufgebaut haben. Da darf auch gerne mal ein Trinkgeld gezahlt werden. Das Testergebnis (negativ) wurde rund 15 Minuten sp\u00e4ter direkt aufs Smartphone geschickt und wenig sp\u00e4ter ging es dann auch schon auf die F\u00e4hre.<\/p>\n\n\n\n<p>Bisher lie\u00dfen sich auf dieser Reise zus\u00e4tzliche Kontakte wunderbar vermeiden \u2013 vor allem in geschlossenen R\u00e4umen. Das sah auf der F\u00e4hre ein bisschen anders aus. Unsere Klappr\u00e4der konnten wir im Freien auf dem Autodeck abstellen. Um allerdings auf das Sonnendeck zu gelangen, mussten wir drei Etagen im Innenbereich der F\u00e4hre hinaufsteigen. Nat\u00fcrlich galt hier Maskenpflicht, die auch von allen praktiziert wurde. So war es m\u00f6glich, den Innenraum innerhalb von ein paar Minuten nach oben hin zu durchqueren.<\/p>\n\n\n\n<figure class=\"wp-block-image size-large\"><a href=\"https:\/\/www.meenzer-on-tour.de\/blog\/wp-content\/uploads\/2021\/05\/EROQ81501-scaled.jpeg\"><img loading=\"lazy\" decoding=\"async\" width=\"1024\" height=\"768\" src=\"https:\/\/www.meenzer-on-tour.de\/blog\/wp-content\/uploads\/2021\/05\/EROQ81501-1024x768.jpeg\" alt=\"\" class=\"wp-image-1508\" srcset=\"https:\/\/www.meenzer-on-tour.de\/blog\/wp-content\/uploads\/2021\/05\/EROQ81501-1024x768.jpeg 1024w, https:\/\/www.meenzer-on-tour.de\/blog\/wp-content\/uploads\/2021\/05\/EROQ81501-300x225.jpeg 300w, https:\/\/www.meenzer-on-tour.de\/blog\/wp-content\/uploads\/2021\/05\/EROQ81501-768x576.jpeg 768w, https:\/\/www.meenzer-on-tour.de\/blog\/wp-content\/uploads\/2021\/05\/EROQ81501-1536x1152.jpeg 1536w, https:\/\/www.meenzer-on-tour.de\/blog\/wp-content\/uploads\/2021\/05\/EROQ81501-2048x1536.jpeg 2048w\" sizes=\"auto, (max-width: 767px) 89vw, (max-width: 1000px) 54vw, (max-width: 1071px) 543px, 580px\" \/><\/a><figcaption>Das Fr\u00fchst\u00fcck wurde auch an der Schleim\u00fcndung im Zimmer eingenommen.<\/figcaption><\/figure>\n\n\n\n<p>Trotz Wind und Regen hielten wir uns auf dem offenen Deck auf \u2013 was allerdings nur wenige andere G\u00e4ste ebenfalls machten. Gleichzeitig war das Bordrestaurant ge\u00f6ffnet. Das war f\u00fcr uns ein Punkt, den wir nicht ganz verstanden. Gegebenenfalls ungetestete Menschen hielten sich f\u00fcr maximal 90 Minuten in einem geschlossenen Raum auf, um ohne Maske Essen und Trinken zu sich zu nehmen. Das war uns pers\u00f6nlich zu riskant.<\/p>\n\n\n\n<p>Nat\u00fcrlich soll es in einer Pandemie Regeln geben. Gleichzeitig sollte aber auch der gesunde Menschenverstand eigentlich f\u00fcr eine gewisse Eigenverantwortung sorgen. Daher blieben wir auf dem Sonnendeck und stiegen bei der Ankunft in Amrum auch erst die Etagen zu den R\u00e4dern hinab, als die Innendecks bereits geleert waren. So war es wieder m\u00f6glich, diesen Bereich innerhalb von einer Minute zu durchqueren.<\/p>\n\n\n\n<p>Mit Sack, Pack und Rad marschierten wir in Wittd\u00fcn auf Amrum die wenigen hundert Meter zu unserem Ferienhaus. Das Testergebnis hatten wir unseren Vermietern bereits von der F\u00e4hre aus per WhatsApp zugeschickt. Auf Amrum war es unsere Pflicht, nun jeden zweiten Tag einen Test zu machen und das Ergebnis wieder an die Vermieter zu \u00fcbermitteln. Dazu hatten wir bereits Termine in einer Apotheke in Wittd\u00fcn eine Woche vor der Ankunft reserviert. Innerhalb der letzten Woche vor der \u00d6ffnung wurden allerdings weitere Testzentren auf Amrum etabliert, so dass alle drei Gemeinden auf Amrum G\u00e4sten kostenlose Testm\u00f6glichkeiten anbieten konnten &#8211; nat\u00fcrlich auch sonn- und feiertags.<\/p>\n\n\n\n<p>Wie in der gesamten Modellregion Nordfriesland \u00fcblich, waren auch auf Amrum die Innenr\u00e4ume der Gastronomie ge\u00f6ffnet. Anders als auf der F\u00e4hre musste zum Besuch allerdings ein tagesaktuelles negatives Testergebnis pr\u00e4sentiert werden. Das galt auch f\u00fcr die Au\u00dfengastronomie und nat\u00fcrlich auch f\u00fcr Insulaner*innen. Auch das Personal wurde t\u00e4glich getestet. Trotzdem sa\u00dfen wir in Amrum immer drau\u00dfen. Uns pers\u00f6nlich war es zu riskant, innen zu speisen.<\/p>\n\n\n\n<p>Doch zun\u00e4chst mussten wir in Erfahrung bringen, welche Lokale \u00fcberhaupt ge\u00f6ffnet waren. Der Landkreis Nordfriesland hatte dazu ein \u201eBoard\u201c erstellt, welches er am 28. April auf seiner Facebook-Seite mit einem Post vorgestellt hat. Allerdings ist diese \u00dcbersicht bis heute nicht \u00fcber Smartphones einsehbar. &nbsp;Anhand dieser Liste, die wir auf dem Laptop einsehen konnten, war dann die Wahl der Restaurants m\u00f6glich. Als Reisende, die auf Fisch und Fleisch verzichten, sind aussagekr\u00e4ftige Speisekarten essenziell. Leider haben das noch nicht alle Gastronom*innen auf dem Schirm. Und leider bieten auch viele Restaurants immer noch nur ein \u201evegetarisches Quotengericht\u201c an. Das schr\u00e4nkte die Auswahl der Restaurants bereits ein wenig ein.<\/p>\n\n\n\n<p>Es wurden allerdings auch Faktoren wichtig, die vor der Pandemie nicht so wirklich z\u00e4hlten. Ein Dach \u00fcber dem Kopf zum Beispiel, sprich eine Au\u00dfengastronomie, die auch bei Regen genutzt werden kann. Ein Windschutz ist an der Nordsee auch keine schlechte Idee und Personal, das motiviert ist, auf die aktuellen Umst\u00e4nde einzugehen, ist auch nicht verkehrt, zum Beispiel wenn es um die Versorgung mit Decken geht. Schlie\u00dflich war es die erste Mai-Woche \u00fcber doch ziemlich frisch auf Amrum.<\/p>\n\n\n\n<p>Auf dieser Insel wurde der anfangs angesprochene Pragmatismus wunderbar gelebt. Zwar mussten tats\u00e4chlich immer Termine f\u00fcr den n\u00e4chsten Schnelltest gebucht werden. Da aber Anfang Mai das Testangebot die Testnachfrage eindeutig \u00fcberstieg, durften wir auch schon mal eine oder zwei Stunden vor dem eigentlichen Termin die Maske absetzen, damit in unserer Nase ein Abstich vorgenommen werden konnte. So lie\u00dfen sich die Tests wunderbar in das Tagesprogramm einbauen. Das ist nat\u00fcrlich in der Hochsaison sicherlich nicht m\u00f6glich \u2013 aber so lange es die Kapazit\u00e4ten zulassen, ist dieser Pragmatismus einfach angenehm.<\/p>\n\n\n\n<p>Wundersch\u00f6n waren die Tage auf Amrum auch durch die Gr\u00fcnde, die bereits vor der Pandemie f\u00fcr die Beliebtheit dieser Insel sprachen: Die Weite der Landschaft mit ihren unz\u00e4hligen D\u00fcnen, W\u00e4ldern, T\u00fcmpeln, Teichen und Seen. Oder der breite Kniepsand-Strand, der gef\u00fchlt die H\u00e4lfte der Insel bedeckt. Die idyllischen D\u00f6rfer und das sich st\u00e4ndig ver\u00e4ndernde Wattenmeer sowie die vielen gefiederten Bewohner taten ein \u00fcbriges, dass wir uns hier sehr wohl f\u00fchlten.<\/p>\n\n\n\n<p>Es war auf Amrum tats\u00e4chlich m\u00f6glich, abzuschalten. Nat\u00fcrlich galt es morgens beim B\u00e4cker die Maske aufzusetzen, die Luca-App zu nutzen und sich regelm\u00e4\u00dfig testen zu lassen. Aber das waren alles Kleinigkeiten, die wir gerne f\u00fcr den Aufenthalt auf der Insel in Kauf nahmen.<\/p>\n\n\n\n<p>Auch wenn wir die autofreien Ostfriesischen Inseln wie bspw. Baltrum lieben \u2013 haben uns die Autos auf Amrum nicht gest\u00f6rt. Die zahlreichen Wanderwege sind so angelegt, dass wir praktisch nie die Stra\u00dfe queren mussten. F\u00fcr Radfahrende stehen zwei Nord-S\u00fcd-Routen zur Auswahl, bei denen man nur am Anfang und am Ende auf einer Stra\u00dfe entlangradeln muss. Der Verkehr war so gering, dass es tats\u00e4chlich ein Miteinander der Teilnehmenden am Verkehr problemlos m\u00f6glich war.<\/p>\n\n\n\n<figure class=\"wp-block-image size-large\"><a href=\"https:\/\/www.meenzer-on-tour.de\/blog\/wp-content\/uploads\/2021\/05\/FGVY00681-scaled.jpeg\"><img loading=\"lazy\" decoding=\"async\" width=\"1024\" height=\"768\" src=\"https:\/\/www.meenzer-on-tour.de\/blog\/wp-content\/uploads\/2021\/05\/FGVY00681-1024x768.jpeg\" alt=\"\" class=\"wp-image-1509\" srcset=\"https:\/\/www.meenzer-on-tour.de\/blog\/wp-content\/uploads\/2021\/05\/FGVY00681-1024x768.jpeg 1024w, https:\/\/www.meenzer-on-tour.de\/blog\/wp-content\/uploads\/2021\/05\/FGVY00681-300x225.jpeg 300w, https:\/\/www.meenzer-on-tour.de\/blog\/wp-content\/uploads\/2021\/05\/FGVY00681-768x576.jpeg 768w, https:\/\/www.meenzer-on-tour.de\/blog\/wp-content\/uploads\/2021\/05\/FGVY00681-1536x1152.jpeg 1536w, https:\/\/www.meenzer-on-tour.de\/blog\/wp-content\/uploads\/2021\/05\/FGVY00681-2048x1536.jpeg 2048w\" sizes=\"auto, (max-width: 767px) 89vw, (max-width: 1000px) 54vw, (max-width: 1071px) 543px, 580px\" \/><\/a><figcaption>Orts\u00fcbliche Wartem\u00f6glichkeit auf den Antigen-Schnelltest. Das Ergebnis gab es auf das Smartphone.<\/figcaption><\/figure>\n\n\n\n<p>Nach ein paar Tagen auf Amrum stand f\u00fcr uns fest, dass wir keine sonderlich gro\u00dfe Lust hatten, allzu schnell wieder in das von der Bundesnotbremse betroffene Mainz zur\u00fcckzukehren. Stattdessen entwickelte sich unsere Reise zu einem Road Trip durch Schleswig-Holstein. Nach der Woche Amrum blieben wir noch zwei Tage in Nordfriesland und machten in Husum Station. Dort nahmen wir einen Hotelservice der besonderen Art in Anspruch. Statt geschlossenem Wellness-Bereich stand ein hoteleigener Corona-Test zur Verf\u00fcgung. W\u00e4hrend wir in Mainz und auf Amrum bereits zwei Varianten des Nasenabstrichs kennengelernt hatten (einmal tief in die Nase gef\u00fchlt bis ins Hirn und einmal im vorderen Nasebereich), war hier der Spucktest angesagt. Das war in der Theorie nat\u00fcrlich die angenehmste Variante, denn das Nasenkitzeln ist nat\u00fcrlich alles andere als eine tolle Erfahrung. Man m\u00f6chte die Tester*innen ja auch im schlimmsten Fall nicht noch als Dank f\u00fcr ihre Arbeit annie\u00dfen (obwohl man nat\u00fcrlich in die Armbeuge nie\u00dfen soll). Aber f\u00fcr den Spucktest muss erstmal genug Spucke vorhanden sein, diese muss auch zielgerichtet ins R\u00f6hrchen gelangen und letzteres soll nat\u00fcrlich beim Verschlie\u00dfen auch nicht \u00fcberlaufen. Unser Favorit war danach eindeutig der Nasenabstrich im vorderen Teil des Riechorgans.<\/p>\n\n\n\n<p>Eine weitere Neuerung wartete in Husum auf uns. Wir hatten eine Reservierung f\u00fcr ein Restaurant gemacht, in der Annahme, dass nur der Au\u00dfenbereich ge\u00f6ffnet sei. Schlie\u00dflich stellte sich heraus, dass wir im Innenbereich Platz nehmen sollten. Das war uns, wie bereits erw\u00e4hnt, zu riskant und wir hatten daher bereits eine Stunde vorher angefragt, ob wir auch in einem Strandkorb drau\u00dfen Platz nehmen d\u00fcrften. Das wurde vorab bejaht, sp\u00e4ter bei unserem Erscheinen dann vom Chef verneint. Pragmatismus ist nicht jedem in die Wiege gelegt und wir waren froh, nach ein paar Minuten Suche auch am Samstagabend noch ein Pub gefunden zu haben, das uns drau\u00dfen einen trockenen Platz ohne Reservierung anbieten konnte.<\/p>\n\n\n\n<p>Am n\u00e4chsten Morgen die n\u00e4chste \u00dcberraschung. Es sollte Fr\u00fchst\u00fcckb\u00fcffet geben. Das Besorgen von Essen mit Maske st\u00f6rte uns wenig, aber auch hier hatten wir ein mulmiges Gef\u00fchl, da ja im Fr\u00fchst\u00fccksraum mehrere Menschen gemeinsam ohne Maske gegessen h\u00e4tten. Und wir alle h\u00e4tten dort mit Tests sitzen k\u00f6nnen, die weitaus \u00e4lter als 24 Stunden waren, w\u00e4hrend vor der Hotelt\u00fcr 24 Stunden am Tag Maskenpflicht galt. Auch hier siegte am Ende der Pragmatismus des Hotelpersonals. Wir fanden eine L\u00f6sung, die dem Personal nicht zu viel Aufwand bereitete und uns das Gef\u00fchl der relativen Sicherheit gab. &nbsp;<\/p>\n\n\n\n<p>Da wir uns am Ostseefjord Schlei mit seinem Sicherheit- und Hygienekonzept so wohl gef\u00fchlt hatten, verbrachten wir noch ein paar erholsame Tage an der Schlei-M\u00fcndung in der N\u00e4he von Kappeln. Es war in der Zwischenzeit gar nicht mehr so einfach, eine Herberge zu finden, da fast alles ausgebucht war. Gl\u00fccklicherweise waren wohl immer mehr \u00dcbernachtungsbetriebe davon \u00fcberzeugt, dass es was wird mit dem Modellprojekt. Und so kamen wir in einem Gasthof unter, der tats\u00e4chlich erst drei Wochen nach dem Start des Projekts in der zweiten Mai-Woche \u00f6ffnete und dadurch noch kurzfristig ein Zimmer f\u00fcr uns hatte. Auch hier gab es wieder das Fr\u00fchst\u00fcck auf dem Zimmer, das wir uns zuvor an einem B\u00fcffet mit Bedienung zusammenstellen konnten. So konnten wir mit gutem Gef\u00fchl jeden Morgen den Tag gut gest\u00e4rkt beginnen, ehe es dann doch wieder irgendwann zur\u00fcck nach Mainz gehen musste\u2026in einen Landkreis mit geschlossener Gastronomie und Ausgangssperre um mittlerweile 22 Uhr f\u00fcr Ungeimpfte wie wir es sind.<\/p>\n\n\n\n<p>Fazit: Jeder Mensch hat ein anderes Sicherheitsempfinden. Die wenigen Situationen, in denen wir uns unwohl gef\u00fchlt haben, konnten wir entweder mit Hilfe von Pragmatismus durch das Hotelpersonal l\u00f6sen oder durch optimiertes \u201eZeitmanagement\u201c auf der F\u00e4hre, in dem wir allen anderen den Vorrang beim Aussteigen lie\u00dfen. So war es f\u00fcr uns pers\u00f6nlich m\u00f6glich, eine wunderbare Reise durch Schleswig-Holstein zu verbringen. Dass Mobilit\u00e4t gleichzusetzen ist, mit erh\u00f6hter Gefahr, sich und andere anzustecken, wenn man praktisch nur an der frischen Luft unterwegs ist und die ansonsten die AHA-Regeln einh\u00e4lt, gilt mittlerweile ja auch als wiederlegt.<\/p>\n\n\n\n<p>Wir wurden zehnmal getestet \u2013 zehnmal negativ. Wir empfanden es als ein Privileg, die erste Maih\u00e4lfte zu reisen \u2013 ungeimpft aber trotzdem mit einem guten Gef\u00fchl der Sicherheit \u2013 den Testm\u00f6glichkeiten und dem zumeist gelebten Pragmatismus der sehr offenen und freundlichen Menschen Schleswig-Holsteins sei Dank.<\/p>\n\n\n\n<p>Transparenz: Alle Kosten f\u00fcr Transport, Essen, Trinken und \u00dcbernachtung wurden selbst bezahlt. Die Komoot-App nutze ich in der Gratis-Version. Die Werbung f\u00fcr die Komoot- und Luca-App erfolgt unbeauftragt und unbezahlt.<\/p>\n\n\n\n<ul class=\"wp-block-social-links is-layout-flex wp-block-social-links-is-layout-flex\"><li class=\"wp-social-link wp-social-link-wordpress  wp-block-social-link\"><a href=\"https:\/\/www.meenzer-on-tour.de\/\" class=\"wp-block-social-link-anchor\"><svg width=\"24\" height=\"24\" viewBox=\"0 0 24 24\" version=\"1.1\" xmlns=\"http:\/\/www.w3.org\/2000\/svg\" aria-hidden=\"true\" focusable=\"false\"><path d=\"M12.158,12.786L9.46,20.625c0.806,0.237,1.657,0.366,2.54,0.366c1.047,0,2.051-0.181,2.986-0.51 c-0.024-0.038-0.046-0.079-0.065-0.124L12.158,12.786z M3.009,12c0,3.559,2.068,6.634,5.067,8.092L3.788,8.341 C3.289,9.459,3.009,10.696,3.009,12z M18.069,11.546c0-1.112-0.399-1.881-0.741-2.48c-0.456-0.741-0.883-1.368-0.883-2.109 c0-0.826,0.627-1.596,1.51-1.596c0.04,0,0.078,0.005,0.116,0.007C16.472,3.904,14.34,3.009,12,3.009 c-3.141,0-5.904,1.612-7.512,4.052c0.211,0.007,0.41,0.011,0.579,0.011c0.94,0,2.396-0.114,2.396-0.114 C7.947,6.93,8.004,7.642,7.52,7.699c0,0-0.487,0.057-1.029,0.085l3.274,9.739l1.968-5.901l-1.401-3.838 C9.848,7.756,9.389,7.699,9.389,7.699C8.904,7.67,8.961,6.93,9.446,6.958c0,0,1.484,0.114,2.368,0.114 c0.94,0,2.397-0.114,2.397-0.114c0.485-0.028,0.542,0.684,0.057,0.741c0,0-0.488,0.057-1.029,0.085l3.249,9.665l0.897-2.996 C17.841,13.284,18.069,12.316,18.069,11.546z M19.889,7.686c0.039,0.286,0.06,0.593,0.06,0.924c0,0.912-0.171,1.938-0.684,3.22 l-2.746,7.94c2.673-1.558,4.47-4.454,4.47-7.771C20.991,10.436,20.591,8.967,19.889,7.686z M12,22C6.486,22,2,17.514,2,12 C2,6.486,6.486,2,12,2c5.514,0,10,4.486,10,10C22,17.514,17.514,22,12,22z\"><\/path><\/svg><span class=\"wp-block-social-link-label screen-reader-text\">WordPress<\/span><\/a><\/li>\n\n<li class=\"wp-social-link wp-social-link-amazon  wp-block-social-link\"><a href=\"https:\/\/www.amazon.de\/Christoph-Kessel\/e\/B07L2H8194?ref=sr_ntt_srch_lnk_7&#038;qid=1610638290&#038;sr=1-7-catcorr\" class=\"wp-block-social-link-anchor\"><svg width=\"24\" height=\"24\" viewBox=\"0 0 24 24\" version=\"1.1\" xmlns=\"http:\/\/www.w3.org\/2000\/svg\" aria-hidden=\"true\" focusable=\"false\"><path d=\"M13.582,8.182C11.934,8.367,9.78,8.49,8.238,9.166c-1.781,0.769-3.03,2.337-3.03,4.644 c0,2.953,1.86,4.429,4.253,4.429c2.02,0,3.125-0.477,4.685-2.065c0.516,0.747,0.685,1.109,1.629,1.894 c0.212,0.114,0.483,0.103,0.672-0.066l0.006,0.006c0.567-0.505,1.599-1.401,2.18-1.888c0.231-0.188,0.19-0.496,0.009-0.754 c-0.52-0.718-1.072-1.303-1.072-2.634V8.305c0-1.876,0.133-3.599-1.249-4.891C15.23,2.369,13.422,2,12.04,2 C9.336,2,6.318,3.01,5.686,6.351C5.618,6.706,5.877,6.893,6.109,6.945l2.754,0.298C9.121,7.23,9.308,6.977,9.357,6.72 c0.236-1.151,1.2-1.706,2.284-1.706c0.584,0,1.249,0.215,1.595,0.738c0.398,0.584,0.346,1.384,0.346,2.061V8.182z M13.049,14.088 c-0.451,0.8-1.169,1.291-1.967,1.291c-1.09,0-1.728-0.83-1.728-2.061c0-2.42,2.171-2.86,4.227-2.86v0.615 C13.582,12.181,13.608,13.104,13.049,14.088z M20.683,19.339C18.329,21.076,14.917,22,11.979,22c-4.118,0-7.826-1.522-10.632-4.057 c-0.22-0.199-0.024-0.471,0.241-0.317c3.027,1.762,6.771,2.823,10.639,2.823c2.608,0,5.476-0.541,8.115-1.66 C20.739,18.62,21.072,19.051,20.683,19.339z M21.336,21.043c-0.194,0.163-0.379,0.076-0.293-0.139 c0.284-0.71,0.92-2.298,0.619-2.684c-0.301-0.386-1.99-0.183-2.749-0.092c-0.23,0.027-0.266-0.173-0.059-0.319 c1.348-0.946,3.555-0.673,3.811-0.356C22.925,17.773,22.599,19.986,21.336,21.043z\"><\/path><\/svg><span class=\"wp-block-social-link-label screen-reader-text\">Amazon<\/span><\/a><\/li>\n\n<li class=\"wp-social-link wp-social-link-facebook  wp-block-social-link\"><a href=\"https:\/\/www.facebook.com\/MeenzerOnTour\/\" class=\"wp-block-social-link-anchor\"><svg width=\"24\" height=\"24\" viewBox=\"0 0 24 24\" version=\"1.1\" xmlns=\"http:\/\/www.w3.org\/2000\/svg\" aria-hidden=\"true\" focusable=\"false\"><path d=\"M12 2C6.5 2 2 6.5 2 12c0 5 3.7 9.1 8.4 9.9v-7H7.9V12h2.5V9.8c0-2.5 1.5-3.9 3.8-3.9 1.1 0 2.2.2 2.2.2v2.5h-1.3c-1.2 0-1.6.8-1.6 1.6V12h2.8l-.4 2.9h-2.3v7C18.3 21.1 22 17 22 12c0-5.5-4.5-10-10-10z\"><\/path><\/svg><span class=\"wp-block-social-link-label screen-reader-text\">Facebook<\/span><\/a><\/li>\n\n<li class=\"wp-social-link wp-social-link-instagram  wp-block-social-link\"><a href=\"https:\/\/www.instagram.com\/meenzer_on_tour\/\" class=\"wp-block-social-link-anchor\"><svg width=\"24\" height=\"24\" viewBox=\"0 0 24 24\" version=\"1.1\" xmlns=\"http:\/\/www.w3.org\/2000\/svg\" aria-hidden=\"true\" focusable=\"false\"><path d=\"M12,4.622c2.403,0,2.688,0.009,3.637,0.052c0.877,0.04,1.354,0.187,1.671,0.31c0.42,0.163,0.72,0.358,1.035,0.673 c0.315,0.315,0.51,0.615,0.673,1.035c0.123,0.317,0.27,0.794,0.31,1.671c0.043,0.949,0.052,1.234,0.052,3.637 s-0.009,2.688-0.052,3.637c-0.04,0.877-0.187,1.354-0.31,1.671c-0.163,0.42-0.358,0.72-0.673,1.035 c-0.315,0.315-0.615,0.51-1.035,0.673c-0.317,0.123-0.794,0.27-1.671,0.31c-0.949,0.043-1.233,0.052-3.637,0.052 s-2.688-0.009-3.637-0.052c-0.877-0.04-1.354-0.187-1.671-0.31c-0.42-0.163-0.72-0.358-1.035-0.673 c-0.315-0.315-0.51-0.615-0.673-1.035c-0.123-0.317-0.27-0.794-0.31-1.671C4.631,14.688,4.622,14.403,4.622,12 s0.009-2.688,0.052-3.637c0.04-0.877,0.187-1.354,0.31-1.671c0.163-0.42,0.358-0.72,0.673-1.035 c0.315-0.315,0.615-0.51,1.035-0.673c0.317-0.123,0.794-0.27,1.671-0.31C9.312,4.631,9.597,4.622,12,4.622 M12,3 C9.556,3,9.249,3.01,8.289,3.054C7.331,3.098,6.677,3.25,6.105,3.472C5.513,3.702,5.011,4.01,4.511,4.511 c-0.5,0.5-0.808,1.002-1.038,1.594C3.25,6.677,3.098,7.331,3.054,8.289C3.01,9.249,3,9.556,3,12c0,2.444,0.01,2.751,0.054,3.711 c0.044,0.958,0.196,1.612,0.418,2.185c0.23,0.592,0.538,1.094,1.038,1.594c0.5,0.5,1.002,0.808,1.594,1.038 c0.572,0.222,1.227,0.375,2.185,0.418C9.249,20.99,9.556,21,12,21s2.751-0.01,3.711-0.054c0.958-0.044,1.612-0.196,2.185-0.418 c0.592-0.23,1.094-0.538,1.594-1.038c0.5-0.5,0.808-1.002,1.038-1.594c0.222-0.572,0.375-1.227,0.418-2.185 C20.99,14.751,21,14.444,21,12s-0.01-2.751-0.054-3.711c-0.044-0.958-0.196-1.612-0.418-2.185c-0.23-0.592-0.538-1.094-1.038-1.594 c-0.5-0.5-1.002-0.808-1.594-1.038c-0.572-0.222-1.227-0.375-2.185-0.418C14.751,3.01,14.444,3,12,3L12,3z M12,7.378 c-2.552,0-4.622,2.069-4.622,4.622S9.448,16.622,12,16.622s4.622-2.069,4.622-4.622S14.552,7.378,12,7.378z M12,15 c-1.657,0-3-1.343-3-3s1.343-3,3-3s3,1.343,3,3S13.657,15,12,15z M16.804,6.116c-0.596,0-1.08,0.484-1.08,1.08 s0.484,1.08,1.08,1.08c0.596,0,1.08-0.484,1.08-1.08S17.401,6.116,16.804,6.116z\"><\/path><\/svg><span class=\"wp-block-social-link-label screen-reader-text\">Instagram<\/span><\/a><\/li>\n\n<li class=\"wp-social-link wp-social-link-twitter  wp-block-social-link\"><a href=\"https:\/\/twitter.com\/meenzer_on_tour\" class=\"wp-block-social-link-anchor\"><svg width=\"24\" height=\"24\" viewBox=\"0 0 24 24\" version=\"1.1\" xmlns=\"http:\/\/www.w3.org\/2000\/svg\" aria-hidden=\"true\" focusable=\"false\"><path d=\"M22.23,5.924c-0.736,0.326-1.527,0.547-2.357,0.646c0.847-0.508,1.498-1.312,1.804-2.27 c-0.793,0.47-1.671,0.812-2.606,0.996C18.324,4.498,17.257,4,16.077,4c-2.266,0-4.103,1.837-4.103,4.103 c0,0.322,0.036,0.635,0.106,0.935C8.67,8.867,5.647,7.234,3.623,4.751C3.27,5.357,3.067,6.062,3.067,6.814 c0,1.424,0.724,2.679,1.825,3.415c-0.673-0.021-1.305-0.206-1.859-0.513c0,0.017,0,0.034,0,0.052c0,1.988,1.414,3.647,3.292,4.023 c-0.344,0.094-0.707,0.144-1.081,0.144c-0.264,0-0.521-0.026-0.772-0.074c0.522,1.63,2.038,2.816,3.833,2.85 c-1.404,1.1-3.174,1.756-5.096,1.756c-0.331,0-0.658-0.019-0.979-0.057c1.816,1.164,3.973,1.843,6.29,1.843 c7.547,0,11.675-6.252,11.675-11.675c0-0.178-0.004-0.355-0.012-0.531C20.985,7.47,21.68,6.747,22.23,5.924z\"><\/path><\/svg><span class=\"wp-block-social-link-label screen-reader-text\">Twitter<\/span><\/a><\/li>\n\n<\/ul>\n\n\n\n<p><\/p>\n","protected":false},"excerpt":{"rendered":"<p>In Deutschland endlich einmal irgendwo anders als in den eigenen vier W\u00e4nden die Seele baumeln lassen? Das war seit Anfang November ein Ding der Unm\u00f6glichkeit und zwar in allen Bundesl\u00e4ndern. Doch Mitten in der dritten Welle der Pandemie tat sich pl\u00f6tzlich etwas, zu einem Zeitpunkt, an dem es gerade so schien, als sei das Licht &hellip; <\/p>\n<p class=\"link-more\"><a href=\"https:\/\/www.meenzer-on-tour.de\/blog\/aus-dem-test-wird-ein-fest\/\" class=\"more-link\"><span class=\"screen-reader-text\">\u201eAus dem Test wird ein Fest\u201c <\/span>weiterlesen<\/a><\/p>\n","protected":false},"author":1,"featured_media":0,"comment_status":"closed","ping_status":"open","sticky":false,"template":"","format":"standard","meta":{"footnotes":""},"categories":[313,88,87],"tags":[276,265,90,89,275,314,164],"class_list":["post-1497","post","type-post","status-publish","format-standard","hentry","category-deutschland","category-reiseberichte","category-reisen","tag-corona-reisen","tag-deutschland","tag-reiseberichte","tag-reisen","tag-reisen-in-der-pandemie","tag-schleswig-holstein","tag-wanderreise"],"yoast_head":"<!-- This site is optimized with the Yoast SEO plugin v27.5 - https:\/\/yoast.com\/product\/yoast-seo-wordpress\/ -->\n<title>Aus dem Test wird ein Fest - Meenzer on Tour Blog<\/title>\n<meta name=\"robots\" content=\"index, follow, max-snippet:-1, max-image-preview:large, max-video-preview:-1\" \/>\n<link rel=\"canonical\" href=\"https:\/\/www.meenzer-on-tour.de\/blog\/aus-dem-test-wird-ein-fest\/\" \/>\n<meta property=\"og:locale\" content=\"de_DE\" \/>\n<meta property=\"og:type\" content=\"article\" \/>\n<meta property=\"og:title\" content=\"Aus dem Test wird ein Fest - Meenzer on Tour Blog\" \/>\n<meta property=\"og:description\" content=\"In Deutschland endlich einmal irgendwo anders als in den eigenen vier W\u00e4nden die Seele baumeln lassen? Das war seit Anfang November ein Ding der Unm\u00f6glichkeit und zwar in allen Bundesl\u00e4ndern. Doch Mitten in der dritten Welle der Pandemie tat sich pl\u00f6tzlich etwas, zu einem Zeitpunkt, an dem es gerade so schien, als sei das Licht &hellip; \u201eAus dem Test wird ein Fest\u201c weiterlesen\" \/>\n<meta property=\"og:url\" content=\"https:\/\/www.meenzer-on-tour.de\/blog\/aus-dem-test-wird-ein-fest\/\" \/>\n<meta property=\"og:site_name\" content=\"Meenzer on Tour Blog\" \/>\n<meta property=\"article:published_time\" content=\"2021-05-23T09:37:43+00:00\" \/>\n<meta property=\"article:modified_time\" content=\"2021-05-24T06:03:29+00:00\" \/>\n<meta property=\"og:image\" content=\"https:\/\/www.meenzer-on-tour.de\/blog\/wp-content\/uploads\/2021\/05\/AGKB55481-1024x768.jpeg\" \/>\n<meta name=\"author\" content=\"Christoph\" \/>\n<meta name=\"twitter:card\" content=\"summary_large_image\" \/>\n<meta name=\"twitter:label1\" content=\"Verfasst von\" \/>\n\t<meta name=\"twitter:data1\" content=\"Christoph\" \/>\n\t<meta name=\"twitter:label2\" content=\"Gesch\u00e4tzte Lesezeit\" \/>\n\t<meta name=\"twitter:data2\" content=\"25\u00a0Minuten\" \/>\n<script type=\"application\/ld+json\" class=\"yoast-schema-graph\">{\"@context\":\"https:\\\/\\\/schema.org\",\"@graph\":[{\"@type\":\"Article\",\"@id\":\"https:\\\/\\\/www.meenzer-on-tour.de\\\/blog\\\/aus-dem-test-wird-ein-fest\\\/#article\",\"isPartOf\":{\"@id\":\"https:\\\/\\\/www.meenzer-on-tour.de\\\/blog\\\/aus-dem-test-wird-ein-fest\\\/\"},\"author\":{\"name\":\"Christoph\",\"@id\":\"https:\\\/\\\/www.meenzer-on-tour.de\\\/blog\\\/#\\\/schema\\\/person\\\/e8a97e9efa1062d69a2cbb01f96b919f\"},\"headline\":\"Aus dem Test wird ein Fest\",\"datePublished\":\"2021-05-23T09:37:43+00:00\",\"dateModified\":\"2021-05-24T06:03:29+00:00\",\"mainEntityOfPage\":{\"@id\":\"https:\\\/\\\/www.meenzer-on-tour.de\\\/blog\\\/aus-dem-test-wird-ein-fest\\\/\"},\"wordCount\":5017,\"publisher\":{\"@id\":\"https:\\\/\\\/www.meenzer-on-tour.de\\\/blog\\\/#\\\/schema\\\/person\\\/e8a97e9efa1062d69a2cbb01f96b919f\"},\"image\":{\"@id\":\"https:\\\/\\\/www.meenzer-on-tour.de\\\/blog\\\/aus-dem-test-wird-ein-fest\\\/#primaryimage\"},\"thumbnailUrl\":\"https:\\\/\\\/www.meenzer-on-tour.de\\\/blog\\\/wp-content\\\/uploads\\\/2021\\\/05\\\/AGKB55481-1024x768.jpeg\",\"keywords\":[\"Corona Reisen\",\"Deutschland\",\"Reiseberichte\",\"Reisen\",\"Reisen in der Pandemie\",\"Schleswig-Holstein\",\"Wanderreise\"],\"articleSection\":[\"Deutschland\",\"Reiseberichte\",\"Reisen\"],\"inLanguage\":\"de\"},{\"@type\":\"WebPage\",\"@id\":\"https:\\\/\\\/www.meenzer-on-tour.de\\\/blog\\\/aus-dem-test-wird-ein-fest\\\/\",\"url\":\"https:\\\/\\\/www.meenzer-on-tour.de\\\/blog\\\/aus-dem-test-wird-ein-fest\\\/\",\"name\":\"Aus dem Test wird ein Fest - Meenzer on Tour Blog\",\"isPartOf\":{\"@id\":\"https:\\\/\\\/www.meenzer-on-tour.de\\\/blog\\\/#website\"},\"primaryImageOfPage\":{\"@id\":\"https:\\\/\\\/www.meenzer-on-tour.de\\\/blog\\\/aus-dem-test-wird-ein-fest\\\/#primaryimage\"},\"image\":{\"@id\":\"https:\\\/\\\/www.meenzer-on-tour.de\\\/blog\\\/aus-dem-test-wird-ein-fest\\\/#primaryimage\"},\"thumbnailUrl\":\"https:\\\/\\\/www.meenzer-on-tour.de\\\/blog\\\/wp-content\\\/uploads\\\/2021\\\/05\\\/AGKB55481-1024x768.jpeg\",\"datePublished\":\"2021-05-23T09:37:43+00:00\",\"dateModified\":\"2021-05-24T06:03:29+00:00\",\"breadcrumb\":{\"@id\":\"https:\\\/\\\/www.meenzer-on-tour.de\\\/blog\\\/aus-dem-test-wird-ein-fest\\\/#breadcrumb\"},\"inLanguage\":\"de\",\"potentialAction\":[{\"@type\":\"ReadAction\",\"target\":[\"https:\\\/\\\/www.meenzer-on-tour.de\\\/blog\\\/aus-dem-test-wird-ein-fest\\\/\"]}]},{\"@type\":\"ImageObject\",\"inLanguage\":\"de\",\"@id\":\"https:\\\/\\\/www.meenzer-on-tour.de\\\/blog\\\/aus-dem-test-wird-ein-fest\\\/#primaryimage\",\"url\":\"https:\\\/\\\/www.meenzer-on-tour.de\\\/blog\\\/wp-content\\\/uploads\\\/2021\\\/05\\\/AGKB55481-1024x768.jpeg\",\"contentUrl\":\"https:\\\/\\\/www.meenzer-on-tour.de\\\/blog\\\/wp-content\\\/uploads\\\/2021\\\/05\\\/AGKB55481-1024x768.jpeg\"},{\"@type\":\"BreadcrumbList\",\"@id\":\"https:\\\/\\\/www.meenzer-on-tour.de\\\/blog\\\/aus-dem-test-wird-ein-fest\\\/#breadcrumb\",\"itemListElement\":[{\"@type\":\"ListItem\",\"position\":1,\"name\":\"Startseite\",\"item\":\"https:\\\/\\\/www.meenzer-on-tour.de\\\/blog\\\/\"},{\"@type\":\"ListItem\",\"position\":2,\"name\":\"Aus dem Test wird ein Fest\"}]},{\"@type\":\"WebSite\",\"@id\":\"https:\\\/\\\/www.meenzer-on-tour.de\\\/blog\\\/#website\",\"url\":\"https:\\\/\\\/www.meenzer-on-tour.de\\\/blog\\\/\",\"name\":\"Meenzer on Tour Blog\",\"description\":\"Reisen - Fankultur - B&uuml;cher - Mainz\",\"publisher\":{\"@id\":\"https:\\\/\\\/www.meenzer-on-tour.de\\\/blog\\\/#\\\/schema\\\/person\\\/e8a97e9efa1062d69a2cbb01f96b919f\"},\"potentialAction\":[{\"@type\":\"SearchAction\",\"target\":{\"@type\":\"EntryPoint\",\"urlTemplate\":\"https:\\\/\\\/www.meenzer-on-tour.de\\\/blog\\\/?s={search_term_string}\"},\"query-input\":{\"@type\":\"PropertyValueSpecification\",\"valueRequired\":true,\"valueName\":\"search_term_string\"}}],\"inLanguage\":\"de\"},{\"@type\":[\"Person\",\"Organization\"],\"@id\":\"https:\\\/\\\/www.meenzer-on-tour.de\\\/blog\\\/#\\\/schema\\\/person\\\/e8a97e9efa1062d69a2cbb01f96b919f\",\"name\":\"Christoph\",\"image\":{\"@type\":\"ImageObject\",\"inLanguage\":\"de\",\"@id\":\"https:\\\/\\\/www.meenzer-on-tour.de\\\/blog\\\/wp-content\\\/uploads\\\/2021\\\/08\\\/A107190A-FC35-48EA-8B44-CF4EB9117345.jpeg\",\"url\":\"https:\\\/\\\/www.meenzer-on-tour.de\\\/blog\\\/wp-content\\\/uploads\\\/2021\\\/08\\\/A107190A-FC35-48EA-8B44-CF4EB9117345.jpeg\",\"contentUrl\":\"https:\\\/\\\/www.meenzer-on-tour.de\\\/blog\\\/wp-content\\\/uploads\\\/2021\\\/08\\\/A107190A-FC35-48EA-8B44-CF4EB9117345.jpeg\",\"width\":2000,\"height\":1200,\"caption\":\"Christoph\"},\"logo\":{\"@id\":\"https:\\\/\\\/www.meenzer-on-tour.de\\\/blog\\\/wp-content\\\/uploads\\\/2021\\\/08\\\/A107190A-FC35-48EA-8B44-CF4EB9117345.jpeg\"},\"url\":\"https:\\\/\\\/www.meenzer-on-tour.de\\\/blog\\\/author\\\/admin\\\/\"}]}<\/script>\n<!-- \/ Yoast SEO plugin. -->","yoast_head_json":{"title":"Aus dem Test wird ein Fest - Meenzer on Tour Blog","robots":{"index":"index","follow":"follow","max-snippet":"max-snippet:-1","max-image-preview":"max-image-preview:large","max-video-preview":"max-video-preview:-1"},"canonical":"https:\/\/www.meenzer-on-tour.de\/blog\/aus-dem-test-wird-ein-fest\/","og_locale":"de_DE","og_type":"article","og_title":"Aus dem Test wird ein Fest - Meenzer on Tour Blog","og_description":"In Deutschland endlich einmal irgendwo anders als in den eigenen vier W\u00e4nden die Seele baumeln lassen? Das war seit Anfang November ein Ding der Unm\u00f6glichkeit und zwar in allen Bundesl\u00e4ndern. Doch Mitten in der dritten Welle der Pandemie tat sich pl\u00f6tzlich etwas, zu einem Zeitpunkt, an dem es gerade so schien, als sei das Licht &hellip; \u201eAus dem Test wird ein Fest\u201c weiterlesen","og_url":"https:\/\/www.meenzer-on-tour.de\/blog\/aus-dem-test-wird-ein-fest\/","og_site_name":"Meenzer on Tour Blog","article_published_time":"2021-05-23T09:37:43+00:00","article_modified_time":"2021-05-24T06:03:29+00:00","og_image":[{"url":"https:\/\/www.meenzer-on-tour.de\/blog\/wp-content\/uploads\/2021\/05\/AGKB55481-1024x768.jpeg","type":"","width":"","height":""}],"author":"Christoph","twitter_card":"summary_large_image","twitter_misc":{"Verfasst von":"Christoph","Gesch\u00e4tzte Lesezeit":"25\u00a0Minuten"},"schema":{"@context":"https:\/\/schema.org","@graph":[{"@type":"Article","@id":"https:\/\/www.meenzer-on-tour.de\/blog\/aus-dem-test-wird-ein-fest\/#article","isPartOf":{"@id":"https:\/\/www.meenzer-on-tour.de\/blog\/aus-dem-test-wird-ein-fest\/"},"author":{"name":"Christoph","@id":"https:\/\/www.meenzer-on-tour.de\/blog\/#\/schema\/person\/e8a97e9efa1062d69a2cbb01f96b919f"},"headline":"Aus dem Test wird ein Fest","datePublished":"2021-05-23T09:37:43+00:00","dateModified":"2021-05-24T06:03:29+00:00","mainEntityOfPage":{"@id":"https:\/\/www.meenzer-on-tour.de\/blog\/aus-dem-test-wird-ein-fest\/"},"wordCount":5017,"publisher":{"@id":"https:\/\/www.meenzer-on-tour.de\/blog\/#\/schema\/person\/e8a97e9efa1062d69a2cbb01f96b919f"},"image":{"@id":"https:\/\/www.meenzer-on-tour.de\/blog\/aus-dem-test-wird-ein-fest\/#primaryimage"},"thumbnailUrl":"https:\/\/www.meenzer-on-tour.de\/blog\/wp-content\/uploads\/2021\/05\/AGKB55481-1024x768.jpeg","keywords":["Corona Reisen","Deutschland","Reiseberichte","Reisen","Reisen in der Pandemie","Schleswig-Holstein","Wanderreise"],"articleSection":["Deutschland","Reiseberichte","Reisen"],"inLanguage":"de"},{"@type":"WebPage","@id":"https:\/\/www.meenzer-on-tour.de\/blog\/aus-dem-test-wird-ein-fest\/","url":"https:\/\/www.meenzer-on-tour.de\/blog\/aus-dem-test-wird-ein-fest\/","name":"Aus dem Test wird ein Fest - Meenzer on Tour Blog","isPartOf":{"@id":"https:\/\/www.meenzer-on-tour.de\/blog\/#website"},"primaryImageOfPage":{"@id":"https:\/\/www.meenzer-on-tour.de\/blog\/aus-dem-test-wird-ein-fest\/#primaryimage"},"image":{"@id":"https:\/\/www.meenzer-on-tour.de\/blog\/aus-dem-test-wird-ein-fest\/#primaryimage"},"thumbnailUrl":"https:\/\/www.meenzer-on-tour.de\/blog\/wp-content\/uploads\/2021\/05\/AGKB55481-1024x768.jpeg","datePublished":"2021-05-23T09:37:43+00:00","dateModified":"2021-05-24T06:03:29+00:00","breadcrumb":{"@id":"https:\/\/www.meenzer-on-tour.de\/blog\/aus-dem-test-wird-ein-fest\/#breadcrumb"},"inLanguage":"de","potentialAction":[{"@type":"ReadAction","target":["https:\/\/www.meenzer-on-tour.de\/blog\/aus-dem-test-wird-ein-fest\/"]}]},{"@type":"ImageObject","inLanguage":"de","@id":"https:\/\/www.meenzer-on-tour.de\/blog\/aus-dem-test-wird-ein-fest\/#primaryimage","url":"https:\/\/www.meenzer-on-tour.de\/blog\/wp-content\/uploads\/2021\/05\/AGKB55481-1024x768.jpeg","contentUrl":"https:\/\/www.meenzer-on-tour.de\/blog\/wp-content\/uploads\/2021\/05\/AGKB55481-1024x768.jpeg"},{"@type":"BreadcrumbList","@id":"https:\/\/www.meenzer-on-tour.de\/blog\/aus-dem-test-wird-ein-fest\/#breadcrumb","itemListElement":[{"@type":"ListItem","position":1,"name":"Startseite","item":"https:\/\/www.meenzer-on-tour.de\/blog\/"},{"@type":"ListItem","position":2,"name":"Aus dem Test wird ein Fest"}]},{"@type":"WebSite","@id":"https:\/\/www.meenzer-on-tour.de\/blog\/#website","url":"https:\/\/www.meenzer-on-tour.de\/blog\/","name":"Meenzer on Tour Blog","description":"Reisen - Fankultur - B&uuml;cher - Mainz","publisher":{"@id":"https:\/\/www.meenzer-on-tour.de\/blog\/#\/schema\/person\/e8a97e9efa1062d69a2cbb01f96b919f"},"potentialAction":[{"@type":"SearchAction","target":{"@type":"EntryPoint","urlTemplate":"https:\/\/www.meenzer-on-tour.de\/blog\/?s={search_term_string}"},"query-input":{"@type":"PropertyValueSpecification","valueRequired":true,"valueName":"search_term_string"}}],"inLanguage":"de"},{"@type":["Person","Organization"],"@id":"https:\/\/www.meenzer-on-tour.de\/blog\/#\/schema\/person\/e8a97e9efa1062d69a2cbb01f96b919f","name":"Christoph","image":{"@type":"ImageObject","inLanguage":"de","@id":"https:\/\/www.meenzer-on-tour.de\/blog\/wp-content\/uploads\/2021\/08\/A107190A-FC35-48EA-8B44-CF4EB9117345.jpeg","url":"https:\/\/www.meenzer-on-tour.de\/blog\/wp-content\/uploads\/2021\/08\/A107190A-FC35-48EA-8B44-CF4EB9117345.jpeg","contentUrl":"https:\/\/www.meenzer-on-tour.de\/blog\/wp-content\/uploads\/2021\/08\/A107190A-FC35-48EA-8B44-CF4EB9117345.jpeg","width":2000,"height":1200,"caption":"Christoph"},"logo":{"@id":"https:\/\/www.meenzer-on-tour.de\/blog\/wp-content\/uploads\/2021\/08\/A107190A-FC35-48EA-8B44-CF4EB9117345.jpeg"},"url":"https:\/\/www.meenzer-on-tour.de\/blog\/author\/admin\/"}]}},"_links":{"self":[{"href":"https:\/\/www.meenzer-on-tour.de\/blog\/wp-json\/wp\/v2\/posts\/1497","targetHints":{"allow":["GET"]}}],"collection":[{"href":"https:\/\/www.meenzer-on-tour.de\/blog\/wp-json\/wp\/v2\/posts"}],"about":[{"href":"https:\/\/www.meenzer-on-tour.de\/blog\/wp-json\/wp\/v2\/types\/post"}],"author":[{"embeddable":true,"href":"https:\/\/www.meenzer-on-tour.de\/blog\/wp-json\/wp\/v2\/users\/1"}],"replies":[{"embeddable":true,"href":"https:\/\/www.meenzer-on-tour.de\/blog\/wp-json\/wp\/v2\/comments?post=1497"}],"version-history":[{"count":8,"href":"https:\/\/www.meenzer-on-tour.de\/blog\/wp-json\/wp\/v2\/posts\/1497\/revisions"}],"predecessor-version":[{"id":1518,"href":"https:\/\/www.meenzer-on-tour.de\/blog\/wp-json\/wp\/v2\/posts\/1497\/revisions\/1518"}],"wp:attachment":[{"href":"https:\/\/www.meenzer-on-tour.de\/blog\/wp-json\/wp\/v2\/media?parent=1497"}],"wp:term":[{"taxonomy":"category","embeddable":true,"href":"https:\/\/www.meenzer-on-tour.de\/blog\/wp-json\/wp\/v2\/categories?post=1497"},{"taxonomy":"post_tag","embeddable":true,"href":"https:\/\/www.meenzer-on-tour.de\/blog\/wp-json\/wp\/v2\/tags?post=1497"}],"curies":[{"name":"wp","href":"https:\/\/api.w.org\/{rel}","templated":true}]}}